{"id":17632,"date":"2025-12-15T13:17:05","date_gmt":"2025-12-15T12:17:05","guid":{"rendered":"https:\/\/serveiseducatius.xtec.cat\/lescorts\/?p=17632"},"modified":"2025-12-15T13:19:44","modified_gmt":"2025-12-15T12:19:44","slug":"de-gos-com-fuig","status":"publish","type":"post","link":"https:\/\/serveiseducatius.xtec.cat\/lescorts\/portada\/de-gos-com-fuig\/","title":{"rendered":"De gos com fuig"},"content":{"rendered":"\n<figure class=\"wp-block-image aligncenter size-full is-resized\"><a href=\"https:\/\/serveiseducatius.xtec.cat\/lescorts\/wp-content\/uploads\/usu1169\/2025\/12\/de-gos-com-fuig.jpg\"><img loading=\"lazy\" decoding=\"async\" width=\"1024\" height=\"848\" src=\"https:\/\/serveiseducatius.xtec.cat\/lescorts\/wp-content\/uploads\/usu1169\/2025\/12\/de-gos-com-fuig.jpg\" alt=\"\" class=\"wp-image-17633\" style=\"width:245px;height:auto\" srcset=\"https:\/\/serveiseducatius.xtec.cat\/lescorts\/wp-content\/uploads\/usu1169\/2025\/12\/de-gos-com-fuig.jpg 1024w, https:\/\/serveiseducatius.xtec.cat\/lescorts\/wp-content\/uploads\/usu1169\/2025\/12\/de-gos-com-fuig-300x248.jpg 300w, https:\/\/serveiseducatius.xtec.cat\/lescorts\/wp-content\/uploads\/usu1169\/2025\/12\/de-gos-com-fuig-768x636.jpg 768w\" sizes=\"auto, (max-width: 1024px) 100vw, 1024px\" \/><\/a><\/figure>\n\n\n\n<p><em><strong>De gos com fuig<\/strong><\/em>&nbsp;\u00e9s un joc dissenyat per l\u2019artista Alexander Arilla que convida a posar en pr\u00e0ctica l&#8217;<strong>associaci\u00f3 lliure entre imatges i text<\/strong>. Seguint les passes de Brossa, aquest joc combina una <strong>perspectiva po\u00e8tica<\/strong> vers l\u2019imaginari quotidi\u00e0, la relaci\u00f3 entre elements com a pr\u00e0ctica art\u00edstica i la llengua catalana com a material viu.<\/p>\n\n\n\n<p>M\u00e9s informaci\u00f3 al seg\u00fcent&nbsp;<a href=\"https:\/\/fundaciojoanbrossa.cat\/educacio\/jocs-pedagogics\/de-gos-com-fuig\/\" data-type=\"link\" data-id=\"https:\/\/fundaciojoanbrossa.cat\/educacio\/jocs-pedagogics\/de-gos-com-fuig\/\">ENLLA\u00c7<\/a>.<\/p>\n\n\n\n<p>El podeu demanar en pr\u00e9stec, enviant un correu a&nbsp;<strong>crp-lescorts@xtec.cat<\/strong><\/p>\n","protected":false},"excerpt":{"rendered":"<p>De gos com fuig&nbsp;\u00e9s un joc dissenyat per l\u2019artista Alexander Arilla que convida a posar en pr\u00e0ctica l&#8217;associaci\u00f3 lliure entre imatges i text. Seguint les passes de Brossa, aquest joc combina una perspectiva po\u00e8tica vers l\u2019imaginari quotidi\u00e0, la relaci\u00f3 entre elements com a pr\u00e0ctica art\u00edstica i la llengua catalana com a material viu. M\u00e9s informaci\u00f3 [&hellip;]<\/p>\n","protected":false},"author":1,"featured_media":17633,"comment_status":"closed","ping_status":"open","sticky":false,"template":"","format":"standard","meta":{"_bbp_topic_count":0,"_bbp_reply_count":0,"_bbp_total_topic_count":0,"_bbp_total_reply_count":0,"_bbp_voice_count":0,"_bbp_anonymous_reply_count":0,"_bbp_topic_count_hidden":0,"_bbp_reply_count_hidden":0,"_bbp_forum_subforum_count":0,"site-sidebar-layout":"default","site-content-layout":"","ast-site-content-layout":"default","site-content-style":"default","site-sidebar-style":"default","ast-global-header-display":"","ast-banner-title-visibility":"","ast-main-header-display":"","ast-hfb-above-header-display":"","ast-hfb-below-header-display":"","ast-hfb-mobile-header-display":"","site-post-title":"","ast-breadcrumbs-content":"","ast-featured-img":"","footer-sml-layout":"","theme-transparent-header-meta":"","adv-header-id-meta":"","stick-header-meta":"","header-above-stick-meta":"","header-main-stick-meta":"","header-below-stick-meta":"","astra-migrate-meta-layouts":"set","ast-page-background-enabled":"default","ast-page-background-meta":{"desktop":{"background-color":"var(--ast-global-color-4)","background-image":"","background-repeat":"repeat","background-position":"center center","background-size":"auto","background-attachment":"scroll","background-type":"","background-media":"","overlay-type":"","overlay-color":"","overlay-opacity":"","overlay-gradient":""},"tablet":{"background-color":"","background-image":"","background-repeat":"repeat","background-position":"center center","background-size":"auto","background-attachment":"scroll","background-type":"","background-media":"","overlay-type":"","overlay-color":"","overlay-opacity":"","overlay-gradient":""},"mobile":{"background-color":"","background-image":"","background-repeat":"repeat","background-position":"center center","background-size":"auto","background-attachment":"scroll","background-type":"","background-media":"","overlay-type":"","overlay-color":"","overlay-opacity":"","overlay-gradient":""}},"ast-content-background-meta":{"desktop":{"background-color":"var(--ast-global-color-5)","background-image":"","background-repeat":"repeat","background-position":"center center","background-size":"auto","background-attachment":"scroll","background-type":"","background-media":"","overlay-type":"","overlay-color":"","overlay-opacity":"","overlay-gradient":""},"tablet":{"background-color":"var(--ast-global-color-5)","background-image":"","background-repeat":"repeat","background-position":"center center","background-size":"auto","background-attachment":"scroll","background-type":"","background-media":"","overlay-type":"","overlay-color":"","overlay-opacity":"","overlay-gradient":""},"mobile":{"background-color":"var(--ast-global-color-5)","background-image":"","background-repeat":"repeat","background-position":"center center","background-size":"auto","background-attachment":"scroll","background-type":"","background-media":"","overlay-type":"","overlay-color":"","overlay-opacity":"","overlay-gradient":""}},"footnotes":""},"categories":[285,29],"tags":[467],"class_list":["post-17632","post","type-post","status-publish","format-standard","has-post-thumbnail","hentry","category-biblioteca-escolar-2","category-portada","tag-poesia"],"post_mailing_queue_ids":[],"_links":{"self":[{"href":"https:\/\/serveiseducatius.xtec.cat\/lescorts\/wp-json\/wp\/v2\/posts\/17632","targetHints":{"allow":["GET"]}}],"collection":[{"href":"https:\/\/serveiseducatius.xtec.cat\/lescorts\/wp-json\/wp\/v2\/posts"}],"about":[{"href":"https:\/\/serveiseducatius.xtec.cat\/lescorts\/wp-json\/wp\/v2\/types\/post"}],"author":[{"embeddable":true,"href":"https:\/\/serveiseducatius.xtec.cat\/lescorts\/wp-json\/wp\/v2\/users\/1"}],"replies":[{"embeddable":true,"href":"https:\/\/serveiseducatius.xtec.cat\/lescorts\/wp-json\/wp\/v2\/comments?post=17632"}],"version-history":[{"count":2,"href":"https:\/\/serveiseducatius.xtec.cat\/lescorts\/wp-json\/wp\/v2\/posts\/17632\/revisions"}],"predecessor-version":[{"id":17635,"href":"https:\/\/serveiseducatius.xtec.cat\/lescorts\/wp-json\/wp\/v2\/posts\/17632\/revisions\/17635"}],"wp:featuredmedia":[{"embeddable":true,"href":"https:\/\/serveiseducatius.xtec.cat\/lescorts\/wp-json\/wp\/v2\/media\/17633"}],"wp:attachment":[{"href":"https:\/\/serveiseducatius.xtec.cat\/lescorts\/wp-json\/wp\/v2\/media?parent=17632"}],"wp:term":[{"taxonomy":"category","embeddable":true,"href":"https:\/\/serveiseducatius.xtec.cat\/lescorts\/wp-json\/wp\/v2\/categories?post=17632"},{"taxonomy":"post_tag","embeddable":true,"href":"https:\/\/serveiseducatius.xtec.cat\/lescorts\/wp-json\/wp\/v2\/tags?post=17632"}],"curies":[{"name":"wp","href":"https:\/\/api.w.org\/{rel}","templated":true}]}}