{"id":17580,"date":"2025-11-27T17:03:06","date_gmt":"2025-11-27T16:03:06","guid":{"rendered":"https:\/\/serveiseducatius.xtec.cat\/lescorts\/?p=17580"},"modified":"2025-12-03T23:01:05","modified_gmt":"2025-12-03T22:01:05","slug":"faqs-formacio-pfz","status":"publish","type":"post","link":"https:\/\/serveiseducatius.xtec.cat\/lescorts\/general\/faqs-formacio-pfz\/","title":{"rendered":"FAQs Formaci\u00f3 PFZ Les Corts"},"content":{"rendered":"\n<p class=\"has-vivid-red-color has-text-color has-link-color wp-elements-c9365267f914bd71ea50e5e539e3962b\"><\/p>\n\n\n\n<!DOCTYPE html>\n<html lang=\"ca\">\n<head>\n    <meta charset=\"UTF-8\">\n    <meta name=\"viewport\" content=\"width=device-width, initial-scale=1.0\">\n    <title>FAQs Formaci\u00f3 &#8211; SE Les Corts<\/title>\n    <!-- Tailwind CSS per a estils r\u00e0pids i nets -->\n    <script src=\"https:\/\/cdn.tailwindcss.com\"><\/script>\n    <!-- Icones Lucide -->\n    <script src=\"https:\/\/unpkg.com\/lucide@latest\"><\/script>\n    <style>\n        \/* Estils personalitzats per a la transici\u00f3 de l'acordi\u00f3 *\/\n        .accordion-content {\n            transition: max-height 0.3s ease-in-out, opacity 0.3s ease-in-out;\n            max-height: 0;\n            opacity: 0;\n            overflow: hidden;\n        }\n        .accordion-content.active {\n            opacity: 1;\n        }\n        \/* Rotaci\u00f3 de la icona *\/\n        .accordion-icon {\n            transition: transform 0.3s ease;\n        }\n        .accordion-btn[aria-expanded=\"true\"] .accordion-icon {\n            transform: rotate(180deg);\n        }\n        body {\n            font-family: 'Segoe UI', Roboto, Helvetica, Arial, sans-serif;\n            background-color: transparent; \/* Transparent per si s'incrusta sense fons *\/\n        }\n    <\/style>\n<\/head>\n<body class=\"bg-gray-50 p-4 sm:p-6\">\n\n    <div class=\"max-w-3xl mx-auto bg-white rounded-lg shadow-md overflow-hidden border border-gray-200\">\n        \n        <!-- Cap\u00e7alera -->\n        <div class=\"bg-[#00688B] p-6 text-white\">\n            <h2 class=\"text-2xl font-bold flex items-center gap-2\">\n                <i data-lucide=\"graduation-cap\" class=\"w-8 h-8\"><\/i>\n                Formaci\u00f3 &#8211; SE Les Corts\n            <\/h2>\n            <p class=\"mt-2 text-blue-100 text-sm\">Preguntes freq\u00fcents sobre el Pla de Formaci\u00f3 de Zona (PFZ), modalitats i certificaci\u00f3.<\/p>\n        <\/div>\n\n        <!-- Contenidor Acordi\u00f3 -->\n        <div class=\"p-4 sm:p-6 space-y-4\">\n\n            <!-- Pregunta 1 -->\n            <div class=\"border border-gray-200 rounded-lg\">\n                <button class=\"accordion-btn w-full px-5 py-4 text-left bg-white hover:bg-gray-50 flex justify-between items-center focus:outline-none\" aria-expanded=\"false\" onclick=\"toggleAccordion(this)\">\n                    <span class=\"font-semibold text-gray-800\">Qu\u00e8 \u00e9s el Pla de Formaci\u00f3 de Zona (PFZ)?<\/span>\n                    <i data-lucide=\"chevron-down\" class=\"accordion-icon w-5 h-5 text-gray-500\"><\/i>\n                <\/button>\n                <div class=\"accordion-content bg-white px-5\">\n                    <div class=\"pb-4 text-gray-600 text-sm leading-relaxed border-t border-gray-100 pt-3\">\n                        El PFZ \u00e9s la planificaci\u00f3 anual de la formaci\u00f3 permanent del professorat a l&#8217;\u00e0mbit del Servei Educatiu de Les Corts. Inclou activitats de transfer\u00e8ncia a l&#8217;aula i al centre, organitzades per respondre a les necessitats educatives de la zona.\n                        <br><br>\n                        Pots consultar l&#8217;oferta d&#8217;activitats actuals i el calendari al web del SE Les Corts sota el men\u00fa <strong>Formaci\u00f3 > Pla de formaci\u00f3 de zona > Oferta d&#8217;activitats de zona<\/strong>.\n                    <\/div>\n                <\/div>\n            <\/div>\n\n            <!-- Pregunta 2 -->\n            <div class=\"border border-gray-200 rounded-lg\">\n                <button class=\"accordion-btn w-full px-5 py-4 text-left bg-white hover:bg-gray-50 flex justify-between items-center focus:outline-none\" aria-expanded=\"false\" onclick=\"toggleAccordion(this)\">\n                    <span class=\"font-semibold text-gray-800\">Quines modalitats de formaci\u00f3 hi ha?<\/span>\n                    <i data-lucide=\"chevron-down\" class=\"accordion-icon w-5 h-5 text-gray-500\"><\/i>\n                <\/button>\n                <div class=\"accordion-content bg-white px-5\">\n                    <div class=\"pb-4 text-gray-600 text-sm leading-relaxed border-t border-gray-100 pt-3\">\n                        Les activitats es classifiquen principalment en tres tipus:\n                        <ul class=\"list-disc list-inside mt-2 space-y-1 ml-2\">\n                            <li><strong>Formaci\u00f3 en centre:<\/strong> Assessoraments, Formaci\u00f3 Interna de Centre (FIC) i Tallers a centre. S&#8217;adrecen al claustre o equips docents del mateix centre.<\/li>\n                            <li><strong>Formaci\u00f3 per a centres:<\/strong> Seminaris de coordinaci\u00f3 i cursos per a equips directius o de centre.<\/li>\n                            <li><strong>Formaci\u00f3 individual:<\/strong> Cursos, tallers, seminaris, grups de treball i confer\u00e8ncies obertes a tot el professorat de la zona.<\/li>\n                        <\/ul>\n                    <\/div>\n                <\/div>\n            <\/div>\n\n            <!-- Pregunta 3 -->\n            <div class=\"border border-gray-200 rounded-lg\">\n                <button class=\"accordion-btn w-full px-5 py-4 text-left bg-white hover:bg-gray-50 flex justify-between items-center focus:outline-none\" aria-expanded=\"false\" onclick=\"toggleAccordion(this)\">\n                    <span class=\"font-semibold text-gray-800\">Com i quan puc fer la inscripci\u00f3?<\/span>\n                    <i data-lucide=\"chevron-down\" class=\"accordion-icon w-5 h-5 text-gray-500\"><\/i>\n                <\/button>\n                <div class=\"accordion-content bg-white px-5\">\n                    <div class=\"pb-4 text-gray-600 text-sm leading-relaxed border-t border-gray-100 pt-3\">\n                        Les inscripcions a les activitats del PFZ es realitzen telem\u00e0ticament a trav\u00e9s de l&#8217;aplicatiu de la XTEC. Hi ha dos torns principals d&#8217;inscripci\u00f3 durant el curs:\n                        <ul class=\"list-disc list-inside mt-2 mb-2 ml-2\">\n                            <li><strong>Primer torn:<\/strong> Habitualment al setembre.<\/li>\n                            <li><strong>Segon torn:<\/strong> Habitualment al gener.<\/li>\n<li><strong>Tercer torn:<\/strong> Habitualment al juliol.<\/li>\n                        <\/ul>\n                        \n                    <\/div>\n                <\/div>\n            <\/div>\n\n            <!-- Pregunta 4 -->\n            <div class=\"border border-gray-200 rounded-lg\">\n                <button class=\"accordion-btn w-full px-5 py-4 text-left bg-white hover:bg-gray-50 flex justify-between items-center focus:outline-none\" aria-expanded=\"false\" onclick=\"toggleAccordion(this)\">\n                    <span class=\"font-semibold text-gray-800\">Com funcionen els certificats?<\/span>\n                    <i data-lucide=\"chevron-down\" class=\"accordion-icon w-5 h-5 text-gray-500\"><\/i>\n                <\/button>\n                <div class=\"accordion-content bg-white px-5\">\n                    <div class=\"pb-4 text-gray-600 text-sm leading-relaxed border-t border-gray-100 pt-3\">\n                        Per obtenir la certificaci\u00f3 d&#8217;una activitat cal haver superat els requisits d&#8217;assist\u00e8ncia (m\u00ednim 80%) i aprofitament (tasques).\n                        <br><br>\n                        Els certificats es generen autom\u00e0ticament un cop tancada l&#8217;acta de l&#8217;activitat i es poden descarregar des de l&#8217;aplicatiu <strong>&#8220;La meva formaci\u00f3&#8221;<\/strong> (XTEC).\n                        \n                        <\/div>\n                    <\/div>\n                <\/div>\n            <\/div>\n\n        <!-- Peu de giny -->\n        <div class=\"bg-gray-100 p-4 border-t border-gray-200 text-center\">\n            <a href=\"https:\/\/serveiseducatius.xtec.cat\/lescorts\/formacio\/\" target=\"_blank\" class=\"inline-flex items-center text-sm font-medium text-[#00688B] hover:text-[#004d66] transition-colors\">\n                Veure tota la informaci\u00f3 al web\n                <i data-lucide=\"external-link\" class=\"w-3 h-3 ml-1\"><\/i>\n            <\/a>\n        <\/div>\n\n    <\/div>\n\n    <script>\n        \/\/ Inicialitza icones\n        lucide.createIcons();\n\n        \/\/ L\u00f2gica de l'acordi\u00f3\n        function toggleAccordion(button) {\n            const content = button.nextElementSibling;\n            const isExpanded = button.getAttribute('aria-expanded') === 'true';\n            \n            \/\/ Tancar tots els altres (opcional, si vols que nom\u00e9s se n'obri un a la vegada)\n            document.querySelectorAll('.accordion-btn').forEach(btn => {\n                if (btn !== button) {\n                    btn.setAttribute('aria-expanded', 'false');\n                    btn.nextElementSibling.style.maxHeight = null;\n                    btn.nextElementSibling.classList.remove('active');\n                }\n            });\n\n            \/\/ Toggle actual\n            button.setAttribute('aria-expanded', !isExpanded);\n            \n            if (!isExpanded) {\n                content.classList.add('active');\n                content.style.maxHeight = content.scrollHeight + \"px\";\n            } else {\n                content.classList.remove('active');\n                content.style.maxHeight = null;\n            }\n        }\n    <\/script>\n<\/body>\n<\/html>\n\n\n\n<p><\/p>\n","protected":false},"excerpt":{"rendered":"<p>FAQs Formaci\u00f3 &#8211; SE Les Corts Formaci\u00f3 &#8211; SE Les Corts Preguntes freq\u00fcents sobre el Pla de Formaci\u00f3 de Zona (PFZ), modalitats i certificaci\u00f3. Qu\u00e8 \u00e9s el Pla de Formaci\u00f3 de Zona (PFZ)? El PFZ \u00e9s la planificaci\u00f3 anual de la formaci\u00f3 permanent del professorat a l&#8217;\u00e0mbit del Servei Educatiu de Les Corts. Inclou activitats [&hellip;]<\/p>\n","protected":false},"author":1,"featured_media":0,"comment_status":"closed","ping_status":"open","sticky":false,"template":"","format":"standard","meta":{"_bbp_topic_count":0,"_bbp_reply_count":0,"_bbp_total_topic_count":0,"_bbp_total_reply_count":0,"_bbp_voice_count":0,"_bbp_anonymous_reply_count":0,"_bbp_topic_count_hidden":0,"_bbp_reply_count_hidden":0,"_bbp_forum_subforum_count":0,"site-sidebar-layout":"default","site-content-layout":"","ast-site-content-layout":"default","site-content-style":"default","site-sidebar-style":"default","ast-global-header-display":"","ast-banner-title-visibility":"","ast-main-header-display":"","ast-hfb-above-header-display":"","ast-hfb-below-header-display":"","ast-hfb-mobile-header-display":"","site-post-title":"","ast-breadcrumbs-content":"","ast-featured-img":"","footer-sml-layout":"","theme-transparent-header-meta":"","adv-header-id-meta":"","stick-header-meta":"","header-above-stick-meta":"","header-main-stick-meta":"","header-below-stick-meta":"","astra-migrate-meta-layouts":"set","ast-page-background-enabled":"default","ast-page-background-meta":{"desktop":{"background-color":"var(--ast-global-color-4)","background-image":"","background-repeat":"repeat","background-position":"center center","background-size":"auto","background-attachment":"scroll","background-type":"","background-media":"","overlay-type":"","overlay-color":"","overlay-opacity":"","overlay-gradient":""},"tablet":{"background-color":"","background-image":"","background-repeat":"repeat","background-position":"center center","background-size":"auto","background-attachment":"scroll","background-type":"","background-media":"","overlay-type":"","overlay-color":"","overlay-opacity":"","overlay-gradient":""},"mobile":{"background-color":"","background-image":"","background-repeat":"repeat","background-position":"center center","background-size":"auto","background-attachment":"scroll","background-type":"","background-media":"","overlay-type":"","overlay-color":"","overlay-opacity":"","overlay-gradient":""}},"ast-content-background-meta":{"desktop":{"background-color":"var(--ast-global-color-5)","background-image":"","background-repeat":"repeat","background-position":"center center","background-size":"auto","background-attachment":"scroll","background-type":"","background-media":"","overlay-type":"","overlay-color":"","overlay-opacity":"","overlay-gradient":""},"tablet":{"background-color":"var(--ast-global-color-5)","background-image":"","background-repeat":"repeat","background-position":"center center","background-size":"auto","background-attachment":"scroll","background-type":"","background-media":"","overlay-type":"","overlay-color":"","overlay-opacity":"","overlay-gradient":""},"mobile":{"background-color":"var(--ast-global-color-5)","background-image":"","background-repeat":"repeat","background-position":"center center","background-size":"auto","background-attachment":"scroll","background-type":"","background-media":"","overlay-type":"","overlay-color":"","overlay-opacity":"","overlay-gradient":""}},"footnotes":""},"categories":[1],"tags":[],"class_list":["post-17580","post","type-post","status-publish","format-standard","hentry","category-general"],"post_mailing_queue_ids":[],"_links":{"self":[{"href":"https:\/\/serveiseducatius.xtec.cat\/lescorts\/wp-json\/wp\/v2\/posts\/17580","targetHints":{"allow":["GET"]}}],"collection":[{"href":"https:\/\/serveiseducatius.xtec.cat\/lescorts\/wp-json\/wp\/v2\/posts"}],"about":[{"href":"https:\/\/serveiseducatius.xtec.cat\/lescorts\/wp-json\/wp\/v2\/types\/post"}],"author":[{"embeddable":true,"href":"https:\/\/serveiseducatius.xtec.cat\/lescorts\/wp-json\/wp\/v2\/users\/1"}],"replies":[{"embeddable":true,"href":"https:\/\/serveiseducatius.xtec.cat\/lescorts\/wp-json\/wp\/v2\/comments?post=17580"}],"version-history":[{"count":6,"href":"https:\/\/serveiseducatius.xtec.cat\/lescorts\/wp-json\/wp\/v2\/posts\/17580\/revisions"}],"predecessor-version":[{"id":17599,"href":"https:\/\/serveiseducatius.xtec.cat\/lescorts\/wp-json\/wp\/v2\/posts\/17580\/revisions\/17599"}],"wp:attachment":[{"href":"https:\/\/serveiseducatius.xtec.cat\/lescorts\/wp-json\/wp\/v2\/media?parent=17580"}],"wp:term":[{"taxonomy":"category","embeddable":true,"href":"https:\/\/serveiseducatius.xtec.cat\/lescorts\/wp-json\/wp\/v2\/categories?post=17580"},{"taxonomy":"post_tag","embeddable":true,"href":"https:\/\/serveiseducatius.xtec.cat\/lescorts\/wp-json\/wp\/v2\/tags?post=17580"}],"curies":[{"name":"wp","href":"https:\/\/api.w.org\/{rel}","templated":true}]}}