{"id":17436,"date":"2025-09-25T12:03:35","date_gmt":"2025-09-25T10:03:35","guid":{"rendered":"https:\/\/serveiseducatius.xtec.cat\/lescorts\/?p=17436"},"modified":"2025-09-25T12:03:36","modified_gmt":"2025-09-25T10:03:36","slug":"inscripcio-club-de-lectura-per-docents","status":"publish","type":"post","link":"https:\/\/serveiseducatius.xtec.cat\/lescorts\/general\/inscripcio-club-de-lectura-per-docents\/","title":{"rendered":"Inscripci\u00f3 Club de lectura per docents"},"content":{"rendered":"\n<figure class=\"wp-block-image aligncenter size-full\"><a href=\"https:\/\/serveiseducatius.xtec.cat\/lescorts\/wp-content\/uploads\/usu1169\/2025\/09\/club-de-lectura-docents.png\"><img loading=\"lazy\" decoding=\"async\" width=\"539\" height=\"401\" src=\"https:\/\/serveiseducatius.xtec.cat\/lescorts\/wp-content\/uploads\/usu1169\/2025\/09\/club-de-lectura-docents.png\" alt=\"\" class=\"wp-image-17437\" srcset=\"https:\/\/serveiseducatius.xtec.cat\/lescorts\/wp-content\/uploads\/usu1169\/2025\/09\/club-de-lectura-docents.png 539w, https:\/\/serveiseducatius.xtec.cat\/lescorts\/wp-content\/uploads\/usu1169\/2025\/09\/club-de-lectura-docents-300x223.png 300w\" sizes=\"auto, (max-width: 539px) 100vw, 539px\" \/><\/a><\/figure>\n\n\n\n<p>Gr\u00e0cies a la col\u00b7laboraci\u00f3 entre la Direcci\u00f3 d&#8217;Acci\u00f3 Cultural de Biblioteques de Barcelona, la\u00a0<a href=\"https:\/\/ajuntament.barcelona.cat\/biblioteques\/ca\/bibsagradafamilia\" target=\"_blank\" rel=\"noreferrer noopener\">Biblioteca Sagrada Fam\u00edlia &#8211; Josep M. Ainaud de Lasarte<\/a>\u00a0i el CRP Eixample<strong>\u00a0s&#8217;engeguen dos clubs de\u00a0lectura\u00a0de LIJ!<\/strong> Aquest clubs seran dinamitzats per professionals de la\u00a0<a href=\"https:\/\/www.tandemlij.cat\/\" target=\"_blank\" rel=\"noreferrer noopener\">cooperativa T\u00e0ndem.<\/a><\/p>\n\n\n\n<figure class=\"wp-block-table\"><table class=\"has-fixed-layout\"><tbody><tr><td><img loading=\"lazy\" decoding=\"async\" width=\"16\" height=\"16\" src=\"https:\/\/ci3.googleusercontent.com\/meips\/ADKq_NZEWkni9lMC8QaG4Ayce00D0oZHBVbg_pZDMF4Nf6OnAxw0ZrzyXg0ZZpolzpmfA-vas6mBYTV4ePAC8fWGtwE8b9IStNXOg1HA3fg4mR_QZQe_J9RMYzxy8z3bI3Q=s0-d-e1-ft#https:\/\/aplicacions.gestioeducativa.gencat.cat\/est\/gafadm\/img\/ins_ok.gif\" alt=\"Inscripci\u00f3 oberta\"> 1020101102<\/td><td><strong><a href=\"https:\/\/aplicacions.gestioeducativa.gencat.cat\/ords\/pls\/soloas\/pk_for_mod_ins.p_for_detall_activitat?p_header=Llista%20d%27activitats%5Epk_for_mod_ins.p_for_cons_activitats?p_crp=102%26p_any=2025-2026%26p_totes=S%26p_inici=1%26p_excloure_crp_rec=T&amp;p_codi=1020101102&amp;p_curs=2025-2026&amp;p_excloure_crp_rec=T\" target=\"_blank\" rel=\"noreferrer noopener\">Club&nbsp;de&nbsp;lectura&nbsp;per docents de 5\u00e8 i 6\u00e8 de prim\u00e0ria<\/a><\/strong><\/td><\/tr><tr><td><img loading=\"lazy\" decoding=\"async\" width=\"16\" height=\"16\" src=\"https:\/\/ci3.googleusercontent.com\/meips\/ADKq_NZEWkni9lMC8QaG4Ayce00D0oZHBVbg_pZDMF4Nf6OnAxw0ZrzyXg0ZZpolzpmfA-vas6mBYTV4ePAC8fWGtwE8b9IStNXOg1HA3fg4mR_QZQe_J9RMYzxy8z3bI3Q=s0-d-e1-ft#https:\/\/aplicacions.gestioeducativa.gencat.cat\/est\/gafadm\/img\/ins_ok.gif\" alt=\"Inscripci\u00f3 oberta\"> 1020111102<\/td><td><strong><a href=\"https:\/\/aplicacions.gestioeducativa.gencat.cat\/ords\/pls\/soloas\/pk_for_mod_ins.p_for_detall_activitat?p_header=Llista%20d%27activitats%5Epk_for_mod_ins.p_for_cons_activitats?p_crp=102%26p_any=2025-2026%26p_totes=S%26p_inici=1%26p_excloure_crp_rec=T&amp;p_codi=1020111102&amp;p_curs=2025-2026&amp;p_excloure_crp_rec=T\" target=\"_blank\" rel=\"noreferrer noopener\">Club\u00a0de\u00a0lectura\u00a0per docents de 1r i 2n d&#8217;ESO<\/a><\/strong><\/td><\/tr><\/tbody><\/table><\/figure>\n\n\n\n<p><\/p>\n","protected":false},"excerpt":{"rendered":"<p>Gr\u00e0cies a la col\u00b7laboraci\u00f3 entre la Direcci\u00f3 d&#8217;Acci\u00f3 Cultural de Biblioteques de Barcelona, la\u00a0Biblioteca Sagrada Fam\u00edlia &#8211; Josep M. Ainaud de Lasarte\u00a0i el CRP Eixample\u00a0s&#8217;engeguen dos clubs de\u00a0lectura\u00a0de LIJ! Aquest clubs seran dinamitzats per professionals de la\u00a0cooperativa T\u00e0ndem. 1020101102 Club&nbsp;de&nbsp;lectura&nbsp;per docents de 5\u00e8 i 6\u00e8 de prim\u00e0ria 1020111102 Club\u00a0de\u00a0lectura\u00a0per docents de 1r i 2n d&#8217;ESO<\/p>\n","protected":false},"author":1,"featured_media":17437,"comment_status":"closed","ping_status":"open","sticky":false,"template":"","format":"standard","meta":{"_bbp_topic_count":0,"_bbp_reply_count":0,"_bbp_total_topic_count":0,"_bbp_total_reply_count":0,"_bbp_voice_count":0,"_bbp_anonymous_reply_count":0,"_bbp_topic_count_hidden":0,"_bbp_reply_count_hidden":0,"_bbp_forum_subforum_count":0,"site-sidebar-layout":"default","site-content-layout":"","ast-site-content-layout":"default","site-content-style":"default","site-sidebar-style":"default","ast-global-header-display":"","ast-banner-title-visibility":"","ast-main-header-display":"","ast-hfb-above-header-display":"","ast-hfb-below-header-display":"","ast-hfb-mobile-header-display":"","site-post-title":"","ast-breadcrumbs-content":"","ast-featured-img":"","footer-sml-layout":"","theme-transparent-header-meta":"","adv-header-id-meta":"","stick-header-meta":"","header-above-stick-meta":"","header-main-stick-meta":"","header-below-stick-meta":"","astra-migrate-meta-layouts":"set","ast-page-background-enabled":"default","ast-page-background-meta":{"desktop":{"background-color":"var(--ast-global-color-4)","background-image":"","background-repeat":"repeat","background-position":"center center","background-size":"auto","background-attachment":"scroll","background-type":"","background-media":"","overlay-type":"","overlay-color":"","overlay-opacity":"","overlay-gradient":""},"tablet":{"background-color":"","background-image":"","background-repeat":"repeat","background-position":"center center","background-size":"auto","background-attachment":"scroll","background-type":"","background-media":"","overlay-type":"","overlay-color":"","overlay-opacity":"","overlay-gradient":""},"mobile":{"background-color":"","background-image":"","background-repeat":"repeat","background-position":"center center","background-size":"auto","background-attachment":"scroll","background-type":"","background-media":"","overlay-type":"","overlay-color":"","overlay-opacity":"","overlay-gradient":""}},"ast-content-background-meta":{"desktop":{"background-color":"var(--ast-global-color-5)","background-image":"","background-repeat":"repeat","background-position":"center center","background-size":"auto","background-attachment":"scroll","background-type":"","background-media":"","overlay-type":"","overlay-color":"","overlay-opacity":"","overlay-gradient":""},"tablet":{"background-color":"var(--ast-global-color-5)","background-image":"","background-repeat":"repeat","background-position":"center center","background-size":"auto","background-attachment":"scroll","background-type":"","background-media":"","overlay-type":"","overlay-color":"","overlay-opacity":"","overlay-gradient":""},"mobile":{"background-color":"var(--ast-global-color-5)","background-image":"","background-repeat":"repeat","background-position":"center center","background-size":"auto","background-attachment":"scroll","background-type":"","background-media":"","overlay-type":"","overlay-color":"","overlay-opacity":"","overlay-gradient":""}},"footnotes":""},"categories":[65,68,1,292,29],"tags":[573,533],"class_list":["post-17436","post","type-post","status-publish","format-standard","has-post-thumbnail","hentry","category-crp","category-elic","category-general","category-lic","category-portada","tag-club-de-lectura","tag-formacio-docent"],"post_mailing_queue_ids":[],"_links":{"self":[{"href":"https:\/\/serveiseducatius.xtec.cat\/lescorts\/wp-json\/wp\/v2\/posts\/17436","targetHints":{"allow":["GET"]}}],"collection":[{"href":"https:\/\/serveiseducatius.xtec.cat\/lescorts\/wp-json\/wp\/v2\/posts"}],"about":[{"href":"https:\/\/serveiseducatius.xtec.cat\/lescorts\/wp-json\/wp\/v2\/types\/post"}],"author":[{"embeddable":true,"href":"https:\/\/serveiseducatius.xtec.cat\/lescorts\/wp-json\/wp\/v2\/users\/1"}],"replies":[{"embeddable":true,"href":"https:\/\/serveiseducatius.xtec.cat\/lescorts\/wp-json\/wp\/v2\/comments?post=17436"}],"version-history":[{"count":2,"href":"https:\/\/serveiseducatius.xtec.cat\/lescorts\/wp-json\/wp\/v2\/posts\/17436\/revisions"}],"predecessor-version":[{"id":17441,"href":"https:\/\/serveiseducatius.xtec.cat\/lescorts\/wp-json\/wp\/v2\/posts\/17436\/revisions\/17441"}],"wp:featuredmedia":[{"embeddable":true,"href":"https:\/\/serveiseducatius.xtec.cat\/lescorts\/wp-json\/wp\/v2\/media\/17437"}],"wp:attachment":[{"href":"https:\/\/serveiseducatius.xtec.cat\/lescorts\/wp-json\/wp\/v2\/media?parent=17436"}],"wp:term":[{"taxonomy":"category","embeddable":true,"href":"https:\/\/serveiseducatius.xtec.cat\/lescorts\/wp-json\/wp\/v2\/categories?post=17436"},{"taxonomy":"post_tag","embeddable":true,"href":"https:\/\/serveiseducatius.xtec.cat\/lescorts\/wp-json\/wp\/v2\/tags?post=17436"}],"curies":[{"name":"wp","href":"https:\/\/api.w.org\/{rel}","templated":true}]}}