{"id":16927,"date":"2025-06-02T11:19:31","date_gmt":"2025-06-02T09:19:31","guid":{"rendered":"https:\/\/serveiseducatius.xtec.cat\/lescorts\/?p=16927"},"modified":"2025-06-06T09:34:38","modified_gmt":"2025-06-06T07:34:38","slug":"treballs-guardonats-als-39ns-jocs-florals-escolars-de-les-corts","status":"publish","type":"post","link":"https:\/\/serveiseducatius.xtec.cat\/lescorts\/portada\/treballs-guardonats-als-39ns-jocs-florals-escolars-de-les-corts\/","title":{"rendered":"Treballs guardonats als 39ns Jocs Florals Escolars de Les Corts"},"content":{"rendered":"<table class=\" aligncenter\" style=\"width: 85.1341%; border-collapse: collapse; height: 436px;\">\n<tbody>\n<tr>\n<td style=\"width: 50%; text-align: center;\"><strong>CATEGORIES D, E, K i L<\/strong><\/td>\n<td style=\"width: 50%; text-align: center;\"><strong>CATEGORIES A, B, C, F, G i I<\/strong><\/td>\n<\/tr>\n<tr>\n<td style=\"width: 50%; text-align: center;\"><iframe loading=\"lazy\" src=\"\/\/www.youtube.com\/embed\/l9LmqZlgwvk\" width=\"560\" height=\"314\" allowfullscreen=\"allowfullscreen\" data-mce-fragment=\"1\"><\/iframe><\/td>\n<td style=\"width: 50%; text-align: center;\"><iframe loading=\"lazy\" src=\"\/\/www.youtube.com\/embed\/PVGCugVRrfU\" width=\"560\" height=\"314\" allowfullscreen=\"allowfullscreen\" data-mce-fragment=\"1\"><\/iframe><\/td>\n<\/tr>\n<\/tbody>\n<\/table>\n<table class=\" aligncenter\" style=\"width: 728px;\" width=\"728\">\n<tbody>\n<tr>\n<td width=\"136\"><strong>CATEGORIA<\/strong><\/td>\n<td width=\"176\"><strong>T\u00cdTOL <\/strong><\/td>\n<td width=\"274\"><strong>AUTORIA<\/strong><\/td>\n<td width=\"142\"><strong>CENTRE<\/strong><\/td>\n<\/tr>\n<tr>\n<td width=\"136\">A1 Prosa<\/td>\n<td width=\"176\"><a href=\"https:\/\/drive.google.com\/file\/d\/1S0-UCHwpil-9h-v9kYhwtdH4I3fNPoiV\/view?usp=drive_link\">El Tom\u00e0s i el Formatge m\u00e0gic<\/a><\/p>\n<p>&nbsp;<\/td>\n<td width=\"274\">Sa\u00fal Rodr\u00edguez Rodr\u00edguez, Alexandrina P\u00e9rez Madureira, Margarita Brandan Riemer, Evan Pineda Boada<\/td>\n<td width=\"142\">Duran i Bas<\/p>\n<p>2n EP<\/td>\n<\/tr>\n<tr>\n<td width=\"136\">A2 Poesia<\/td>\n<td width=\"176\"><a href=\"https:\/\/drive.google.com\/file\/d\/1a092sskUGYLV37gI04dN0jzi8TNDi-A-\/view?usp=drive_link\">Natura i cascades<\/a><\/td>\n<td width=\"274\">N\u00faria Garrote, Abril Roura, Bruna Mills, Vera Vaquero<\/td>\n<td width=\"142\">Lav\u00ednia<\/p>\n<p>C. Inicial<\/td>\n<\/tr>\n<tr>\n<td width=\"136\">B1 Prosa<\/td>\n<td width=\"176\"><a href=\"https:\/\/drive.google.com\/file\/d\/1M62KusXd0ffXBCI78laJpd9hid0SPfDS\/view?usp=drive_link\">La pedra m\u00e0gica i els dos germans<\/a><\/td>\n<td width=\"274\">Noem\u00ed Gonz\u00e1lez Cruz,<\/p>\n<p>Berta Jim\u00e9nez Balaguer\u00f3, David Trimboli Ib\u00e1\u00f1ez,<\/p>\n<p>Ainhoa Yautibug<\/td>\n<td width=\"142\">Duran i Bas<\/p>\n<p>4t EP<\/td>\n<\/tr>\n<tr>\n<td width=\"136\">B2 Poesia<\/td>\n<td width=\"176\"><a href=\"https:\/\/drive.google.com\/file\/d\/1a0r70mGXczNznPQfT9B2cSGUnYYVgIfT\/view?usp=drive_link\">Les emocions<\/a><\/td>\n<td width=\"274\">Jana Bayot, Pepa Ribas,<\/p>\n<p>Pau Cornell\u00e0, Max Tom\u00e0s<\/td>\n<td width=\"142\">Lav\u00ednia<\/p>\n<p>C. Mitj\u00e0<\/td>\n<\/tr>\n<tr>\n<td width=\"136\">C1 Prosa<\/td>\n<td width=\"176\"><a href=\"https:\/\/drive.google.com\/file\/d\/1cPUc4CZmjdZeeItfS7OBaCIbqRMhQBk0\/view?usp=drive_link\">El misteri dels desapareguts<\/a><\/td>\n<td width=\"274\">Aina Fern\u00e1ndez \u00c1lvarez, Paula Mestres Espinosa, Paula Tenor Monter,<\/p>\n<p>Leyre Zarzo Arroyo<\/td>\n<td width=\"142\">Duran i Bas<\/p>\n<p>6\u00e8 EP<\/td>\n<\/tr>\n<tr>\n<td width=\"136\">C2 Poesia<\/td>\n<td width=\"176\"><a href=\"https:\/\/drive.google.com\/file\/d\/1rAE_jMzG-Ls8MD4SQl-pP7JrVgSB841M\/view?usp=drive_link\">Les paraules<\/a><\/td>\n<td width=\"274\">Leyla Schuller<\/td>\n<td width=\"142\">Tres Fonts de les Corts<\/p>\n<p>6\u00e8 EP<\/td>\n<\/tr>\n<tr>\n<td width=\"136\">F1 Prosa<\/td>\n<td width=\"176\"><a href=\"https:\/\/drive.google.com\/file\/d\/1uK2UMhfUuVQHB4xDPwNQ6oKXFSTOTgkO\/view?usp=drive_link\">Les esquerdes del mirall<\/a><\/td>\n<td width=\"274\">\u00d3nia Al.l\u00f2nia Br\u00e2ut Pallar\u00e8s<\/td>\n<td width=\"142\">IES Pedralbes<\/p>\n<p>2n ESO<\/td>\n<\/tr>\n<tr>\n<td width=\"136\">F2 Poesia<\/td>\n<td width=\"176\"><a href=\"https:\/\/drive.google.com\/file\/d\/1-cP70jdP-LyHJIP-QeLw1HxzTf8c2AVK\/view?usp=drive_link\">El meu poble<\/a><\/td>\n<td width=\"274\">Cinta Latorre V\u00e1zquez<\/td>\n<td width=\"142\">SOLC<\/p>\n<p>2n ESO<\/td>\n<\/tr>\n<tr>\n<td width=\"136\">G1 Prosa<\/td>\n<td width=\"176\"><a href=\"https:\/\/drive.google.com\/file\/d\/16wPQ6aPrGmHZ9jzuGD8DNwEltyQicbYh\/view?usp=drive_link\">23 de gener<\/a><\/td>\n<td width=\"274\">Roger Ba\u00f1uelos Casanovas<\/td>\n<td width=\"142\">THAU<\/p>\n<p>4r ESO<\/td>\n<\/tr>\n<tr>\n<td width=\"136\">G2 Poesia<\/td>\n<td width=\"176\"><a href=\"https:\/\/drive.google.com\/file\/d\/1U61lw3IAEfbLuw3HYCQcOcynQl5xLU--\/view?usp=drive_link\">L\u2019esgl\u00e9sia barroca<\/a><\/td>\n<td width=\"274\">Mart\u00ed Asensio<\/td>\n<td width=\"142\">IES Les Corts<\/p>\n<p>3r ESO<\/td>\n<\/tr>\n<tr>\n<td width=\"136\">I1 Prosa<\/td>\n<td width=\"176\"><a href=\"https:\/\/drive.google.com\/file\/d\/1pmd1JZIy25F4-BXKV8W9BFN3BgLFmxsU\/view?usp=drive_link\">Vestit vermell<\/a><\/td>\n<td width=\"274\">Marta Carazo Prieto<\/td>\n<td width=\"142\">Sta.Teresa de Lisieux<\/p>\n<p>2n BTX<\/td>\n<\/tr>\n<tr>\n<td width=\"136\">I2<\/td>\n<td width=\"176\"><a href=\"https:\/\/drive.google.com\/file\/d\/1CgBFvXchRY8FgYmGkh-YfQL8g-MCvlYP\/view?usp=drive_link\">Et miro i callo<\/a><\/td>\n<td width=\"274\">Alba Bustos Marquina<\/td>\n<td width=\"142\">Sta.Teresa de Lisieux<\/p>\n<p>1r BTX<\/td>\n<\/tr>\n<\/tbody>\n<\/table>\n<h2>Textos guardonats Barcelona ciutat:<\/h2>\n<ul>\n<li><a href=\"https:\/\/www.edubcn.cat\/rcs_gene\/extra\/05_jocs_florals\/2024-2025\/llibret-jocsflorals_2025.pdf\">Llibret digital dels Jocs Florals Escolars 2025<\/a>, pdf<\/li>\n<\/ul>\n<p><!--a=1--><\/p>\n<p><!--a=1--><\/p>\n<p><!--a=1--><\/p>\n","protected":false},"excerpt":{"rendered":"<p>CATEGORIES D, E, K i L CATEGORIES A, B, C, F, G i I CATEGORIA T\u00cdTOL AUTORIA CENTRE A1 Prosa El Tom\u00e0s i el Formatge m\u00e0gic &nbsp; Sa\u00fal Rodr\u00edguez Rodr\u00edguez, Alexandrina P\u00e9rez Madureira, Margarita Brandan Riemer, Evan Pineda Boada Duran i Bas 2n EP A2 Poesia Natura i cascades N\u00faria Garrote, Abril Roura, Bruna Mills, [&hellip;]<\/p>\n","protected":false},"author":1,"featured_media":16930,"comment_status":"closed","ping_status":"closed","sticky":false,"template":"","format":"standard","meta":{"_bbp_topic_count":0,"_bbp_reply_count":0,"_bbp_total_topic_count":0,"_bbp_total_reply_count":0,"_bbp_voice_count":0,"_bbp_anonymous_reply_count":0,"_bbp_topic_count_hidden":0,"_bbp_reply_count_hidden":0,"_bbp_forum_subforum_count":0,"site-sidebar-layout":"default","site-content-layout":"","ast-site-content-layout":"","site-content-style":"default","site-sidebar-style":"default","ast-global-header-display":"","ast-banner-title-visibility":"","ast-main-header-display":"","ast-hfb-above-header-display":"","ast-hfb-below-header-display":"","ast-hfb-mobile-header-display":"","site-post-title":"","ast-breadcrumbs-content":"","ast-featured-img":"","footer-sml-layout":"","theme-transparent-header-meta":"","adv-header-id-meta":"","stick-header-meta":"","header-above-stick-meta":"","header-main-stick-meta":"","header-below-stick-meta":"","astra-migrate-meta-layouts":"default","ast-page-background-enabled":"default","ast-page-background-meta":{"desktop":{"background-color":"var(--ast-global-color-4)","background-image":"","background-repeat":"repeat","background-position":"center center","background-size":"auto","background-attachment":"scroll","background-type":"","background-media":"","overlay-type":"","overlay-color":"","overlay-opacity":"","overlay-gradient":""},"tablet":{"background-color":"","background-image":"","background-repeat":"repeat","background-position":"center center","background-size":"auto","background-attachment":"scroll","background-type":"","background-media":"","overlay-type":"","overlay-color":"","overlay-opacity":"","overlay-gradient":""},"mobile":{"background-color":"","background-image":"","background-repeat":"repeat","background-position":"center center","background-size":"auto","background-attachment":"scroll","background-type":"","background-media":"","overlay-type":"","overlay-color":"","overlay-opacity":"","overlay-gradient":""}},"ast-content-background-meta":{"desktop":{"background-color":"var(--ast-global-color-5)","background-image":"","background-repeat":"repeat","background-position":"center center","background-size":"auto","background-attachment":"scroll","background-type":"","background-media":"","overlay-type":"","overlay-color":"","overlay-opacity":"","overlay-gradient":""},"tablet":{"background-color":"var(--ast-global-color-5)","background-image":"","background-repeat":"repeat","background-position":"center center","background-size":"auto","background-attachment":"scroll","background-type":"","background-media":"","overlay-type":"","overlay-color":"","overlay-opacity":"","overlay-gradient":""},"mobile":{"background-color":"var(--ast-global-color-5)","background-image":"","background-repeat":"repeat","background-position":"center center","background-size":"auto","background-attachment":"scroll","background-type":"","background-media":"","overlay-type":"","overlay-color":"","overlay-opacity":"","overlay-gradient":""}},"footnotes":""},"categories":[278,29],"tags":[566],"class_list":["post-16927","post","type-post","status-publish","format-standard","has-post-thumbnail","hentry","category-activitats","category-portada","tag-jocs-florals-escolars"],"post_mailing_queue_ids":[],"_links":{"self":[{"href":"https:\/\/serveiseducatius.xtec.cat\/lescorts\/wp-json\/wp\/v2\/posts\/16927","targetHints":{"allow":["GET"]}}],"collection":[{"href":"https:\/\/serveiseducatius.xtec.cat\/lescorts\/wp-json\/wp\/v2\/posts"}],"about":[{"href":"https:\/\/serveiseducatius.xtec.cat\/lescorts\/wp-json\/wp\/v2\/types\/post"}],"author":[{"embeddable":true,"href":"https:\/\/serveiseducatius.xtec.cat\/lescorts\/wp-json\/wp\/v2\/users\/1"}],"replies":[{"embeddable":true,"href":"https:\/\/serveiseducatius.xtec.cat\/lescorts\/wp-json\/wp\/v2\/comments?post=16927"}],"version-history":[{"count":4,"href":"https:\/\/serveiseducatius.xtec.cat\/lescorts\/wp-json\/wp\/v2\/posts\/16927\/revisions"}],"predecessor-version":[{"id":16938,"href":"https:\/\/serveiseducatius.xtec.cat\/lescorts\/wp-json\/wp\/v2\/posts\/16927\/revisions\/16938"}],"wp:featuredmedia":[{"embeddable":true,"href":"https:\/\/serveiseducatius.xtec.cat\/lescorts\/wp-json\/wp\/v2\/media\/16930"}],"wp:attachment":[{"href":"https:\/\/serveiseducatius.xtec.cat\/lescorts\/wp-json\/wp\/v2\/media?parent=16927"}],"wp:term":[{"taxonomy":"category","embeddable":true,"href":"https:\/\/serveiseducatius.xtec.cat\/lescorts\/wp-json\/wp\/v2\/categories?post=16927"},{"taxonomy":"post_tag","embeddable":true,"href":"https:\/\/serveiseducatius.xtec.cat\/lescorts\/wp-json\/wp\/v2\/tags?post=16927"}],"curies":[{"name":"wp","href":"https:\/\/api.w.org\/{rel}","templated":true}]}}