{"id":16573,"date":"2024-09-17T16:01:35","date_gmt":"2024-09-17T14:01:35","guid":{"rendered":"https:\/\/serveiseducatius.xtec.cat\/lescorts\/?p=16573"},"modified":"2024-09-17T16:36:08","modified_gmt":"2024-09-17T14:36:08","slug":"seminari-deducacio-inclusiva-fem-leducacio-del-segle-xxi","status":"publish","type":"post","link":"https:\/\/serveiseducatius.xtec.cat\/lescorts\/portada\/seminari-deducacio-inclusiva-fem-leducacio-del-segle-xxi\/","title":{"rendered":"Seminari d&#8217;Educaci\u00f3 Inclusiva: Fem l&#8217;educaci\u00f3 del segle XXI?"},"content":{"rendered":"<p><a href=\"https:\/\/serveiseducatius.xtec.cat\/lescorts\/wp-content\/uploads\/usu1169\/2024\/09\/111024_IAeducacion_02.png\"><img loading=\"lazy\" decoding=\"async\" class=\"alignnone size-large wp-image-16574\" src=\"https:\/\/serveiseducatius.xtec.cat\/lescorts\/wp-content\/uploads\/usu1169\/2024\/09\/111024_IAeducacion_02-1024x576.png\" alt=\"\" width=\"1024\" height=\"576\" srcset=\"https:\/\/serveiseducatius.xtec.cat\/lescorts\/wp-content\/uploads\/usu1169\/2024\/09\/111024_IAeducacion_02-1024x576.png 1024w, https:\/\/serveiseducatius.xtec.cat\/lescorts\/wp-content\/uploads\/usu1169\/2024\/09\/111024_IAeducacion_02-300x169.png 300w, https:\/\/serveiseducatius.xtec.cat\/lescorts\/wp-content\/uploads\/usu1169\/2024\/09\/111024_IAeducacion_02-768x432.png 768w, https:\/\/serveiseducatius.xtec.cat\/lescorts\/wp-content\/uploads\/usu1169\/2024\/09\/111024_IAeducacion_02.png 1200w\" sizes=\"auto, (max-width: 1024px) 100vw, 1024px\" \/><\/a><\/p>\n<p><span style=\"font-weight: 400;\">Vam tancar el Seminari d\u2019Educaci\u00f3 Inclusiva 23-24 amb un <a href=\"https:\/\/serveiseducatius.xtec.cat\/lescorts\/portada\/seminari-deducacio-inclusiva-guia-de-deteccio-de-les-necessitats-educatives\/\">article <\/a><\/span><span style=\"font-weight: 400;\">on parl\u00e0vem de la nova <a href=\"https:\/\/www.edubcn.cat\/rcs_gene\/extra\/04_inclusiva\/Guia_NESE\/AF_240626_CEB_guia_NESE_DIGITAL_v1.pdf\" target=\"_blank\" rel=\"noopener\">Guia per a la detecci\u00f3 de les NESE 3-16 (PDF)<\/a>. Aquesta edici\u00f3 del curs 24-25 l&#8217;obrirem precisament amb la presentaci\u00f3 d&#8217;aquesta eina, i a successives sessions treballarem molts m\u00e9s temes interessants i hi comptarem amb la participaci\u00f3 d\u2019experts i professionals de diferents \u00e0mbits i serveis.<\/span><\/p>\n<p><span style=\"font-weight: 400;\">Comen\u00e7arem pels cl\u00e0ssics: com atendre l\u2019alumnat amb TDAH o Disl\u00e8xia? Com atendre l\u2019alumnat amb Altes Capacitats?&#8230;estem preparats com docents per ajudar tots aquests alumnes en el context del grup classe? M\u00e9s endavant l\u2019equip de l\u2019AIS Estimia ens ha confirmat que participaran a una sessi\u00f3 per ajudar-nos a atendre millor les necessitats de l\u2019alumnat amb trastorns de conducta i comportament. Per anar obrint boca sobre aquest tema us compartim un document recentment sortit del forn: <a href=\"https:\/\/educacio.gencat.cat\/web\/.content\/home\/departament\/publicacions\/colleccions\/inclusio\/regulacio-conducta\/regulacio-conducta.pdf\" target=\"_blank\" rel=\"noopener\">Estrat\u00e8gies de suport a la regulaci\u00f3 de la conducta (PDF)<\/a><\/span><\/p>\n<p><span style=\"font-weight: 400;\">Una altra proposta molt interessant ser\u00e0 una sessi\u00f3 de reflexi\u00f3 i intercanvi entre les SIEI del districte: com s\u2019organitzen, com funcionen, quines estrat\u00e8gies i mesures els hi donen millors resultats? poden ser \u00fatils per als centres sense SIEI?. A l\u2019igual que a d\u2019altres edicions farem tamb\u00e9 <a href=\"https:\/\/serveiseducatius.xtec.cat\/lescorts\/general\/seminari-dinclusiva-la-resposta-educativa-pels-alumnes-amb-trastorn-del-comportament\/\" target=\"_blank\" rel=\"noopener\">treball de casos <\/a><\/span><span style=\"font-weight: 400;\">\u00a0i treballarem moltes m\u00e9s propostes per ajudar-nos entre tots a millorar la resposta educativa que si o si necessitem als nostres centres immersos en una realitat cada cop m\u00e9s complexa.\u00a0<\/span><\/p>\n<p><span style=\"font-weight: 400;\">Qu\u00e8 et semblaria aprendre molt m\u00e9s sobre els SAAC, les noves tecnologies i la Intel\u00b7lig\u00e8ncia Artificial, sobre l\u2019aprenentatge d\u2019habilitats interpersonals o del potencial psicoeducatiu de la tutoria entre iguals?&#8230; Tens alguna proposta m\u00e9s? T\u2019hi esperem per aprendre junts!<\/span><\/p>\n<p style=\"text-align: center;\"><strong><a href=\"https:\/\/aplicacions.gestioeducativa.gencat.cat\/pls\/soloas\/pk_for_mod_ins.p_for_exhaustiu_activitat?p_header=Llista%20d%27activitats%5Epk_for_mod_ins.p_for_cons_activitats?p_crp=104%26p_any=2024-2025%26p_totes=S%26p_inici=1%26p_excloure_crp_rec=T*Detall%20d%27activitat%5Epk_for_mod_ins.p_for_detall_activitat?p_codi=1040081104%26p_curs=2024-2025%26p_es_inscr=S&amp;p_codi=1040081104&amp;p_curs=2024-2025&amp;p_es_inscr=S\" target=\"_blank\" rel=\"noopener\"><i>INSCRIPCIONS OBERTES<\/i><\/a><\/strong><i><span style=\"font-weight: 400;\"> al PFZ fins el 22 de setembre. Places limitades.<\/span><\/i><\/p>\n<p>&nbsp;<\/p>\n","protected":false},"excerpt":{"rendered":"<p>Vam tancar el Seminari d\u2019Educaci\u00f3 Inclusiva 23-24 amb un article on parl\u00e0vem de la nova Guia per a la detecci\u00f3 de les NESE 3-16 (PDF). Aquesta edici\u00f3 del curs 24-25 l&#8217;obrirem precisament amb la presentaci\u00f3 d&#8217;aquesta eina, i a successives sessions treballarem molts m\u00e9s temes interessants i hi comptarem amb la participaci\u00f3 d\u2019experts i professionals [&hellip;]<\/p>\n","protected":false},"author":63,"featured_media":16574,"comment_status":"closed","ping_status":"closed","sticky":false,"template":"","format":"standard","meta":{"_bbp_topic_count":0,"_bbp_reply_count":0,"_bbp_total_topic_count":0,"_bbp_total_reply_count":0,"_bbp_voice_count":0,"_bbp_anonymous_reply_count":0,"_bbp_topic_count_hidden":0,"_bbp_reply_count_hidden":0,"_bbp_forum_subforum_count":0,"site-sidebar-layout":"default","site-content-layout":"","ast-site-content-layout":"","site-content-style":"default","site-sidebar-style":"default","ast-global-header-display":"","ast-banner-title-visibility":"","ast-main-header-display":"","ast-hfb-above-header-display":"","ast-hfb-below-header-display":"","ast-hfb-mobile-header-display":"","site-post-title":"","ast-breadcrumbs-content":"","ast-featured-img":"","footer-sml-layout":"","theme-transparent-header-meta":"","adv-header-id-meta":"","stick-header-meta":"","header-above-stick-meta":"","header-main-stick-meta":"","header-below-stick-meta":"","astra-migrate-meta-layouts":"default","ast-page-background-enabled":"default","ast-page-background-meta":{"desktop":{"background-color":"var(--ast-global-color-4)","background-image":"","background-repeat":"repeat","background-position":"center center","background-size":"auto","background-attachment":"scroll","background-type":"","background-media":"","overlay-type":"","overlay-color":"","overlay-opacity":"","overlay-gradient":""},"tablet":{"background-color":"","background-image":"","background-repeat":"repeat","background-position":"center center","background-size":"auto","background-attachment":"scroll","background-type":"","background-media":"","overlay-type":"","overlay-color":"","overlay-opacity":"","overlay-gradient":""},"mobile":{"background-color":"","background-image":"","background-repeat":"repeat","background-position":"center center","background-size":"auto","background-attachment":"scroll","background-type":"","background-media":"","overlay-type":"","overlay-color":"","overlay-opacity":"","overlay-gradient":""}},"ast-content-background-meta":{"desktop":{"background-color":"var(--ast-global-color-5)","background-image":"","background-repeat":"repeat","background-position":"center center","background-size":"auto","background-attachment":"scroll","background-type":"","background-media":"","overlay-type":"","overlay-color":"","overlay-opacity":"","overlay-gradient":""},"tablet":{"background-color":"var(--ast-global-color-5)","background-image":"","background-repeat":"repeat","background-position":"center center","background-size":"auto","background-attachment":"scroll","background-type":"","background-media":"","overlay-type":"","overlay-color":"","overlay-opacity":"","overlay-gradient":""},"mobile":{"background-color":"var(--ast-global-color-5)","background-image":"","background-repeat":"repeat","background-position":"center center","background-size":"auto","background-attachment":"scroll","background-type":"","background-media":"","overlay-type":"","overlay-color":"","overlay-opacity":"","overlay-gradient":""}},"footnotes":""},"categories":[67,154,156,153,29,445,528],"tags":[],"class_list":["post-16573","post","type-post","status-publish","format-standard","has-post-thumbnail","hentry","category-eap","category-formacio","category-materials-de-formacio","category-pfz","category-portada","category-seminari-educacio-inclusiva","category-transformacio-educativa"],"post_mailing_queue_ids":[],"_links":{"self":[{"href":"https:\/\/serveiseducatius.xtec.cat\/lescorts\/wp-json\/wp\/v2\/posts\/16573","targetHints":{"allow":["GET"]}}],"collection":[{"href":"https:\/\/serveiseducatius.xtec.cat\/lescorts\/wp-json\/wp\/v2\/posts"}],"about":[{"href":"https:\/\/serveiseducatius.xtec.cat\/lescorts\/wp-json\/wp\/v2\/types\/post"}],"author":[{"embeddable":true,"href":"https:\/\/serveiseducatius.xtec.cat\/lescorts\/wp-json\/wp\/v2\/users\/63"}],"replies":[{"embeddable":true,"href":"https:\/\/serveiseducatius.xtec.cat\/lescorts\/wp-json\/wp\/v2\/comments?post=16573"}],"version-history":[{"count":6,"href":"https:\/\/serveiseducatius.xtec.cat\/lescorts\/wp-json\/wp\/v2\/posts\/16573\/revisions"}],"predecessor-version":[{"id":16582,"href":"https:\/\/serveiseducatius.xtec.cat\/lescorts\/wp-json\/wp\/v2\/posts\/16573\/revisions\/16582"}],"wp:featuredmedia":[{"embeddable":true,"href":"https:\/\/serveiseducatius.xtec.cat\/lescorts\/wp-json\/wp\/v2\/media\/16574"}],"wp:attachment":[{"href":"https:\/\/serveiseducatius.xtec.cat\/lescorts\/wp-json\/wp\/v2\/media?parent=16573"}],"wp:term":[{"taxonomy":"category","embeddable":true,"href":"https:\/\/serveiseducatius.xtec.cat\/lescorts\/wp-json\/wp\/v2\/categories?post=16573"},{"taxonomy":"post_tag","embeddable":true,"href":"https:\/\/serveiseducatius.xtec.cat\/lescorts\/wp-json\/wp\/v2\/tags?post=16573"}],"curies":[{"name":"wp","href":"https:\/\/api.w.org\/{rel}","templated":true}]}}