{"id":16087,"date":"2024-02-21T14:53:16","date_gmt":"2024-02-21T13:53:16","guid":{"rendered":"https:\/\/serveiseducatius.xtec.cat\/lescorts\/?p=16087"},"modified":"2025-07-11T22:15:14","modified_gmt":"2025-07-11T20:15:14","slug":"projecte-xerrem-junts-cerquem-voluntaris-%e2%98%9d%ef%b8%8f","status":"publish","type":"post","link":"https:\/\/serveiseducatius.xtec.cat\/lescorts\/portada\/projecte-xerrem-junts-cerquem-voluntaris-%e2%98%9d%ef%b8%8f\/","title":{"rendered":"Projecte Xerrem Junts: cerquem voluntaris\\\u00e0ries \u261d\ufe0f"},"content":{"rendered":"<p style=\"text-align: center;\"><img loading=\"lazy\" decoding=\"async\" class=\" wp-image-16088 alignright\" src=\"https:\/\/serveiseducatius.xtec.cat\/lescorts\/wp-content\/uploads\/usu1169\/2024\/02\/Projecte-Xerrem.jpg\" alt=\"\" width=\"519\" height=\"692\" srcset=\"https:\/\/serveiseducatius.xtec.cat\/lescorts\/wp-content\/uploads\/usu1169\/2024\/02\/Projecte-Xerrem.jpg 622w, https:\/\/serveiseducatius.xtec.cat\/lescorts\/wp-content\/uploads\/usu1169\/2024\/02\/Projecte-Xerrem-225x300.jpg 225w\" sizes=\"auto, (max-width: 519px) 100vw, 519px\" \/><\/p>\n<p>Des del Servei Educatiu de les Corts<strong> estem buscant voluntaris\/\u00e0ries per fer una extraescolar de conversa de catal\u00e0<\/strong>:<br \/>\n&#8211; 1 hora a la setmana<br \/>\n&#8211; grup de 6 joves nouvinguts<br \/>\n&#8211; entre 12-16 anys<\/p>\n<p>Els i les volunt\u00e0ries rebran una formaci\u00f3 per part de la CAL (Coordinadora d&#8217;Associacions de Llengua Catalana), juntament amb l&#8217;estructura i el material per les sessions\ud83d\udcda.<\/p>\n<p>\ud83d\udccdL&#8217;espai ser\u00e0 en diferents equipaments de les Corts.<\/p>\n<p>\u23f0Els dies i hores que necessitem voluntaris\/\u00e0ries s\u00f3n:<br \/>\n&#8211; Dilluns de 16 a 19h.<br \/>\n&#8211; Dimarts de 16 a 17h i 18 a 19h.<br \/>\n&#8211; Dimecres de 16 a 20h.<br \/>\n&#8211; Dijous de 17 a 18h i de 19 a 20h.<br \/>\n&#8211; Divendres de 16 a 17h.<\/p>\n<p>Si coneixes a alg\u00fa que li pugui interessar, envia un correu a <a href=\"mailto:a8870102@xtec.cat\">a8870102@xtec.cat<\/a><\/p>\n<p><!--a=1--><\/p>\n","protected":false},"excerpt":{"rendered":"<p>Des del Servei Educatiu de les Corts estem buscant voluntaris\/\u00e0ries per fer una extraescolar de conversa de catal\u00e0: &#8211; 1 hora a la setmana &#8211; grup de 6 joves nouvinguts &#8211; entre 12-16 anys Els i les volunt\u00e0ries rebran una formaci\u00f3 per part de la CAL (Coordinadora d&#8217;Associacions de Llengua Catalana), juntament amb l&#8217;estructura i [&hellip;]<\/p>\n","protected":false},"author":1,"featured_media":16089,"comment_status":"closed","ping_status":"closed","sticky":false,"template":"","format":"standard","meta":{"_bbp_topic_count":0,"_bbp_reply_count":0,"_bbp_total_topic_count":0,"_bbp_total_reply_count":0,"_bbp_voice_count":0,"_bbp_anonymous_reply_count":0,"_bbp_topic_count_hidden":0,"_bbp_reply_count_hidden":0,"_bbp_forum_subforum_count":0,"site-sidebar-layout":"default","site-content-layout":"","ast-site-content-layout":"default","site-content-style":"default","site-sidebar-style":"default","ast-global-header-display":"","ast-banner-title-visibility":"","ast-main-header-display":"","ast-hfb-above-header-display":"","ast-hfb-below-header-display":"","ast-hfb-mobile-header-display":"","site-post-title":"","ast-breadcrumbs-content":"","ast-featured-img":"","footer-sml-layout":"","theme-transparent-header-meta":"default","adv-header-id-meta":"","stick-header-meta":"","header-above-stick-meta":"","header-main-stick-meta":"","header-below-stick-meta":"","astra-migrate-meta-layouts":"set","ast-page-background-enabled":"default","ast-page-background-meta":{"desktop":{"background-color":"var(--ast-global-color-4)","background-image":"","background-repeat":"repeat","background-position":"center center","background-size":"auto","background-attachment":"scroll","background-type":"","background-media":"","overlay-type":"","overlay-color":"","overlay-opacity":"","overlay-gradient":""},"tablet":{"background-color":"","background-image":"","background-repeat":"repeat","background-position":"center center","background-size":"auto","background-attachment":"scroll","background-type":"","background-media":"","overlay-type":"","overlay-color":"","overlay-opacity":"","overlay-gradient":""},"mobile":{"background-color":"","background-image":"","background-repeat":"repeat","background-position":"center center","background-size":"auto","background-attachment":"scroll","background-type":"","background-media":"","overlay-type":"","overlay-color":"","overlay-opacity":"","overlay-gradient":""}},"ast-content-background-meta":{"desktop":{"background-color":"var(--ast-global-color-5)","background-image":"","background-repeat":"repeat","background-position":"center center","background-size":"auto","background-attachment":"scroll","background-type":"","background-media":"","overlay-type":"","overlay-color":"","overlay-opacity":"","overlay-gradient":""},"tablet":{"background-color":"var(--ast-global-color-5)","background-image":"","background-repeat":"repeat","background-position":"center center","background-size":"auto","background-attachment":"scroll","background-type":"","background-media":"","overlay-type":"","overlay-color":"","overlay-opacity":"","overlay-gradient":""},"mobile":{"background-color":"var(--ast-global-color-5)","background-image":"","background-repeat":"repeat","background-position":"center center","background-size":"auto","background-attachment":"scroll","background-type":"","background-media":"","overlay-type":"","overlay-color":"","overlay-opacity":"","overlay-gradient":""}},"footnotes":""},"categories":[67,68,292,29,445,440],"tags":[517,167,437,169],"class_list":["post-16087","post","type-post","status-publish","format-standard","has-post-thumbnail","hentry","category-eap","category-elic","category-lic","category-portada","category-seminari-educacio-inclusiva","category-unitat-dacompanyament-i-orientacio-uao","tag-cal","tag-comunicacio-i-llenguatge","tag-eap","tag-llengua"],"post_mailing_queue_ids":[],"_links":{"self":[{"href":"https:\/\/serveiseducatius.xtec.cat\/lescorts\/wp-json\/wp\/v2\/posts\/16087","targetHints":{"allow":["GET"]}}],"collection":[{"href":"https:\/\/serveiseducatius.xtec.cat\/lescorts\/wp-json\/wp\/v2\/posts"}],"about":[{"href":"https:\/\/serveiseducatius.xtec.cat\/lescorts\/wp-json\/wp\/v2\/types\/post"}],"author":[{"embeddable":true,"href":"https:\/\/serveiseducatius.xtec.cat\/lescorts\/wp-json\/wp\/v2\/users\/1"}],"replies":[{"embeddable":true,"href":"https:\/\/serveiseducatius.xtec.cat\/lescorts\/wp-json\/wp\/v2\/comments?post=16087"}],"version-history":[{"count":3,"href":"https:\/\/serveiseducatius.xtec.cat\/lescorts\/wp-json\/wp\/v2\/posts\/16087\/revisions"}],"predecessor-version":[{"id":17103,"href":"https:\/\/serveiseducatius.xtec.cat\/lescorts\/wp-json\/wp\/v2\/posts\/16087\/revisions\/17103"}],"wp:featuredmedia":[{"embeddable":true,"href":"https:\/\/serveiseducatius.xtec.cat\/lescorts\/wp-json\/wp\/v2\/media\/16089"}],"wp:attachment":[{"href":"https:\/\/serveiseducatius.xtec.cat\/lescorts\/wp-json\/wp\/v2\/media?parent=16087"}],"wp:term":[{"taxonomy":"category","embeddable":true,"href":"https:\/\/serveiseducatius.xtec.cat\/lescorts\/wp-json\/wp\/v2\/categories?post=16087"},{"taxonomy":"post_tag","embeddable":true,"href":"https:\/\/serveiseducatius.xtec.cat\/lescorts\/wp-json\/wp\/v2\/tags?post=16087"}],"curies":[{"name":"wp","href":"https:\/\/api.w.org\/{rel}","templated":true}]}}