{"id":15862,"date":"2023-09-28T15:19:07","date_gmt":"2023-09-28T13:19:07","guid":{"rendered":"https:\/\/serveiseducatius.xtec.cat\/lescorts\/?p=15862"},"modified":"2023-09-28T16:32:19","modified_gmt":"2023-09-28T14:32:19","slug":"sessions-de-bones-practiques-ssae","status":"publish","type":"post","link":"https:\/\/serveiseducatius.xtec.cat\/lescorts\/portada\/sessions-de-bones-practiques-ssae\/","title":{"rendered":"Sessions de bones pr\u00e0ctiques SSAE"},"content":{"rendered":"<p style=\"text-align: center;\"><img loading=\"lazy\" decoding=\"async\" class=\"aligncenter wp-image-15863\" src=\"https:\/\/serveiseducatius.xtec.cat\/lescorts\/wp-content\/uploads\/usu1169\/2023\/09\/13-bones-practiques-ssaes.jpg\" alt=\"\" width=\"233\" height=\"233\" srcset=\"https:\/\/serveiseducatius.xtec.cat\/lescorts\/wp-content\/uploads\/usu1169\/2023\/09\/13-bones-practiques-ssaes.jpg 350w, https:\/\/serveiseducatius.xtec.cat\/lescorts\/wp-content\/uploads\/usu1169\/2023\/09\/13-bones-practiques-ssaes-300x300.jpg 300w, https:\/\/serveiseducatius.xtec.cat\/lescorts\/wp-content\/uploads\/usu1169\/2023\/09\/13-bones-practiques-ssaes-150x150.jpg 150w\" sizes=\"auto, (max-width: 233px) 100vw, 233px\" \/><\/p>\n<p style=\"text-align: left;\">Des del <strong>Centre d&#8217;Higiene Mental de Les Corts<\/strong> s&#8217;han dut a terme una s\u00e8rie de bones pr\u00e0ctiques entorn a l&#8217;<strong>acompanyament emocional de l&#8217;alumnat<\/strong>.<\/p>\n<p>Podeu fer-ne una ullada al seg\u00fcent enlla\u00e7:<\/p>\n<p style=\"padding-left: 40px;\"><a href=\"https:\/\/www.grupchmsm.com\/blog\/sessions-de-bones-practiques-de-lequip-ssae-en-el-marc-del-pla-de-juliol\/\" target=\"_blank\" rel=\"noopener\"><strong> \u27a1 Sessions de bones pr\u00e0ctiques de l\u2019equip SSAE en el marc del pla de juliol<\/strong><\/a><\/p>\n<p>Tanmateix, podeu consultar el material <a href=\"https:\/\/drive.google.com\/file\/d\/1eZogOpsyf7EVfbFV1zNKV6mby8-GaHdG\/view?usp=sharing\" target=\"_blank\" rel=\"noopener\"><strong>ESPAI DE LA CALMA<\/strong><\/a> elaborat pel Servei de suport i atenci\u00f3 emocional (SSAE-Centre d&#8217;Higiene Mental).<\/p>\n","protected":false},"excerpt":{"rendered":"<p>Des del Centre d&#8217;Higiene Mental de Les Corts s&#8217;han dut a terme una s\u00e8rie de bones pr\u00e0ctiques entorn a l&#8217;acompanyament emocional de l&#8217;alumnat. Podeu fer-ne una ullada al seg\u00fcent enlla\u00e7: \u27a1 Sessions de bones pr\u00e0ctiques de l\u2019equip SSAE en el marc del pla de juliol Tanmateix, podeu consultar el material ESPAI DE LA CALMA elaborat [&hellip;]<\/p>\n","protected":false},"author":1,"featured_media":15863,"comment_status":"closed","ping_status":"closed","sticky":false,"template":"","format":"standard","meta":{"_bbp_topic_count":0,"_bbp_reply_count":0,"_bbp_total_topic_count":0,"_bbp_total_reply_count":0,"_bbp_voice_count":0,"_bbp_anonymous_reply_count":0,"_bbp_topic_count_hidden":0,"_bbp_reply_count_hidden":0,"_bbp_forum_subforum_count":0,"site-sidebar-layout":"default","site-content-layout":"","ast-site-content-layout":"","site-content-style":"default","site-sidebar-style":"default","ast-global-header-display":"","ast-banner-title-visibility":"","ast-main-header-display":"","ast-hfb-above-header-display":"","ast-hfb-below-header-display":"","ast-hfb-mobile-header-display":"","site-post-title":"","ast-breadcrumbs-content":"","ast-featured-img":"","footer-sml-layout":"","theme-transparent-header-meta":"","adv-header-id-meta":"","stick-header-meta":"","header-above-stick-meta":"","header-main-stick-meta":"","header-below-stick-meta":"","astra-migrate-meta-layouts":"default","ast-page-background-enabled":"default","ast-page-background-meta":{"desktop":{"background-color":"var(--ast-global-color-4)","background-image":"","background-repeat":"repeat","background-position":"center center","background-size":"auto","background-attachment":"scroll","background-type":"","background-media":"","overlay-type":"","overlay-color":"","overlay-opacity":"","overlay-gradient":""},"tablet":{"background-color":"","background-image":"","background-repeat":"repeat","background-position":"center center","background-size":"auto","background-attachment":"scroll","background-type":"","background-media":"","overlay-type":"","overlay-color":"","overlay-opacity":"","overlay-gradient":""},"mobile":{"background-color":"","background-image":"","background-repeat":"repeat","background-position":"center center","background-size":"auto","background-attachment":"scroll","background-type":"","background-media":"","overlay-type":"","overlay-color":"","overlay-opacity":"","overlay-gradient":""}},"ast-content-background-meta":{"desktop":{"background-color":"var(--ast-global-color-5)","background-image":"","background-repeat":"repeat","background-position":"center center","background-size":"auto","background-attachment":"scroll","background-type":"","background-media":"","overlay-type":"","overlay-color":"","overlay-opacity":"","overlay-gradient":""},"tablet":{"background-color":"var(--ast-global-color-5)","background-image":"","background-repeat":"repeat","background-position":"center center","background-size":"auto","background-attachment":"scroll","background-type":"","background-media":"","overlay-type":"","overlay-color":"","overlay-opacity":"","overlay-gradient":""},"mobile":{"background-color":"var(--ast-global-color-5)","background-image":"","background-repeat":"repeat","background-position":"center center","background-size":"auto","background-attachment":"scroll","background-type":"","background-media":"","overlay-type":"","overlay-color":"","overlay-opacity":"","overlay-gradient":""}},"footnotes":""},"categories":[64,65,67,29,77],"tags":[],"class_list":["post-15862","post","type-post","status-publish","format-standard","has-post-thumbnail","hentry","category-comunitat","category-crp","category-eap","category-portada","category-servei-comunitari"],"post_mailing_queue_ids":[],"_links":{"self":[{"href":"https:\/\/serveiseducatius.xtec.cat\/lescorts\/wp-json\/wp\/v2\/posts\/15862","targetHints":{"allow":["GET"]}}],"collection":[{"href":"https:\/\/serveiseducatius.xtec.cat\/lescorts\/wp-json\/wp\/v2\/posts"}],"about":[{"href":"https:\/\/serveiseducatius.xtec.cat\/lescorts\/wp-json\/wp\/v2\/types\/post"}],"author":[{"embeddable":true,"href":"https:\/\/serveiseducatius.xtec.cat\/lescorts\/wp-json\/wp\/v2\/users\/1"}],"replies":[{"embeddable":true,"href":"https:\/\/serveiseducatius.xtec.cat\/lescorts\/wp-json\/wp\/v2\/comments?post=15862"}],"version-history":[{"count":5,"href":"https:\/\/serveiseducatius.xtec.cat\/lescorts\/wp-json\/wp\/v2\/posts\/15862\/revisions"}],"predecessor-version":[{"id":15868,"href":"https:\/\/serveiseducatius.xtec.cat\/lescorts\/wp-json\/wp\/v2\/posts\/15862\/revisions\/15868"}],"wp:featuredmedia":[{"embeddable":true,"href":"https:\/\/serveiseducatius.xtec.cat\/lescorts\/wp-json\/wp\/v2\/media\/15863"}],"wp:attachment":[{"href":"https:\/\/serveiseducatius.xtec.cat\/lescorts\/wp-json\/wp\/v2\/media?parent=15862"}],"wp:term":[{"taxonomy":"category","embeddable":true,"href":"https:\/\/serveiseducatius.xtec.cat\/lescorts\/wp-json\/wp\/v2\/categories?post=15862"},{"taxonomy":"post_tag","embeddable":true,"href":"https:\/\/serveiseducatius.xtec.cat\/lescorts\/wp-json\/wp\/v2\/tags?post=15862"}],"curies":[{"name":"wp","href":"https:\/\/api.w.org\/{rel}","templated":true}]}}