{"id":15362,"date":"2023-03-16T11:45:16","date_gmt":"2023-03-16T10:45:16","guid":{"rendered":"https:\/\/serveiseducatius.xtec.cat\/lescorts\/?p=15362"},"modified":"2023-03-16T12:01:21","modified_gmt":"2023-03-16T11:01:21","slug":"oberta-la-convocatoria-de-programes-dinnovacio","status":"publish","type":"post","link":"https:\/\/serveiseducatius.xtec.cat\/lescorts\/portada\/oberta-la-convocatoria-de-programes-dinnovacio\/","title":{"rendered":"Oberta la convocat\u00f2ria de programes d\u2019INNOVACI\u00d3"},"content":{"rendered":"<p><img loading=\"lazy\" decoding=\"async\" class=\"wp-image-17855 alignleft\" src=\"https:\/\/serveiseducatius.xtec.cat\/badalona\/wp-content\/uploads\/usu1088\/2022\/03\/convocatoria-unificada-programes.jpg\" alt=\"\" width=\"172\" height=\"97\" \/>S\u2019ha obert la convocat\u00f2ria ordin\u00e0ria per a la participaci\u00f3 dels centres educatius als diferents programes d\u2019innovaci\u00f3 pedag\u00f2gica del Departament d\u2019Educaci\u00f3.<\/p>\n<p>Termini de presentaci\u00f3 de sol\u00b7licituds del 15 de mar\u00e7 al 15 de maig de 2023.<\/p>\n<ul>\n<li><strong><a href=\"https:\/\/xtec.gencat.cat\/ca\/innovacio\/programes_innovacio\/convocatoria-programes-innovacio\/#bloc2\" target=\"_blank\" rel=\"noopener\">Consulteu els programes que obren convocat\u00f2ria ordin\u00e0ria<\/a><\/strong>. Mar\u00e7 2023<\/li>\n<\/ul>\n<p><a href=\"https:\/\/espai.educacio.gencat.cat\/Centres\/Innovacio-pedagogica\/Pagines\/default.aspx\" target=\"_blank\" rel=\"noopener\"><strong>Inscripci\u00f3 de centres<\/strong><\/a><\/p>\n<p>Per a m\u00e9s informaci\u00f3 consulteu a\u00a0<a href=\"https:\/\/xtec.gencat.cat\/ca\/innovacio\/programes_innovacio\/convocatoria-programes-innovacio\/\" target=\"_blank\" rel=\"noopener\">XTEC\/Innovaci\u00f3<\/a><\/p>\n<p><iframe loading=\"lazy\" title=\"YouTube video player\" src=\"https:\/\/www.youtube.com\/embed\/_K5EA4Ll3zw\" width=\"560\" height=\"315\" frameborder=\"0\" allowfullscreen=\"allowfullscreen\" data-mce-fragment=\"1\"><\/iframe><\/p>\n<p>&nbsp;<\/p>\n<p>Programes que obren convocat\u00f2ria per ensenyaments d\u2019educaci\u00f3 infantil, prim\u00e0ria, secund\u00e0ria i\/o batxillerat:<\/p>\n<ul>\n<li><a title=\"#aquiproubullying\" href=\"https:\/\/espai.educacio.gencat.cat\/Centres\/Innovacio-pedagogica\/Programes\/aquiproubullying\/Pagines\/default.aspx\" target=\"_blank\" rel=\"noopener\" data-saferedirecturl=\"https:\/\/www.google.com\/url?q=https:\/\/espai.educacio.gencat.cat\/Centres\/Innovacio-pedagogica\/Programes\/aquiproubullying\/Pagines\/default.aspx&amp;source=gmail&amp;ust=1647517636454000&amp;usg=AOvVaw2Jgf6jQD-CjrE4iU1k-IV0\">#aquiproubullying<\/a><\/li>\n<li><a title=\"Enfocament Restauratiu Global\" href=\"https:\/\/espai.educacio.gencat.cat\/Centres\/Innovacio-pedagogica\/Programes\/Enfocament-Restauratiu-Global\/Pagines\/default.aspx\" target=\"_blank\" rel=\"noopener\">Enfocament Restauratiu Global<\/a><\/li>\n<li><a title=\"AVANCEM: Ensenyament i Aprenentatge Integrat de les Lleng\u00fces\u00a0\" href=\"https:\/\/espai.educacio.gencat.cat\/Centres\/Innovacio-pedagogica\/Programes\/Avancem-Ensenyament-Aprenentatge-integrat\/Pagines\/default.aspx\" target=\"_blank\" rel=\"noopener\">AVANCEM: Ensenyament i Aprenentatge Integrat de les Lleng\u00fces\u00a0<\/a><\/li>\n<li><a title=\"Generaci\u00f3 Pluriling\u00fce GEP\" href=\"https:\/\/espai.educacio.gencat.cat\/Centres\/Innovacio-pedagogica\/Programes\/Generacio-Plurilingue-GEP\/Pagines\/default.aspx\" target=\"_blank\" rel=\"noopener\">Generaci\u00f3 Pluriling\u00fce GEP<\/a><\/li>\n<li><a title=\"Comunitats d'aprenentatge\" href=\"https:\/\/espai.educacio.gencat.cat\/Centres\/Innovacio-pedagogica\/Programes\/xarxa-comunitats\/Pagines\/default.aspx\" target=\"_blank\" rel=\"noopener\">Comunitats d\u2019aprenentatge<\/a><\/li>\n<li><a title=\"Magnet Aliances per a l'\u00c8xit Educatiu\" href=\"https:\/\/magnet.cat\/\" target=\"_blank\" rel=\"noopener\">Magnet Aliances per a l\u2019\u00c8xit Educatiu<\/a><\/li>\n<li><a title=\"araArt\" href=\"https:\/\/espai.educacio.gencat.cat\/Centres\/Innovacio-pedagogica\/Programes\/AraArt\/Pagines\/default.aspx\" target=\"_blank\" rel=\"noopener\">araArt<\/a><\/li>\n<li><a title=\"Escoles T\u00e0ndem\" href=\"https:\/\/espai.educacio.gencat.cat\/Centres\/Innovacio-pedagogica\/Programes\/Escoles-Tandem\/Pagines\/default.aspx\" target=\"_blank\" rel=\"noopener\">Escoles T\u00e0ndem<\/a><\/li>\n<li><a title=\"Recerca AULA\" href=\"https:\/\/espai.educacio.gencat.cat\/Centres\/Innovacio-pedagogica\/Programes\/RecercAULA\/Pagines\/default.aspx\" target=\"_blank\" rel=\"noopener\">Recerca AULA<\/a><\/li>\n<li><a title=\"Recerca, Creaci\u00f3 i Servei\" href=\"https:\/\/espai.educacio.gencat.cat\/Centres\/Innovacio-pedagogica\/Programes\/RCS\/Pagines\/default.aspx\" target=\"_blank\" rel=\"noopener\">Recerca, Creaci\u00f3 i Servei<\/a><\/li>\n<li><a title=\"Xarxa de Compet\u00e8ncies\" href=\"https:\/\/espai.educacio.gencat.cat\/Centres\/Innovacio-pedagogica\/Programes\/xarxa-competencies\/Pagines\/default.aspx\" target=\"_blank\" rel=\"noopener\">Xarxa de Compet\u00e8ncies<\/a><\/li>\n<\/ul>\n","protected":false},"excerpt":{"rendered":"<p>S\u2019ha obert la convocat\u00f2ria ordin\u00e0ria per a la participaci\u00f3 dels centres educatius als diferents programes d\u2019innovaci\u00f3 pedag\u00f2gica del Departament d\u2019Educaci\u00f3. Termini de presentaci\u00f3 de sol\u00b7licituds del 15 de mar\u00e7 al 15 de maig de 2023. Consulteu els programes que obren convocat\u00f2ria ordin\u00e0ria. Mar\u00e7 2023 Inscripci\u00f3 de centres Per a m\u00e9s informaci\u00f3 consulteu a\u00a0XTEC\/Innovaci\u00f3 &nbsp; Programes [&hellip;]<\/p>\n","protected":false},"author":1,"featured_media":15363,"comment_status":"closed","ping_status":"closed","sticky":false,"template":"","format":"standard","meta":{"_bbp_topic_count":0,"_bbp_reply_count":0,"_bbp_total_topic_count":0,"_bbp_total_reply_count":0,"_bbp_voice_count":0,"_bbp_anonymous_reply_count":0,"_bbp_topic_count_hidden":0,"_bbp_reply_count_hidden":0,"_bbp_forum_subforum_count":0,"site-sidebar-layout":"default","site-content-layout":"","ast-site-content-layout":"","site-content-style":"default","site-sidebar-style":"default","ast-global-header-display":"","ast-banner-title-visibility":"","ast-main-header-display":"","ast-hfb-above-header-display":"","ast-hfb-below-header-display":"","ast-hfb-mobile-header-display":"","site-post-title":"","ast-breadcrumbs-content":"","ast-featured-img":"","footer-sml-layout":"","theme-transparent-header-meta":"","adv-header-id-meta":"","stick-header-meta":"","header-above-stick-meta":"","header-main-stick-meta":"","header-below-stick-meta":"","astra-migrate-meta-layouts":"default","ast-page-background-enabled":"default","ast-page-background-meta":{"desktop":{"background-color":"var(--ast-global-color-4)","background-image":"","background-repeat":"repeat","background-position":"center center","background-size":"auto","background-attachment":"scroll","background-type":"","background-media":"","overlay-type":"","overlay-color":"","overlay-opacity":"","overlay-gradient":""},"tablet":{"background-color":"","background-image":"","background-repeat":"repeat","background-position":"center center","background-size":"auto","background-attachment":"scroll","background-type":"","background-media":"","overlay-type":"","overlay-color":"","overlay-opacity":"","overlay-gradient":""},"mobile":{"background-color":"","background-image":"","background-repeat":"repeat","background-position":"center center","background-size":"auto","background-attachment":"scroll","background-type":"","background-media":"","overlay-type":"","overlay-color":"","overlay-opacity":"","overlay-gradient":""}},"ast-content-background-meta":{"desktop":{"background-color":"var(--ast-global-color-5)","background-image":"","background-repeat":"repeat","background-position":"center center","background-size":"auto","background-attachment":"scroll","background-type":"","background-media":"","overlay-type":"","overlay-color":"","overlay-opacity":"","overlay-gradient":""},"tablet":{"background-color":"var(--ast-global-color-5)","background-image":"","background-repeat":"repeat","background-position":"center center","background-size":"auto","background-attachment":"scroll","background-type":"","background-media":"","overlay-type":"","overlay-color":"","overlay-opacity":"","overlay-gradient":""},"mobile":{"background-color":"var(--ast-global-color-5)","background-image":"","background-repeat":"repeat","background-position":"center center","background-size":"auto","background-attachment":"scroll","background-type":"","background-media":"","overlay-type":"","overlay-color":"","overlay-opacity":"","overlay-gradient":""}},"footnotes":""},"categories":[65,29],"tags":[411],"class_list":["post-15362","post","type-post","status-publish","format-standard","has-post-thumbnail","hentry","category-crp","category-portada","tag-innovacio"],"post_mailing_queue_ids":[],"_links":{"self":[{"href":"https:\/\/serveiseducatius.xtec.cat\/lescorts\/wp-json\/wp\/v2\/posts\/15362","targetHints":{"allow":["GET"]}}],"collection":[{"href":"https:\/\/serveiseducatius.xtec.cat\/lescorts\/wp-json\/wp\/v2\/posts"}],"about":[{"href":"https:\/\/serveiseducatius.xtec.cat\/lescorts\/wp-json\/wp\/v2\/types\/post"}],"author":[{"embeddable":true,"href":"https:\/\/serveiseducatius.xtec.cat\/lescorts\/wp-json\/wp\/v2\/users\/1"}],"replies":[{"embeddable":true,"href":"https:\/\/serveiseducatius.xtec.cat\/lescorts\/wp-json\/wp\/v2\/comments?post=15362"}],"version-history":[{"count":3,"href":"https:\/\/serveiseducatius.xtec.cat\/lescorts\/wp-json\/wp\/v2\/posts\/15362\/revisions"}],"predecessor-version":[{"id":15366,"href":"https:\/\/serveiseducatius.xtec.cat\/lescorts\/wp-json\/wp\/v2\/posts\/15362\/revisions\/15366"}],"wp:featuredmedia":[{"embeddable":true,"href":"https:\/\/serveiseducatius.xtec.cat\/lescorts\/wp-json\/wp\/v2\/media\/15363"}],"wp:attachment":[{"href":"https:\/\/serveiseducatius.xtec.cat\/lescorts\/wp-json\/wp\/v2\/media?parent=15362"}],"wp:term":[{"taxonomy":"category","embeddable":true,"href":"https:\/\/serveiseducatius.xtec.cat\/lescorts\/wp-json\/wp\/v2\/categories?post=15362"},{"taxonomy":"post_tag","embeddable":true,"href":"https:\/\/serveiseducatius.xtec.cat\/lescorts\/wp-json\/wp\/v2\/tags?post=15362"}],"curies":[{"name":"wp","href":"https:\/\/api.w.org\/{rel}","templated":true}]}}