{"id":15335,"date":"2023-03-08T15:53:42","date_gmt":"2023-03-08T14:53:42","guid":{"rendered":"https:\/\/serveiseducatius.xtec.cat\/lescorts\/?p=15335"},"modified":"2023-03-15T12:10:35","modified_gmt":"2023-03-15T11:10:35","slug":"el-curriculum","status":"publish","type":"post","link":"https:\/\/serveiseducatius.xtec.cat\/lescorts\/portada\/el-curriculum\/","title":{"rendered":"Xerrada &#8216;Barxiluna \u0628\u0631\u0634\u0644\u0648\u0646\u0629. (Des)mem\u00f2ria del passat i present isl\u00e0mic: El curr\u00edculum&#8217;"},"content":{"rendered":"<p style=\"text-align: center;\"><img loading=\"lazy\" decoding=\"async\" class=\"aligncenter wp-image-15336\" src=\"https:\/\/serveiseducatius.xtec.cat\/lescorts\/wp-content\/uploads\/usu1169\/2023\/03\/Barxiluna_TW.jpg\" alt=\"\" width=\"556\" height=\"278\" srcset=\"https:\/\/serveiseducatius.xtec.cat\/lescorts\/wp-content\/uploads\/usu1169\/2023\/03\/Barxiluna_TW.jpg 1024w, https:\/\/serveiseducatius.xtec.cat\/lescorts\/wp-content\/uploads\/usu1169\/2023\/03\/Barxiluna_TW-300x150.jpg 300w, https:\/\/serveiseducatius.xtec.cat\/lescorts\/wp-content\/uploads\/usu1169\/2023\/03\/Barxiluna_TW-768x384.jpg 768w\" sizes=\"auto, (max-width: 556px) 100vw, 556px\" \/><\/p>\n<ul>\n<li style=\"font-weight: 400;\"><strong>Dia: dimecres 15 de mar\u00e7<\/strong><\/li>\n<li style=\"font-weight: 400;\"><strong>Horari: de 18 h a 20 h<\/strong><\/li>\n<li style=\"font-weight: 400;\"><strong>Lloc: Centre de Recursos Pedag\u00f2gics (CRP) \u2013 Les Corts (C\/ Galileu, 229)<\/strong><\/li>\n<li style=\"font-weight: 400;\"><strong>Cal inscripci\u00f3 pr\u00e8via enviant un correu a <a href=\"mailto:espaiavinyo@bcn.cat\">espaiavinyo@bcn.cat<\/a>\u00a0explicant la teva relaci\u00f3 amb la tem\u00e0tica.<\/strong><\/li>\n<li style=\"font-weight: 400;\"><strong>Places limitades!<\/strong><\/li>\n<\/ul>\n<p style=\"font-weight: 400;\">Com s&#8217;ha transm\u00e8s la hist\u00f2ria i la pres\u00e8ncia isl\u00e0mica en diverses assignatures del curr\u00edculum educatiu catal\u00e0? Quins discursos i formes de representaci\u00f3 de l&#8217;islam s&#8217;utilitzen avui dia en els llibres de text?<\/p>\n<p style=\"font-weight: 400;\">En el marc del cicle\u00a0<a href=\"https:\/\/via.ecomunica.barcelona.cat\/lnk\/EAAAA9y8IOUAAAAAAAAAANrJxlAAAYCrTVgAAAAAABrPOgBkByEHC1dhBHv8RSWxe2901U36sgAV5Bc\/7\/JIn6SOMfJcFKJHCjSg7TWA\/aHR0cHM6Ly9hanVudGFtZW50LmJhcmNlbG9uYS5jYXQvYmNuYWNjaW9pbnRlcmN1bHR1cmFsL2NhL25vdGljaWEvYmFyeGlsdW5hLWRlc21lbW9yaWEtZGVsLXBhc3NhdC1pLXByZXNlbnQtaXNsYW1pYy1zaW5pY2lhLWFxdWVzdC1vY3R1YnJlXzEyMTIxODk\" data-saferedirecturl=\"https:\/\/www.google.com\/url?q=https:\/\/via.ecomunica.barcelona.cat\/lnk\/EAAAA9y8IOUAAAAAAAAAANrJxlAAAYCrTVgAAAAAABrPOgBkByEHC1dhBHv8RSWxe2901U36sgAV5Bc\/7\/JIn6SOMfJcFKJHCjSg7TWA\/aHR0cHM6Ly9hanVudGFtZW50LmJhcmNlbG9uYS5jYXQvYmNuYWNjaW9pbnRlcmN1bHR1cmFsL2NhL25vdGljaWEvYmFyeGlsdW5hLWRlc21lbW9yaWEtZGVsLXBhc3NhdC1pLXByZXNlbnQtaXNsYW1pYy1zaW5pY2lhLWFxdWVzdC1vY3R1YnJlXzEyMTIxODk&amp;source=gmail&amp;ust=1678358957268000&amp;usg=AOvVaw0pubknC8umXAtPk4okcbZv\"><strong>Barxiluna \u0628\u0631\u0634\u0644\u0648\u0646\u0629 :(Des)mem\u00f2ria del passat i present isl\u00e0mic<\/strong><\/a>, i despr\u00e9s de reflexionar sobre la\u00a0<a href=\"https:\/\/via.ecomunica.barcelona.cat\/lnk\/EAAAA9y8IOUAAAAAAAAAANrJxlAAAYCrTVgAAAAAABrPOgBkByEHC1dhBHv8RSWxe2901U36sgAV5Bc\/8\/Y3DsbWcTtF1QSGSWiDQakg\/aHR0cHM6Ly9hanVudGFtZW50LmJhcmNlbG9uYS5jYXQvYmNuYWNjaW9pbnRlcmN1bHR1cmFsL2NhL2VzcGFpLWF2aW55by9yZWN1cnNvcy9iYXJ4aWx1bmEtYnJzaGx3bi1kZXNtZW1vcmlhLWRlbC1wYXNzYXQtaS1wcmVzZW50LWlzbGFtaWMtaGlzdG9yaWEtaS1wYXRyaW1vbmk\" data-saferedirecturl=\"https:\/\/www.google.com\/url?q=https:\/\/via.ecomunica.barcelona.cat\/lnk\/EAAAA9y8IOUAAAAAAAAAANrJxlAAAYCrTVgAAAAAABrPOgBkByEHC1dhBHv8RSWxe2901U36sgAV5Bc\/8\/Y3DsbWcTtF1QSGSWiDQakg\/aHR0cHM6Ly9hanVudGFtZW50LmJhcmNlbG9uYS5jYXQvYmNuYWNjaW9pbnRlcmN1bHR1cmFsL2NhL2VzcGFpLWF2aW55by9yZWN1cnNvcy9iYXJ4aWx1bmEtYnJzaGx3bi1kZXNtZW1vcmlhLWRlbC1wYXNzYXQtaS1wcmVzZW50LWlzbGFtaWMtaGlzdG9yaWEtaS1wYXRyaW1vbmk&amp;source=gmail&amp;ust=1678358957268000&amp;usg=AOvVaw0eZZ7FgiKF6xdpVDaB-uU8\">hist\u00f2ria i patrimoni<\/a>\u00a0i la\u00a0<a href=\"https:\/\/via.ecomunica.barcelona.cat\/lnk\/EAAAA9y8IOUAAAAAAAAAANrJxlAAAYCrTVgAAAAAABrPOgBkByEHC1dhBHv8RSWxe2901U36sgAV5Bc\/9\/9s5uimdjnrFI7rE3duiYrA\/aHR0cHM6Ly9hanVudGFtZW50LmJhcmNlbG9uYS5jYXQvYmNuYWNjaW9pbnRlcmN1bHR1cmFsL2NhL2VzcGFpLWF2aW55by9yZWN1cnNvcy9iYXJ4aWx1bmEtYnJzaGx3bi1tdXNldXMtaW1wb3NzaWJsZXMtZGUtbGVzLW5hcnJhdGl2ZXMtaGlzdG9yaXF1ZXMtYWwtcmVsYXQ\" data-saferedirecturl=\"https:\/\/www.google.com\/url?q=https:\/\/via.ecomunica.barcelona.cat\/lnk\/EAAAA9y8IOUAAAAAAAAAANrJxlAAAYCrTVgAAAAAABrPOgBkByEHC1dhBHv8RSWxe2901U36sgAV5Bc\/9\/9s5uimdjnrFI7rE3duiYrA\/aHR0cHM6Ly9hanVudGFtZW50LmJhcmNlbG9uYS5jYXQvYmNuYWNjaW9pbnRlcmN1bHR1cmFsL2NhL2VzcGFpLWF2aW55by9yZWN1cnNvcy9iYXJ4aWx1bmEtYnJzaGx3bi1tdXNldXMtaW1wb3NzaWJsZXMtZGUtbGVzLW5hcnJhdGl2ZXMtaGlzdG9yaXF1ZXMtYWwtcmVsYXQ&amp;source=gmail&amp;ust=1678358957268000&amp;usg=AOvVaw0EnrYNPdZDDFulOqrIab24\">museografia<\/a>\u00a0al voltant del fet isl\u00e0mic, l&#8217;Espai Aviny\u00f3 i l&#8217;Oficina d&#8217;Afers Religiosos (OAR), us proposen generar un nou espai de debat i treball al voltant del curr\u00edculum escolar.<\/p>\n<p style=\"font-weight: 400;\">A partir de l&#8217;Informe d&#8217;investigaci\u00f3:\u00a0<a href=\"https:\/\/via.ecomunica.barcelona.cat\/lnk\/EAAAA9y8IOUAAAAAAAAAANrJxlAAAYCrTVgAAAAAABrPOgBkByEHC1dhBHv8RSWxe2901U36sgAV5Bc\/10\/UIBhs_FP5BRuSmNKjVEF4Q\/aHR0cHM6Ly93d3cuc29zcmFjaXNtb21hZHJpZC5lcy9pbmZvcm1lLWRlLWludmVzdGlnYWNpb24tYXByZW5kaWVuZG8tcmFjaXNtby1yYWNpc21vLWVzdHJ1Y3R1cmFsLWVuLWxpYnJvcy1kZS10ZXh0by8\" data-saferedirecturl=\"https:\/\/www.google.com\/url?q=https:\/\/via.ecomunica.barcelona.cat\/lnk\/EAAAA9y8IOUAAAAAAAAAANrJxlAAAYCrTVgAAAAAABrPOgBkByEHC1dhBHv8RSWxe2901U36sgAV5Bc\/10\/UIBhs_FP5BRuSmNKjVEF4Q\/aHR0cHM6Ly93d3cuc29zcmFjaXNtb21hZHJpZC5lcy9pbmZvcm1lLWRlLWludmVzdGlnYWNpb24tYXByZW5kaWVuZG8tcmFjaXNtby1yYWNpc21vLWVzdHJ1Y3R1cmFsLWVuLWxpYnJvcy1kZS10ZXh0by8&amp;source=gmail&amp;ust=1678358957268000&amp;usg=AOvVaw27ovZYP4jXDq56mp_NAobt\">\u201cAprendiendo racismo. Racismo estructural en libros de texto<\/a>&#8221; de SOS Racismo\u00a0Madrid,\u00a0els coneixements i experi\u00e8ncia de diferents professionals vinculats amb l&#8217;\u00e0mbit educatiu, farem una an\u00e0lisi de contingut sobre els llibres de text i proposarem mesures\u00a0concretes per a garantir una educaci\u00f3 que respecti i inclogui la pluralitat religiosa i cultural en aquest \u00e0mbit.<\/p>\n<p style=\"font-weight: 400;\"><strong>Amb:\u00a0<\/strong><\/p>\n<ul>\n<li style=\"font-weight: 400;\"><a href=\"https:\/\/via.ecomunica.barcelona.cat\/lnk\/EAAAA9y8IOUAAAAAAAAAANrJxlAAAYCrTVgAAAAAABrPOgBkByEHC1dhBHv8RSWxe2901U36sgAV5Bc\/12\/KkL3VPcmnhkhs5jzUZim3g\/aHR0cHM6Ly93d3cuaW5zdGFncmFtLmNvbS9zb3lsYXNlYnRhdWlhLz9pZ3NoaWQ9WW1NeU1UQTJNMlklM0Q\" data-saferedirecturl=\"https:\/\/www.google.com\/url?q=https:\/\/via.ecomunica.barcelona.cat\/lnk\/EAAAA9y8IOUAAAAAAAAAANrJxlAAAYCrTVgAAAAAABrPOgBkByEHC1dhBHv8RSWxe2901U36sgAV5Bc\/12\/KkL3VPcmnhkhs5jzUZim3g\/aHR0cHM6Ly93d3cuaW5zdGFncmFtLmNvbS9zb3lsYXNlYnRhdWlhLz9pZ3NoaWQ9WW1NeU1UQTJNMlklM0Q&amp;source=gmail&amp;ust=1678358957268000&amp;usg=AOvVaw3p2pcTobokvqatVatzppmz\"><strong>Hallar Abderrahaman<\/strong><\/a><\/li>\n<li style=\"font-weight: 400;\"><a href=\"https:\/\/via.ecomunica.barcelona.cat\/lnk\/EAAAA9y8IOUAAAAAAAAAANrJxlAAAYCrTVgAAAAAABrPOgBkByEHC1dhBHv8RSWxe2901U36sgAV5Bc\/13\/AbFWZEBqS9cGoZCc3x1waA\/aHR0cHM6Ly93d3cubGlua2VkaW4uY29tL2luL2FtYW5kYWhhd3Rob3JuZWVhLw\" data-saferedirecturl=\"https:\/\/www.google.com\/url?q=https:\/\/via.ecomunica.barcelona.cat\/lnk\/EAAAA9y8IOUAAAAAAAAAANrJxlAAAYCrTVgAAAAAABrPOgBkByEHC1dhBHv8RSWxe2901U36sgAV5Bc\/13\/AbFWZEBqS9cGoZCc3x1waA\/aHR0cHM6Ly93d3cubGlua2VkaW4uY29tL2luL2FtYW5kYWhhd3Rob3JuZWVhLw&amp;source=gmail&amp;ust=1678358957268000&amp;usg=AOvVaw3ZrCxX39CjN0h__ZcAgVn0\"><strong>Amanda Hawthorne<\/strong><\/a><\/li>\n<li style=\"font-weight: 400;\"><a href=\"https:\/\/via.ecomunica.barcelona.cat\/lnk\/EAAAA9y8IOUAAAAAAAAAANrJxlAAAYCrTVgAAAAAABrPOgBkByEHC1dhBHv8RSWxe2901U36sgAV5Bc\/14\/p8_7EmnLlkOPuz5Om57KMA\/aHR0cHM6Ly9saW5rdHIuZWUvbWFyaXRhemFtYnJhbmF2ZWdh\" data-saferedirecturl=\"https:\/\/www.google.com\/url?q=https:\/\/via.ecomunica.barcelona.cat\/lnk\/EAAAA9y8IOUAAAAAAAAAANrJxlAAAYCrTVgAAAAAABrPOgBkByEHC1dhBHv8RSWxe2901U36sgAV5Bc\/14\/p8_7EmnLlkOPuz5Om57KMA\/aHR0cHM6Ly9saW5rdHIuZWUvbWFyaXRhemFtYnJhbmF2ZWdh&amp;source=gmail&amp;ust=1678358957268000&amp;usg=AOvVaw1DOMCIkEE4KJvu1ulPwsvk\"><strong>Marita Zambrana Vega<\/strong><\/a><\/li>\n<\/ul>\n<p style=\"font-weight: 400;\"><strong>Coorganitza: <\/strong><a href=\"https:\/\/ajuntament.barcelona.cat\/bcnacciointercultural\/ca\/espai-avinyo\" target=\"_blank\" rel=\"noopener\">Espai Aviny\u00f3<\/a><strong>\u00a0 i <\/strong><a href=\"https:\/\/via.ecomunica.barcelona.cat\/lnk\/AaoAAIcU7uEAAAAAAAAAAAE3FakAAAAAFXMAAAAAABYzPQBjc7Mq-HFtGkNbSeSoX0WlqKULLQAV5Bc\/9\/g1lzIB-X9Ks-YQIiyTz-uQ\/aHR0cHM6Ly9hanVudGFtZW50LmJhcmNlbG9uYS5jYXQvb2ZpY2luYS1hZmVycy1yZWxpZ2lvc29zL2NhLw\" data-saferedirecturl=\"https:\/\/www.google.com\/url?q=https:\/\/via.ecomunica.barcelona.cat\/lnk\/AaoAAIcU7uEAAAAAAAAAAAE3FakAAAAAFXMAAAAAABYzPQBjc7Mq-HFtGkNbSeSoX0WlqKULLQAV5Bc\/9\/g1lzIB-X9Ks-YQIiyTz-uQ\/aHR0cHM6Ly9hanVudGFtZW50LmJhcmNlbG9uYS5jYXQvb2ZpY2luYS1hZmVycy1yZWxpZ2lvc29zL2NhLw&amp;source=gmail&amp;ust=1678358957268000&amp;usg=AOvVaw1v41JdS205djf61Wy58ms8\">Oficina d\u2019Afers Religiosos<\/a><\/p>\n<p style=\"font-weight: 400;\"><strong>Col\u00b7labora:<\/strong>\u00a0<a href=\"https:\/\/via.ecomunica.barcelona.cat\/lnk\/EAAAA9y8IOUAAAAAAAAAANrJxlAAAYCrTVgAAAAAABrPOgBkByEHC1dhBHv8RSWxe2901U36sgAV5Bc\/15\/jDmZA9u-VvREcXYdabdGcA\/aHR0cHM6Ly9zZXJ2ZWlzZWR1Y2F0aXVzLnh0ZWMuY2F0L2xlc2NvcnRzLw\" data-saferedirecturl=\"https:\/\/www.google.com\/url?q=https:\/\/via.ecomunica.barcelona.cat\/lnk\/EAAAA9y8IOUAAAAAAAAAANrJxlAAAYCrTVgAAAAAABrPOgBkByEHC1dhBHv8RSWxe2901U36sgAV5Bc\/15\/jDmZA9u-VvREcXYdabdGcA\/aHR0cHM6Ly9zZXJ2ZWlzZWR1Y2F0aXVzLnh0ZWMuY2F0L2xlc2NvcnRzLw&amp;source=gmail&amp;ust=1678358957268000&amp;usg=AOvVaw1cxnAcffd9TfjvIM6JJYE8\">Centre de Recursos Pedag\u00f2gics (CRP) \u2013 Les Corts<\/a><\/p>\n<p style=\"font-weight: 400;\">\n","protected":false},"excerpt":{"rendered":"<p>Dia: dimecres 15 de mar\u00e7 Horari: de 18 h a 20 h Lloc: Centre de Recursos Pedag\u00f2gics (CRP) \u2013 Les Corts (C\/ Galileu, 229) Cal inscripci\u00f3 pr\u00e8via enviant un correu a espaiavinyo@bcn.cat\u00a0explicant la teva relaci\u00f3 amb la tem\u00e0tica. Places limitades! Com s&#8217;ha transm\u00e8s la hist\u00f2ria i la pres\u00e8ncia isl\u00e0mica en diverses assignatures del curr\u00edculum educatiu [&hellip;]<\/p>\n","protected":false},"author":1,"featured_media":15336,"comment_status":"closed","ping_status":"closed","sticky":false,"template":"","format":"standard","meta":{"_bbp_topic_count":0,"_bbp_reply_count":0,"_bbp_total_topic_count":0,"_bbp_total_reply_count":0,"_bbp_voice_count":0,"_bbp_anonymous_reply_count":0,"_bbp_topic_count_hidden":0,"_bbp_reply_count_hidden":0,"_bbp_forum_subforum_count":0,"site-sidebar-layout":"default","site-content-layout":"","ast-site-content-layout":"","site-content-style":"default","site-sidebar-style":"default","ast-global-header-display":"","ast-banner-title-visibility":"","ast-main-header-display":"","ast-hfb-above-header-display":"","ast-hfb-below-header-display":"","ast-hfb-mobile-header-display":"","site-post-title":"","ast-breadcrumbs-content":"","ast-featured-img":"","footer-sml-layout":"","theme-transparent-header-meta":"","adv-header-id-meta":"","stick-header-meta":"","header-above-stick-meta":"","header-main-stick-meta":"","header-below-stick-meta":"","astra-migrate-meta-layouts":"default","ast-page-background-enabled":"default","ast-page-background-meta":{"desktop":{"background-color":"var(--ast-global-color-4)","background-image":"","background-repeat":"repeat","background-position":"center center","background-size":"auto","background-attachment":"scroll","background-type":"","background-media":"","overlay-type":"","overlay-color":"","overlay-opacity":"","overlay-gradient":""},"tablet":{"background-color":"","background-image":"","background-repeat":"repeat","background-position":"center center","background-size":"auto","background-attachment":"scroll","background-type":"","background-media":"","overlay-type":"","overlay-color":"","overlay-opacity":"","overlay-gradient":""},"mobile":{"background-color":"","background-image":"","background-repeat":"repeat","background-position":"center center","background-size":"auto","background-attachment":"scroll","background-type":"","background-media":"","overlay-type":"","overlay-color":"","overlay-opacity":"","overlay-gradient":""}},"ast-content-background-meta":{"desktop":{"background-color":"var(--ast-global-color-5)","background-image":"","background-repeat":"repeat","background-position":"center center","background-size":"auto","background-attachment":"scroll","background-type":"","background-media":"","overlay-type":"","overlay-color":"","overlay-opacity":"","overlay-gradient":""},"tablet":{"background-color":"var(--ast-global-color-5)","background-image":"","background-repeat":"repeat","background-position":"center center","background-size":"auto","background-attachment":"scroll","background-type":"","background-media":"","overlay-type":"","overlay-color":"","overlay-opacity":"","overlay-gradient":""},"mobile":{"background-color":"var(--ast-global-color-5)","background-image":"","background-repeat":"repeat","background-position":"center center","background-size":"auto","background-attachment":"scroll","background-type":"","background-media":"","overlay-type":"","overlay-color":"","overlay-opacity":"","overlay-gradient":""}},"footnotes":""},"categories":[334,65,29],"tags":[452],"class_list":["post-15335","post","type-post","status-publish","format-standard","has-post-thumbnail","hentry","category-ciutadania-i-valors","category-crp","category-portada","tag-interculturalitat"],"post_mailing_queue_ids":[],"_links":{"self":[{"href":"https:\/\/serveiseducatius.xtec.cat\/lescorts\/wp-json\/wp\/v2\/posts\/15335","targetHints":{"allow":["GET"]}}],"collection":[{"href":"https:\/\/serveiseducatius.xtec.cat\/lescorts\/wp-json\/wp\/v2\/posts"}],"about":[{"href":"https:\/\/serveiseducatius.xtec.cat\/lescorts\/wp-json\/wp\/v2\/types\/post"}],"author":[{"embeddable":true,"href":"https:\/\/serveiseducatius.xtec.cat\/lescorts\/wp-json\/wp\/v2\/users\/1"}],"replies":[{"embeddable":true,"href":"https:\/\/serveiseducatius.xtec.cat\/lescorts\/wp-json\/wp\/v2\/comments?post=15335"}],"version-history":[{"count":3,"href":"https:\/\/serveiseducatius.xtec.cat\/lescorts\/wp-json\/wp\/v2\/posts\/15335\/revisions"}],"predecessor-version":[{"id":15341,"href":"https:\/\/serveiseducatius.xtec.cat\/lescorts\/wp-json\/wp\/v2\/posts\/15335\/revisions\/15341"}],"wp:featuredmedia":[{"embeddable":true,"href":"https:\/\/serveiseducatius.xtec.cat\/lescorts\/wp-json\/wp\/v2\/media\/15336"}],"wp:attachment":[{"href":"https:\/\/serveiseducatius.xtec.cat\/lescorts\/wp-json\/wp\/v2\/media?parent=15335"}],"wp:term":[{"taxonomy":"category","embeddable":true,"href":"https:\/\/serveiseducatius.xtec.cat\/lescorts\/wp-json\/wp\/v2\/categories?post=15335"},{"taxonomy":"post_tag","embeddable":true,"href":"https:\/\/serveiseducatius.xtec.cat\/lescorts\/wp-json\/wp\/v2\/tags?post=15335"}],"curies":[{"name":"wp","href":"https:\/\/api.w.org\/{rel}","templated":true}]}}