{"id":15278,"date":"2023-02-02T13:28:53","date_gmt":"2023-02-02T12:28:53","guid":{"rendered":"https:\/\/serveiseducatius.xtec.cat\/lescorts\/?p=15278"},"modified":"2023-02-07T13:22:19","modified_gmt":"2023-02-07T12:22:19","slug":"portes-obertes-centres-publics-de-les-corts","status":"publish","type":"post","link":"https:\/\/serveiseducatius.xtec.cat\/lescorts\/general\/portes-obertes-centres-publics-de-les-corts\/","title":{"rendered":"Portes Obertes centres p\u00fablics de Les Corts"},"content":{"rendered":"<p style=\"text-align: center;\"><img loading=\"lazy\" decoding=\"async\" class=\"aligncenter wp-image-15287 size-full\" src=\"https:\/\/serveiseducatius.xtec.cat\/lescorts\/wp-content\/uploads\/usu1169\/2023\/02\/Cartell-Portes-Obertes-LesCorts-1.png\" alt=\"\" width=\"1585\" height=\"1895\" srcset=\"https:\/\/serveiseducatius.xtec.cat\/lescorts\/wp-content\/uploads\/usu1169\/2023\/02\/Cartell-Portes-Obertes-LesCorts-1.png 1585w, https:\/\/serveiseducatius.xtec.cat\/lescorts\/wp-content\/uploads\/usu1169\/2023\/02\/Cartell-Portes-Obertes-LesCorts-1-251x300.png 251w, https:\/\/serveiseducatius.xtec.cat\/lescorts\/wp-content\/uploads\/usu1169\/2023\/02\/Cartell-Portes-Obertes-LesCorts-1-856x1024.png 856w, https:\/\/serveiseducatius.xtec.cat\/lescorts\/wp-content\/uploads\/usu1169\/2023\/02\/Cartell-Portes-Obertes-LesCorts-1-768x918.png 768w, https:\/\/serveiseducatius.xtec.cat\/lescorts\/wp-content\/uploads\/usu1169\/2023\/02\/Cartell-Portes-Obertes-LesCorts-1-1285x1536.png 1285w\" sizes=\"auto, (max-width: 1585px) 100vw, 1585px\" \/><\/p>\n<p><img loading=\"lazy\" decoding=\"async\" class=\"r-4qtqp9 r-dflpy8 r-sjv1od r-zw8f10 r-10akycc r-h9hxbl\" title=\"Meg\u00e1fono\" draggable=\"false\" src=\"https:\/\/abs-0.twimg.com\/emoji\/v2\/svg\/1f4e2.svg\" alt=\"\ud83d\udce2\" width=\"61\" height=\"61\" \/><span class=\"css-901oao css-16my406 r-poiln3 r-bcqeeo r-qvutc0\"><strong>Portes Obertes<\/strong> als centres p\u00fablics d&#8217;Educaci\u00f3 Prim\u00e0ria i de Secund\u00e0ria de Les Corts.<\/span><\/p>\n<ul>\n<li><span class=\"css-901oao css-16my406 r-poiln3 r-bcqeeo r-qvutc0\">Sessi\u00f3 informativa per a fam\u00edlies el 15 de febrer a la Seu del Districte.<\/span><\/li>\n<\/ul>\n","protected":false},"excerpt":{"rendered":"<p>Portes Obertes als centres p\u00fablics d&#8217;Educaci\u00f3 Prim\u00e0ria i de Secund\u00e0ria de Les Corts. Sessi\u00f3 informativa per a fam\u00edlies el 15 de febrer a la Seu del Districte.<\/p>\n","protected":false},"author":1,"featured_media":15287,"comment_status":"closed","ping_status":"closed","sticky":false,"template":"","format":"standard","meta":{"_bbp_topic_count":0,"_bbp_reply_count":0,"_bbp_total_topic_count":0,"_bbp_total_reply_count":0,"_bbp_voice_count":0,"_bbp_anonymous_reply_count":0,"_bbp_topic_count_hidden":0,"_bbp_reply_count_hidden":0,"_bbp_forum_subforum_count":0,"site-sidebar-layout":"default","site-content-layout":"","ast-site-content-layout":"","site-content-style":"default","site-sidebar-style":"default","ast-global-header-display":"","ast-banner-title-visibility":"","ast-main-header-display":"","ast-hfb-above-header-display":"","ast-hfb-below-header-display":"","ast-hfb-mobile-header-display":"","site-post-title":"","ast-breadcrumbs-content":"","ast-featured-img":"","footer-sml-layout":"","theme-transparent-header-meta":"","adv-header-id-meta":"","stick-header-meta":"","header-above-stick-meta":"","header-main-stick-meta":"","header-below-stick-meta":"","astra-migrate-meta-layouts":"default","ast-page-background-enabled":"default","ast-page-background-meta":{"desktop":{"background-color":"var(--ast-global-color-4)","background-image":"","background-repeat":"repeat","background-position":"center center","background-size":"auto","background-attachment":"scroll","background-type":"","background-media":"","overlay-type":"","overlay-color":"","overlay-opacity":"","overlay-gradient":""},"tablet":{"background-color":"","background-image":"","background-repeat":"repeat","background-position":"center center","background-size":"auto","background-attachment":"scroll","background-type":"","background-media":"","overlay-type":"","overlay-color":"","overlay-opacity":"","overlay-gradient":""},"mobile":{"background-color":"","background-image":"","background-repeat":"repeat","background-position":"center center","background-size":"auto","background-attachment":"scroll","background-type":"","background-media":"","overlay-type":"","overlay-color":"","overlay-opacity":"","overlay-gradient":""}},"ast-content-background-meta":{"desktop":{"background-color":"var(--ast-global-color-5)","background-image":"","background-repeat":"repeat","background-position":"center center","background-size":"auto","background-attachment":"scroll","background-type":"","background-media":"","overlay-type":"","overlay-color":"","overlay-opacity":"","overlay-gradient":""},"tablet":{"background-color":"var(--ast-global-color-5)","background-image":"","background-repeat":"repeat","background-position":"center center","background-size":"auto","background-attachment":"scroll","background-type":"","background-media":"","overlay-type":"","overlay-color":"","overlay-opacity":"","overlay-gradient":""},"mobile":{"background-color":"var(--ast-global-color-5)","background-image":"","background-repeat":"repeat","background-position":"center center","background-size":"auto","background-attachment":"scroll","background-type":"","background-media":"","overlay-type":"","overlay-color":"","overlay-opacity":"","overlay-gradient":""}},"footnotes":""},"categories":[1,29],"tags":[],"class_list":["post-15278","post","type-post","status-publish","format-standard","has-post-thumbnail","hentry","category-general","category-portada"],"post_mailing_queue_ids":[],"_links":{"self":[{"href":"https:\/\/serveiseducatius.xtec.cat\/lescorts\/wp-json\/wp\/v2\/posts\/15278","targetHints":{"allow":["GET"]}}],"collection":[{"href":"https:\/\/serveiseducatius.xtec.cat\/lescorts\/wp-json\/wp\/v2\/posts"}],"about":[{"href":"https:\/\/serveiseducatius.xtec.cat\/lescorts\/wp-json\/wp\/v2\/types\/post"}],"author":[{"embeddable":true,"href":"https:\/\/serveiseducatius.xtec.cat\/lescorts\/wp-json\/wp\/v2\/users\/1"}],"replies":[{"embeddable":true,"href":"https:\/\/serveiseducatius.xtec.cat\/lescorts\/wp-json\/wp\/v2\/comments?post=15278"}],"version-history":[{"count":3,"href":"https:\/\/serveiseducatius.xtec.cat\/lescorts\/wp-json\/wp\/v2\/posts\/15278\/revisions"}],"predecessor-version":[{"id":15288,"href":"https:\/\/serveiseducatius.xtec.cat\/lescorts\/wp-json\/wp\/v2\/posts\/15278\/revisions\/15288"}],"wp:featuredmedia":[{"embeddable":true,"href":"https:\/\/serveiseducatius.xtec.cat\/lescorts\/wp-json\/wp\/v2\/media\/15287"}],"wp:attachment":[{"href":"https:\/\/serveiseducatius.xtec.cat\/lescorts\/wp-json\/wp\/v2\/media?parent=15278"}],"wp:term":[{"taxonomy":"category","embeddable":true,"href":"https:\/\/serveiseducatius.xtec.cat\/lescorts\/wp-json\/wp\/v2\/categories?post=15278"},{"taxonomy":"post_tag","embeddable":true,"href":"https:\/\/serveiseducatius.xtec.cat\/lescorts\/wp-json\/wp\/v2\/tags?post=15278"}],"curies":[{"name":"wp","href":"https:\/\/api.w.org\/{rel}","templated":true}]}}