{"id":15169,"date":"2022-11-29T11:52:54","date_gmt":"2022-11-29T10:52:54","guid":{"rendered":"https:\/\/serveiseducatius.xtec.cat\/lescorts\/?p=15169"},"modified":"2023-03-30T15:16:04","modified_gmt":"2023-03-30T13:16:04","slug":"seminari-de-inclusiva-la-salut-mental-en-la-infancia-i-adolescencia-a-catalunya","status":"publish","type":"post","link":"https:\/\/serveiseducatius.xtec.cat\/lescorts\/portada\/seminari-de-inclusiva-la-salut-mental-en-la-infancia-i-adolescencia-a-catalunya\/","title":{"rendered":"Seminari d&#8217; Inclusiva: la salut mental en la inf\u00e0ncia i l&#8217;adolesc\u00e8ncia a Catalunya"},"content":{"rendered":"<p style=\"text-align: center;\"><a href=\"https:\/\/serveiseducatius.xtec.cat\/lescorts\/wp-content\/uploads\/usu1169\/2022\/11\/SMIAC22.png\"><img loading=\"lazy\" decoding=\"async\" class=\"alignnone size-full wp-image-15170\" src=\"https:\/\/serveiseducatius.xtec.cat\/lescorts\/wp-content\/uploads\/usu1169\/2022\/11\/SMIAC22.png\" alt=\"\" width=\"429\" height=\"460\" srcset=\"https:\/\/serveiseducatius.xtec.cat\/lescorts\/wp-content\/uploads\/usu1169\/2022\/11\/SMIAC22.png 429w, https:\/\/serveiseducatius.xtec.cat\/lescorts\/wp-content\/uploads\/usu1169\/2022\/11\/SMIAC22-280x300.png 280w\" sizes=\"auto, (max-width: 429px) 100vw, 429px\" \/><\/a><\/p>\n<p>El punt de partida del <strong>Seminari d&#8217;Educaci\u00f3 Inclusiva del SE Les Corts<\/strong>, que aquest curs escolar 22-23 compta amb la participaci\u00f3 de mestres d&#8217;educaci\u00f3 especial i orientadores educatives de diversos centres del districte, ha estat el document &#8220;La salut mental en la inf\u00e0ncia i l&#8217;adolesc\u00e8ncia a Catalunya&#8221; (1), publicat el juny de 2022 pel Dpt. de Drets Socials.<\/p>\n<div>\n<blockquote>\n<div>\u00a0<i>&#8220;El 10,6% de la poblaci\u00f3 de 4 a 14 anys t\u00e9 probabilitat de patir un problema de salut mental, sense difer\u00e8ncies significatives segons el sexe. (&#8230;) La probabilitat de patir un problema de salut mental en aquesta poblaci\u00f3 mostra una tend\u00e8ncia creixent des del per\u00edode 2014-2015, que es fa m\u00e9s evident en el per\u00edode 2018-2019 i s&#8217;accentua en el per\u00edode 2019-2020. (&#8230;) Segons la mateixa enquesta, la inf\u00e0ncia de la classe social menys afavorida (13,5%) tenen un risc m\u00e9s alt de patir un problema de salut mental i\/o addiccions que la inf\u00e0ncia de la classe <\/i><i>social m\u00e9s afavorida (6%). D&#8217;altra banda, un estudi recent amb una mostra composta b\u00e0sicament per alumnes catalans estima una incid\u00e8ncia dels trastorns del neurodesenvolupament (que inclouen els d\u2019aprenentatge) d\u2019un 18%; \u00e9s a dir, gaireb\u00e9 1 de cada 5 alumnes.&#8221;<\/i><\/div>\n<\/blockquote>\n<div><\/div>\n<p>Durant les primeres sessions del <strong>Seminari d&#8217;Educaci\u00f3 Inclusiva<\/strong>, les professionals participants han realitzat un treball cooperatiu amb la finalitat de fer propostes concretes que els centres podrien endegar a fi de donar resposta a aquesta situaci\u00f3 que tant ens preocupa. Aix\u00ed, hem publicat un breu document de treball en format PDF que recull aquestes propostes i reflexions (2). Des del SE Les Corts volem agrair la seva participaci\u00f3 i implicaci\u00f3 i alhora volem encoratjar tothom a fer les vostres aportacions a aquesta nova edici\u00f3 del seminari.<\/p>\n<p>La salut mental dels nostres alumnes \u00e9s una prioritat inexcusable.<\/p>\n<p style=\"text-align: center;\">\n<\/div>\n<div>\n<h4><a href=\"https:\/\/serveiseducatius.xtec.cat\/lescorts\/wp-content\/uploads\/usu1169\/2022\/11\/Salut-mental-de-la-inf-ncia-i-l-adolesc-ncia-a-Catalunya-1665300711.pdf\">(1) La salut mental de la inf\u00e0ncia i l&#8217;adolesc\u00e8ncia a Catalunya. Dpt. Drets Socials. Juny 2022.\u00a0 PDF.<\/a><\/h4>\n<h4><a href=\"https:\/\/serveiseducatius.xtec.cat\/lescorts\/wp-content\/uploads\/usu1169\/2022\/11\/Seminari-Inclusiva-22-23-Les-Corts.-DOC1.pdf\">(2) Seminari Inclusiva 22-23 Les Corts. Document de Treball 1<\/a><\/h4>\n<\/div>\n<p>&nbsp;<\/p>\n<p>&nbsp;<\/p>\n<div>\n<div><\/div>\n<div><\/div>\n<div>\n<div><\/div>\n<\/div>\n<\/div>\n","protected":false},"excerpt":{"rendered":"<p>El punt de partida del Seminari d&#8217;Educaci\u00f3 Inclusiva del SE Les Corts, que aquest curs escolar 22-23 compta amb la participaci\u00f3 de mestres d&#8217;educaci\u00f3 especial i orientadores educatives de diversos centres del districte, ha estat el document &#8220;La salut mental en la inf\u00e0ncia i l&#8217;adolesc\u00e8ncia a Catalunya&#8221; (1), publicat el juny de 2022 pel Dpt. [&hellip;]<\/p>\n","protected":false},"author":63,"featured_media":15170,"comment_status":"closed","ping_status":"closed","sticky":false,"template":"","format":"standard","meta":{"_bbp_topic_count":0,"_bbp_reply_count":0,"_bbp_total_topic_count":0,"_bbp_total_reply_count":0,"_bbp_voice_count":0,"_bbp_anonymous_reply_count":0,"_bbp_topic_count_hidden":0,"_bbp_reply_count_hidden":0,"_bbp_forum_subforum_count":0,"site-sidebar-layout":"default","site-content-layout":"","ast-site-content-layout":"","site-content-style":"default","site-sidebar-style":"default","ast-global-header-display":"","ast-banner-title-visibility":"","ast-main-header-display":"","ast-hfb-above-header-display":"","ast-hfb-below-header-display":"","ast-hfb-mobile-header-display":"","site-post-title":"","ast-breadcrumbs-content":"","ast-featured-img":"","footer-sml-layout":"","theme-transparent-header-meta":"","adv-header-id-meta":"","stick-header-meta":"","header-above-stick-meta":"","header-main-stick-meta":"","header-below-stick-meta":"","astra-migrate-meta-layouts":"default","ast-page-background-enabled":"default","ast-page-background-meta":{"desktop":{"background-color":"var(--ast-global-color-4)","background-image":"","background-repeat":"repeat","background-position":"center center","background-size":"auto","background-attachment":"scroll","background-type":"","background-media":"","overlay-type":"","overlay-color":"","overlay-opacity":"","overlay-gradient":""},"tablet":{"background-color":"","background-image":"","background-repeat":"repeat","background-position":"center center","background-size":"auto","background-attachment":"scroll","background-type":"","background-media":"","overlay-type":"","overlay-color":"","overlay-opacity":"","overlay-gradient":""},"mobile":{"background-color":"","background-image":"","background-repeat":"repeat","background-position":"center center","background-size":"auto","background-attachment":"scroll","background-type":"","background-media":"","overlay-type":"","overlay-color":"","overlay-opacity":"","overlay-gradient":""}},"ast-content-background-meta":{"desktop":{"background-color":"var(--ast-global-color-5)","background-image":"","background-repeat":"repeat","background-position":"center center","background-size":"auto","background-attachment":"scroll","background-type":"","background-media":"","overlay-type":"","overlay-color":"","overlay-opacity":"","overlay-gradient":""},"tablet":{"background-color":"var(--ast-global-color-5)","background-image":"","background-repeat":"repeat","background-position":"center center","background-size":"auto","background-attachment":"scroll","background-type":"","background-media":"","overlay-type":"","overlay-color":"","overlay-opacity":"","overlay-gradient":""},"mobile":{"background-color":"var(--ast-global-color-5)","background-image":"","background-repeat":"repeat","background-position":"center center","background-size":"auto","background-attachment":"scroll","background-type":"","background-media":"","overlay-type":"","overlay-color":"","overlay-opacity":"","overlay-gradient":""}},"footnotes":""},"categories":[67,154,156,153,29,445],"tags":[],"class_list":["post-15169","post","type-post","status-publish","format-standard","has-post-thumbnail","hentry","category-eap","category-formacio","category-materials-de-formacio","category-pfz","category-portada","category-seminari-educacio-inclusiva"],"post_mailing_queue_ids":[],"_links":{"self":[{"href":"https:\/\/serveiseducatius.xtec.cat\/lescorts\/wp-json\/wp\/v2\/posts\/15169","targetHints":{"allow":["GET"]}}],"collection":[{"href":"https:\/\/serveiseducatius.xtec.cat\/lescorts\/wp-json\/wp\/v2\/posts"}],"about":[{"href":"https:\/\/serveiseducatius.xtec.cat\/lescorts\/wp-json\/wp\/v2\/types\/post"}],"author":[{"embeddable":true,"href":"https:\/\/serveiseducatius.xtec.cat\/lescorts\/wp-json\/wp\/v2\/users\/63"}],"replies":[{"embeddable":true,"href":"https:\/\/serveiseducatius.xtec.cat\/lescorts\/wp-json\/wp\/v2\/comments?post=15169"}],"version-history":[{"count":4,"href":"https:\/\/serveiseducatius.xtec.cat\/lescorts\/wp-json\/wp\/v2\/posts\/15169\/revisions"}],"predecessor-version":[{"id":15399,"href":"https:\/\/serveiseducatius.xtec.cat\/lescorts\/wp-json\/wp\/v2\/posts\/15169\/revisions\/15399"}],"wp:featuredmedia":[{"embeddable":true,"href":"https:\/\/serveiseducatius.xtec.cat\/lescorts\/wp-json\/wp\/v2\/media\/15170"}],"wp:attachment":[{"href":"https:\/\/serveiseducatius.xtec.cat\/lescorts\/wp-json\/wp\/v2\/media?parent=15169"}],"wp:term":[{"taxonomy":"category","embeddable":true,"href":"https:\/\/serveiseducatius.xtec.cat\/lescorts\/wp-json\/wp\/v2\/categories?post=15169"},{"taxonomy":"post_tag","embeddable":true,"href":"https:\/\/serveiseducatius.xtec.cat\/lescorts\/wp-json\/wp\/v2\/tags?post=15169"}],"curies":[{"name":"wp","href":"https:\/\/api.w.org\/{rel}","templated":true}]}}