{"id":14804,"date":"2022-07-04T12:35:22","date_gmt":"2022-07-04T10:35:22","guid":{"rendered":"https:\/\/serveiseducatius.xtec.cat\/lescorts\/?p=14804"},"modified":"2023-01-23T16:10:42","modified_gmt":"2023-01-23T15:10:42","slug":"fira-de-recerca-de-les-corts-2023","status":"publish","type":"post","link":"https:\/\/serveiseducatius.xtec.cat\/lescorts\/general\/fira-de-recerca-de-les-corts-2023\/","title":{"rendered":"Setmana de la Recerca a Les Corts 2023"},"content":{"rendered":"<pre><span style=\"color: #ff0000;\"><strong>ANUL\u00b7LADA per al 2022-23<\/strong><\/span>\r\n\r\n<strong>\r\nDescripci\u00f3\r\n\r\n\r\nDe l'11 al 19 de maig<\/strong> celebrarem la Setmana de la Recerca a Les Corts <strong>al CC Pere Quart<\/strong> amb l'objectiu de compartir les millors recerques de les diferents escoles i instituts de Les Corts en les diferents etapes educatives i \u00e0mbits de recerca. \r\nEl format ser\u00e0 com el d'una Fira on els i les alumnes es repartiran en diferents espais i explicaran les recerques realitzades al llarg del curs a altres alumnes interessats. El m\u00e9s important \u00e9s explicar el proc\u00e9s.\r\nEls centres participants hauran d'omplir una fitxa per tal que el CRP pugui elaborar els p\u00f2sters per a la Fira.\r\nS'establiran uns torns per als diferents centres educatius.\r\nAl llarg de la setmana s'exposaran tots els treballs presentats per tal de donar a con\u00e8ixer a tot el barri les diferents Recerques. <strong>\r\n\r\nObjectius\r\n\r\n<\/strong>- Apropar l'alumnat al coneixement de diferents \u00e0mbits vinculats a la ci\u00e8ncia, la tecnologia, la rob\u00f2tica i l'aprenentatge servei.\r\n- Resoldre problemes reals a partir de les recerques de l'alumnat.\r\n- Fomentar l'aprenentatge entre iguals.\r\n- Promocionar la igualtat de g\u00e8nere dins el m\u00f3n cient\u00edfic i tecnol\u00f2gic.\r\n- Comunicar, exposar i argumentar el proc\u00e9s de recerca.\r\n<strong>\r\nCalendari\r\n\r\nDijous 11 de maig de 17h a 19h: Sessi\u00f3 inaugural al CC Pere Quart <\/strong>on comptarem amb la xerrada d'alguna experta en recerca i es presentar\u00e0 l'exposici\u00f3 dels diferents treballs.\r\n\r\n\r\n<\/pre>\n<pre><\/pre>\n","protected":false},"excerpt":{"rendered":"<p>ANUL\u00b7LADA per al 2022-23 Descripci\u00f3 De l&#8217;11 al 19 de maig celebrarem la Setmana de la Recerca a Les Corts al CC Pere Quart amb l&#8217;objectiu de compartir les millors recerques de les diferents escoles i instituts de Les Corts en les diferents etapes educatives i \u00e0mbits de recerca. El format ser\u00e0 com el d&#8217;una [&hellip;]<\/p>\n","protected":false},"author":1,"featured_media":0,"comment_status":"closed","ping_status":"closed","sticky":false,"template":"","format":"standard","meta":{"_bbp_topic_count":0,"_bbp_reply_count":0,"_bbp_total_topic_count":0,"_bbp_total_reply_count":0,"_bbp_voice_count":0,"_bbp_anonymous_reply_count":0,"_bbp_topic_count_hidden":0,"_bbp_reply_count_hidden":0,"_bbp_forum_subforum_count":0,"site-sidebar-layout":"default","site-content-layout":"","ast-site-content-layout":"","site-content-style":"default","site-sidebar-style":"default","ast-global-header-display":"","ast-banner-title-visibility":"","ast-main-header-display":"","ast-hfb-above-header-display":"","ast-hfb-below-header-display":"","ast-hfb-mobile-header-display":"","site-post-title":"","ast-breadcrumbs-content":"","ast-featured-img":"","footer-sml-layout":"","theme-transparent-header-meta":"","adv-header-id-meta":"","stick-header-meta":"","header-above-stick-meta":"","header-main-stick-meta":"","header-below-stick-meta":"","astra-migrate-meta-layouts":"default","ast-page-background-enabled":"default","ast-page-background-meta":{"desktop":{"background-color":"var(--ast-global-color-4)","background-image":"","background-repeat":"repeat","background-position":"center center","background-size":"auto","background-attachment":"scroll","background-type":"","background-media":"","overlay-type":"","overlay-color":"","overlay-opacity":"","overlay-gradient":""},"tablet":{"background-color":"","background-image":"","background-repeat":"repeat","background-position":"center center","background-size":"auto","background-attachment":"scroll","background-type":"","background-media":"","overlay-type":"","overlay-color":"","overlay-opacity":"","overlay-gradient":""},"mobile":{"background-color":"","background-image":"","background-repeat":"repeat","background-position":"center center","background-size":"auto","background-attachment":"scroll","background-type":"","background-media":"","overlay-type":"","overlay-color":"","overlay-opacity":"","overlay-gradient":""}},"ast-content-background-meta":{"desktop":{"background-color":"var(--ast-global-color-5)","background-image":"","background-repeat":"repeat","background-position":"center center","background-size":"auto","background-attachment":"scroll","background-type":"","background-media":"","overlay-type":"","overlay-color":"","overlay-opacity":"","overlay-gradient":""},"tablet":{"background-color":"var(--ast-global-color-5)","background-image":"","background-repeat":"repeat","background-position":"center center","background-size":"auto","background-attachment":"scroll","background-type":"","background-media":"","overlay-type":"","overlay-color":"","overlay-opacity":"","overlay-gradient":""},"mobile":{"background-color":"var(--ast-global-color-5)","background-image":"","background-repeat":"repeat","background-position":"center center","background-size":"auto","background-attachment":"scroll","background-type":"","background-media":"","overlay-type":"","overlay-color":"","overlay-opacity":"","overlay-gradient":""}},"footnotes":""},"categories":[1],"tags":[],"class_list":["post-14804","post","type-post","status-publish","format-standard","hentry","category-general"],"post_mailing_queue_ids":[],"_links":{"self":[{"href":"https:\/\/serveiseducatius.xtec.cat\/lescorts\/wp-json\/wp\/v2\/posts\/14804","targetHints":{"allow":["GET"]}}],"collection":[{"href":"https:\/\/serveiseducatius.xtec.cat\/lescorts\/wp-json\/wp\/v2\/posts"}],"about":[{"href":"https:\/\/serveiseducatius.xtec.cat\/lescorts\/wp-json\/wp\/v2\/types\/post"}],"author":[{"embeddable":true,"href":"https:\/\/serveiseducatius.xtec.cat\/lescorts\/wp-json\/wp\/v2\/users\/1"}],"replies":[{"embeddable":true,"href":"https:\/\/serveiseducatius.xtec.cat\/lescorts\/wp-json\/wp\/v2\/comments?post=14804"}],"version-history":[{"count":3,"href":"https:\/\/serveiseducatius.xtec.cat\/lescorts\/wp-json\/wp\/v2\/posts\/14804\/revisions"}],"predecessor-version":[{"id":15242,"href":"https:\/\/serveiseducatius.xtec.cat\/lescorts\/wp-json\/wp\/v2\/posts\/14804\/revisions\/15242"}],"wp:attachment":[{"href":"https:\/\/serveiseducatius.xtec.cat\/lescorts\/wp-json\/wp\/v2\/media?parent=14804"}],"wp:term":[{"taxonomy":"category","embeddable":true,"href":"https:\/\/serveiseducatius.xtec.cat\/lescorts\/wp-json\/wp\/v2\/categories?post=14804"},{"taxonomy":"post_tag","embeddable":true,"href":"https:\/\/serveiseducatius.xtec.cat\/lescorts\/wp-json\/wp\/v2\/tags?post=14804"}],"curies":[{"name":"wp","href":"https:\/\/api.w.org\/{rel}","templated":true}]}}