{"id":14562,"date":"2022-05-10T15:07:35","date_gmt":"2022-05-10T13:07:35","guid":{"rendered":"https:\/\/serveiseducatius.xtec.cat\/lescorts\/?p=14562"},"modified":"2022-05-10T18:17:38","modified_gmt":"2022-05-10T16:17:38","slug":"treballs-guardonats-als-xxxvi-jocs-florals-escolars-de-les-corts-2022","status":"publish","type":"post","link":"https:\/\/serveiseducatius.xtec.cat\/lescorts\/portada\/treballs-guardonats-als-xxxvi-jocs-florals-escolars-de-les-corts-2022\/","title":{"rendered":"Treballs guardonats als XXXVI Jocs Florals Escolars de les Corts 2022"},"content":{"rendered":"<blockquote><p>El divendres 6 de maig de 2022 s&#8217;ha reunit el jurat del Servei Educatiu de les Corts per seleccionar els treballs guardonats als <strong>XXXVI Jocs Florals Escolars de les Corts<\/strong>.<\/p>\n<p><img loading=\"lazy\" decoding=\"async\" class=\" wp-image-14563 alignright\" src=\"https:\/\/serveiseducatius.xtec.cat\/lescorts\/wp-content\/uploads\/usu1169\/2022\/05\/jocs-florals-les-corts-1-300x134.png\" alt=\"\" width=\"468\" height=\"209\" srcset=\"https:\/\/serveiseducatius.xtec.cat\/lescorts\/wp-content\/uploads\/usu1169\/2022\/05\/jocs-florals-les-corts-1-300x134.png 300w, https:\/\/serveiseducatius.xtec.cat\/lescorts\/wp-content\/uploads\/usu1169\/2022\/05\/jocs-florals-les-corts-1-768x344.png 768w, https:\/\/serveiseducatius.xtec.cat\/lescorts\/wp-content\/uploads\/usu1169\/2022\/05\/jocs-florals-les-corts-1.png 783w\" sizes=\"auto, (max-width: 468px) 100vw, 468px\" \/>El jurat format ha seleccionat els seg\u00fcents treballs, un per a cada categoria presentada:<\/p>\n<ul>\n<li>Alumnat del cicle inicial d\u2019educaci\u00f3 prim\u00e0ria, prosa. L\u2019obra titulada\u00a0<strong>La caputxeta for\u00e7uda\u00a0<\/strong>del grup d\u2019alumnes de Cicle Inicial del Col\u00b7legi St. Ramon Sagrat Cor.<\/li>\n<li>Alumnat del cicle inicial d\u2019educaci\u00f3 prim\u00e0ria, poesia. L\u2019obra titulada\u00a0<strong>La carpa i el ren<\/strong>\u00a0del grup d\u2019alumnes de Cicle Inicial de l\u2019Escola Lav\u00ednia.<\/li>\n<li>Alumnat del cicle mitj\u00e0 d\u2019educaci\u00f3 prim\u00e0ria, prosa. L\u2019obra titulada\u00a0<strong>Hansel i Gretel<\/strong>\u00a0del grup d\u2019alumnes de Cicle Mitj\u00e0 del Col\u00b7legi St. Ramon Sagrat Cor.<\/li>\n<li>Alumnat del cicle mitj\u00e0 d\u2019educaci\u00f3 prim\u00e0ria, poesia. L\u2019obra titulada<strong>L\u2019amistat<\/strong>\u00a0del grup d\u2019alumnes de Cicle Mitj\u00e0 de l\u2019Escola Duran i Bas.<\/li>\n<li>Alumnat del cicle superior d\u2019educaci\u00f3 prim\u00e0ria, prosa. L\u2019obra titulada\u00a0<strong>Somni infinit<\/strong>\u00a0del grup d\u2019alumnes de Cicle Superior del Col\u00b7legi St. Ramon Sagrat Cor.<\/li>\n<li>Alumnat del cicle superior d\u2019educaci\u00f3 prim\u00e0ria, poesia. L\u2019obra titulada\u00a0<strong>Pinotxa\u00a0<\/strong>del grup d\u2019alumnes de Cicle Superior del Col\u00b7legi St. Ramon Sagrat Cor.<\/li>\n<li>Alumnat amb necessitats educatives de suport educatiu d\u2019educaci\u00f3 prim\u00e0ria. L\u2019obra titulada\u00a0<strong>Primavera al dente<\/strong>\u00a0de l\u2019Escola Esclat.<\/li>\n<li>Alumnat amb necessitats educatives de suport educatiu d\u2019educaci\u00f3 secund\u00e0ria poesia. L\u2019obra titulada\u00a0<strong>A trav\u00e9s de la finestra<\/strong>\u00a0de l\u2019alumna J.R. de l\u2019Escola Esclat.<\/li>\n<li>Alumnat amb necessitats educatives de suport educatiu d\u2019educaci\u00f3 secund\u00e0ria prosa. L\u2019obra titulada\u00a0<strong>La carta que hauria d\u2019haver ensenyat<\/strong>\u00a0de l\u2019alumna K.R. del Col\u00b7legi Paideia.<\/li>\n<li>Alumnat de 1r i 2n d\u2019educaci\u00f3 secund\u00e0ria obligat\u00f2ria prosa. L\u2019obra titulada\u00a0<strong>Un cor heroi\u00a0<\/strong>de l\u2019alumna I. J. de l\u2019IE Tres Fonts de Les Corts.<\/li>\n<li>Alumnat de 1r i 2n d\u2019educaci\u00f3 secund\u00e0ria obligat\u00f2ria poesia. L\u2019obra titulada\u00a0<strong>Negror<\/strong>\u00a0de l\u2019alumne S. V. de l\u2019Institut Les Corts.<\/li>\n<li>Alumnat de 3r i 4t d\u2019educaci\u00f3 secund\u00e0ria obligat\u00f2ria prosa. L\u2019obra titulada<strong>\u00a0Passa el n\u00favol i ja\u00a0<\/strong>de l\u2019alumna M. A. del Col\u00b7legi St. Ramon Nonat.<\/li>\n<li>Alumnat de 3r i 4t d\u2019educaci\u00f3 secund\u00e0ria obligat\u00f2ria poesia. L\u2019obra titulada<strong>\u00a0Dif\u00edcils decisions<\/strong>\u00a0de l\u2019alumne E. R. del Col\u00b7legi St. Ramon Sagrat Cor.<\/li>\n<li>Conte audiovisual i il\u00b7lustrat per a tot l\u2019alumnat de prim\u00e0ria. L\u2019obra titulada\u00a0<strong>El cavaller Sant Jordi i Steve<\/strong>\u00a0del grup d\u2019alumnes de l\u2019aula d\u2019acollida l\u2019IE Tres Fonts de Les Corts.<\/li>\n<\/ul>\n<p>Durant la deliberaci\u00f3 s\u2019ha mantingut l\u2019anonimat tant dels centres com del grup d\u2019alumnes, autors i autores dels escrits presentats dels diferents centres educatius del districte de Les Corts.<\/p>\n<p>No s\u2019ha presentat cap treball de les categoria J. Alumnat de graduat d\u2019educaci\u00f3 secund\u00e0ria obligat\u00f2ria de centres de formaci\u00f3 d\u2019adults. Prosa i Poesia.<\/p>\n<p>&nbsp;<\/p>\n<h5><strong>Gr\u00e0cies per la vostra participaci\u00f3, felicitats als seleccionats i molta sort a la seg\u00fcent fase!<\/strong><\/h5>\n<ul style=\"list-style-type: circle;\">\n<li><strong>2a fase<\/strong> Els guardonats i les guardonades de les categories A1, A2, B1, B2, C1, C2, D1, D2, E1, E2, F1, F2, G1, G2 i H es presentaran als Jocs Florals Escolars de Barcelona, <strong>el 31 de maig<\/strong>.<\/li>\n<li><strong>3a fase<\/strong> Final dels Jocs Florals de Catalunya,\u00a0<strong>el 18 de juny.<\/strong> Els seleccionats i les seleccionades a la fase de ciutat concorreran als Jocs Florals Escolars de Catalunya.<\/li>\n<\/ul>\n<\/blockquote>\n","protected":false},"excerpt":{"rendered":"<p>El divendres 6 de maig de 2022 s&#8217;ha reunit el jurat del Servei Educatiu de les Corts per seleccionar els treballs guardonats als XXXVI Jocs Florals Escolars de les Corts. El jurat format ha seleccionat els seg\u00fcents treballs, un per a cada categoria presentada: Alumnat del cicle inicial d\u2019educaci\u00f3 prim\u00e0ria, prosa. L\u2019obra titulada\u00a0La caputxeta for\u00e7uda\u00a0del [&hellip;]<\/p>\n","protected":false},"author":11,"featured_media":14563,"comment_status":"closed","ping_status":"closed","sticky":false,"template":"","format":"standard","meta":{"_bbp_topic_count":0,"_bbp_reply_count":0,"_bbp_total_topic_count":0,"_bbp_total_reply_count":0,"_bbp_voice_count":0,"_bbp_anonymous_reply_count":0,"_bbp_topic_count_hidden":0,"_bbp_reply_count_hidden":0,"_bbp_forum_subforum_count":0,"site-sidebar-layout":"default","site-content-layout":"","ast-site-content-layout":"","site-content-style":"default","site-sidebar-style":"default","ast-global-header-display":"","ast-banner-title-visibility":"","ast-main-header-display":"","ast-hfb-above-header-display":"","ast-hfb-below-header-display":"","ast-hfb-mobile-header-display":"","site-post-title":"","ast-breadcrumbs-content":"","ast-featured-img":"","footer-sml-layout":"","theme-transparent-header-meta":"","adv-header-id-meta":"","stick-header-meta":"","header-above-stick-meta":"","header-main-stick-meta":"","header-below-stick-meta":"","astra-migrate-meta-layouts":"default","ast-page-background-enabled":"default","ast-page-background-meta":{"desktop":{"background-color":"var(--ast-global-color-4)","background-image":"","background-repeat":"repeat","background-position":"center center","background-size":"auto","background-attachment":"scroll","background-type":"","background-media":"","overlay-type":"","overlay-color":"","overlay-opacity":"","overlay-gradient":""},"tablet":{"background-color":"","background-image":"","background-repeat":"repeat","background-position":"center center","background-size":"auto","background-attachment":"scroll","background-type":"","background-media":"","overlay-type":"","overlay-color":"","overlay-opacity":"","overlay-gradient":""},"mobile":{"background-color":"","background-image":"","background-repeat":"repeat","background-position":"center center","background-size":"auto","background-attachment":"scroll","background-type":"","background-media":"","overlay-type":"","overlay-color":"","overlay-opacity":"","overlay-gradient":""}},"ast-content-background-meta":{"desktop":{"background-color":"var(--ast-global-color-5)","background-image":"","background-repeat":"repeat","background-position":"center center","background-size":"auto","background-attachment":"scroll","background-type":"","background-media":"","overlay-type":"","overlay-color":"","overlay-opacity":"","overlay-gradient":""},"tablet":{"background-color":"var(--ast-global-color-5)","background-image":"","background-repeat":"repeat","background-position":"center center","background-size":"auto","background-attachment":"scroll","background-type":"","background-media":"","overlay-type":"","overlay-color":"","overlay-opacity":"","overlay-gradient":""},"mobile":{"background-color":"var(--ast-global-color-5)","background-image":"","background-repeat":"repeat","background-position":"center center","background-size":"auto","background-attachment":"scroll","background-type":"","background-media":"","overlay-type":"","overlay-color":"","overlay-opacity":"","overlay-gradient":""}},"footnotes":""},"categories":[65,68,71,29],"tags":[432],"class_list":["post-14562","post","type-post","status-publish","format-standard","has-post-thumbnail","hentry","category-crp","category-elic","category-jocs-florals","category-portada","tag-jocs-florals"],"post_mailing_queue_ids":[],"_links":{"self":[{"href":"https:\/\/serveiseducatius.xtec.cat\/lescorts\/wp-json\/wp\/v2\/posts\/14562","targetHints":{"allow":["GET"]}}],"collection":[{"href":"https:\/\/serveiseducatius.xtec.cat\/lescorts\/wp-json\/wp\/v2\/posts"}],"about":[{"href":"https:\/\/serveiseducatius.xtec.cat\/lescorts\/wp-json\/wp\/v2\/types\/post"}],"author":[{"embeddable":true,"href":"https:\/\/serveiseducatius.xtec.cat\/lescorts\/wp-json\/wp\/v2\/users\/11"}],"replies":[{"embeddable":true,"href":"https:\/\/serveiseducatius.xtec.cat\/lescorts\/wp-json\/wp\/v2\/comments?post=14562"}],"version-history":[{"count":3,"href":"https:\/\/serveiseducatius.xtec.cat\/lescorts\/wp-json\/wp\/v2\/posts\/14562\/revisions"}],"predecessor-version":[{"id":14566,"href":"https:\/\/serveiseducatius.xtec.cat\/lescorts\/wp-json\/wp\/v2\/posts\/14562\/revisions\/14566"}],"wp:featuredmedia":[{"embeddable":true,"href":"https:\/\/serveiseducatius.xtec.cat\/lescorts\/wp-json\/wp\/v2\/media\/14563"}],"wp:attachment":[{"href":"https:\/\/serveiseducatius.xtec.cat\/lescorts\/wp-json\/wp\/v2\/media?parent=14562"}],"wp:term":[{"taxonomy":"category","embeddable":true,"href":"https:\/\/serveiseducatius.xtec.cat\/lescorts\/wp-json\/wp\/v2\/categories?post=14562"},{"taxonomy":"post_tag","embeddable":true,"href":"https:\/\/serveiseducatius.xtec.cat\/lescorts\/wp-json\/wp\/v2\/tags?post=14562"}],"curies":[{"name":"wp","href":"https:\/\/api.w.org\/{rel}","templated":true}]}}