{"id":14524,"date":"2022-04-22T12:03:18","date_gmt":"2022-04-22T10:03:18","guid":{"rendered":"https:\/\/serveiseducatius.xtec.cat\/lescorts\/?p=14524"},"modified":"2022-04-22T12:03:18","modified_gmt":"2022-04-22T10:03:18","slug":"dia-internacional-de-la-dansa-a-les-corts","status":"publish","type":"post","link":"https:\/\/serveiseducatius.xtec.cat\/lescorts\/general\/dia-internacional-de-la-dansa-a-les-corts\/","title":{"rendered":"Dia Internacional de la Dansa a Les Corts"},"content":{"rendered":"<p>El\u00a0<strong>Grup CHM Salut Mental<\/strong>\u00a0i\u00a0<a href=\"https:\/\/www.lacaldera.info\/es\/inicio\" target=\"_blank\" rel=\"noopener\"><strong>La Caldera de les Corts<\/strong><\/a>,\u00a0<strong>Centre de Creaci\u00f3 de Dansa i Arts Esc\u00e8niques<\/strong>, comparteixen la mateixa passi\u00f3 per la Dansa i us conviden a participar en la\u00a0<strong>Celebraci\u00f3 del Dia Internacional de la Dansa<\/strong>.<\/p>\n<p>Divendres,\u00a0<strong>29 d\u2019abril<\/strong>\u00a0a les 17:30h.<br \/>\n<strong>Pla\u00e7a Comas<\/strong>\u00a0de les Corts.<\/p>\n<p>Amb les actuacions de:<\/p>\n<p>\u2022\u00a0<strong>MAG\u00cd SERRA I ANA MARIA KLAJN\u0160\u010cEK<\/strong>\u00a0presentant un fragment de\u00a0<em><strong>Cossoc<\/strong><\/em>.<br \/>\n\u2022\u00a0<strong>LIANT LA TROCA<\/strong>\u00a0amb la pe\u00e7a\u00a0<em><strong>Sense con tacte<\/strong><\/em>.<br \/>\n\u2022 GRUP DANSA dels Serveis de Rehabilitaci\u00f3 Comunit\u00e0ria del\u00a0<strong>Grup CHM Salut Mental<\/strong>\u00a0presentant\u00a0<em><strong>Despertar \u00e9s possible<\/strong><\/em>.<br \/>\n\u2022 L\u2019acte acabar\u00e0 amb una ballada conjunta del tema\u00a0<em><strong>residus del sistema<\/strong><\/em>\u00a0de\u00a0<a href=\"https:\/\/lopetitcomite.com\/\" target=\"_blank\" rel=\"noopener\"><strong>LO PETIT COMIT\u00c8<\/strong><\/a>.<\/p>\n<p>&nbsp;<\/p>\n<p><a href=\"https:\/\/www.grupchmsm.com\/blog\/dia-internacional-de-la-dansa-a-les-corts\/\">M\u00e9s informaci\u00f3<\/a><\/p>\n<p><a href=\"https:\/\/www.youtube.com\/watch?v=vtaLZeq0RP8\">Coreografia Dia de la Dansa<\/a><\/p>\n","protected":false},"excerpt":{"rendered":"<p>El\u00a0Grup CHM Salut Mental\u00a0i\u00a0La Caldera de les Corts,\u00a0Centre de Creaci\u00f3 de Dansa i Arts Esc\u00e8niques, comparteixen la mateixa passi\u00f3 per la Dansa i us conviden a participar en la\u00a0Celebraci\u00f3 del Dia Internacional de la Dansa. Divendres,\u00a029 d\u2019abril\u00a0a les 17:30h. Pla\u00e7a Comas\u00a0de les Corts. Amb les actuacions de: \u2022\u00a0MAG\u00cd SERRA I ANA MARIA KLAJN\u0160\u010cEK\u00a0presentant un fragment [&hellip;]<\/p>\n","protected":false},"author":1,"featured_media":14525,"comment_status":"closed","ping_status":"closed","sticky":false,"template":"","format":"standard","meta":{"_bbp_topic_count":0,"_bbp_reply_count":0,"_bbp_total_topic_count":0,"_bbp_total_reply_count":0,"_bbp_voice_count":0,"_bbp_anonymous_reply_count":0,"_bbp_topic_count_hidden":0,"_bbp_reply_count_hidden":0,"_bbp_forum_subforum_count":0,"site-sidebar-layout":"default","site-content-layout":"","ast-site-content-layout":"","site-content-style":"default","site-sidebar-style":"default","ast-global-header-display":"","ast-banner-title-visibility":"","ast-main-header-display":"","ast-hfb-above-header-display":"","ast-hfb-below-header-display":"","ast-hfb-mobile-header-display":"","site-post-title":"","ast-breadcrumbs-content":"","ast-featured-img":"","footer-sml-layout":"","theme-transparent-header-meta":"","adv-header-id-meta":"","stick-header-meta":"","header-above-stick-meta":"","header-main-stick-meta":"","header-below-stick-meta":"","astra-migrate-meta-layouts":"default","ast-page-background-enabled":"default","ast-page-background-meta":{"desktop":{"background-color":"var(--ast-global-color-4)","background-image":"","background-repeat":"repeat","background-position":"center center","background-size":"auto","background-attachment":"scroll","background-type":"","background-media":"","overlay-type":"","overlay-color":"","overlay-opacity":"","overlay-gradient":""},"tablet":{"background-color":"","background-image":"","background-repeat":"repeat","background-position":"center center","background-size":"auto","background-attachment":"scroll","background-type":"","background-media":"","overlay-type":"","overlay-color":"","overlay-opacity":"","overlay-gradient":""},"mobile":{"background-color":"","background-image":"","background-repeat":"repeat","background-position":"center center","background-size":"auto","background-attachment":"scroll","background-type":"","background-media":"","overlay-type":"","overlay-color":"","overlay-opacity":"","overlay-gradient":""}},"ast-content-background-meta":{"desktop":{"background-color":"var(--ast-global-color-5)","background-image":"","background-repeat":"repeat","background-position":"center center","background-size":"auto","background-attachment":"scroll","background-type":"","background-media":"","overlay-type":"","overlay-color":"","overlay-opacity":"","overlay-gradient":""},"tablet":{"background-color":"var(--ast-global-color-5)","background-image":"","background-repeat":"repeat","background-position":"center center","background-size":"auto","background-attachment":"scroll","background-type":"","background-media":"","overlay-type":"","overlay-color":"","overlay-opacity":"","overlay-gradient":""},"mobile":{"background-color":"var(--ast-global-color-5)","background-image":"","background-repeat":"repeat","background-position":"center center","background-size":"auto","background-attachment":"scroll","background-type":"","background-media":"","overlay-type":"","overlay-color":"","overlay-opacity":"","overlay-gradient":""}},"footnotes":""},"categories":[1,29],"tags":[],"class_list":["post-14524","post","type-post","status-publish","format-standard","has-post-thumbnail","hentry","category-general","category-portada"],"post_mailing_queue_ids":[],"_links":{"self":[{"href":"https:\/\/serveiseducatius.xtec.cat\/lescorts\/wp-json\/wp\/v2\/posts\/14524","targetHints":{"allow":["GET"]}}],"collection":[{"href":"https:\/\/serveiseducatius.xtec.cat\/lescorts\/wp-json\/wp\/v2\/posts"}],"about":[{"href":"https:\/\/serveiseducatius.xtec.cat\/lescorts\/wp-json\/wp\/v2\/types\/post"}],"author":[{"embeddable":true,"href":"https:\/\/serveiseducatius.xtec.cat\/lescorts\/wp-json\/wp\/v2\/users\/1"}],"replies":[{"embeddable":true,"href":"https:\/\/serveiseducatius.xtec.cat\/lescorts\/wp-json\/wp\/v2\/comments?post=14524"}],"version-history":[{"count":1,"href":"https:\/\/serveiseducatius.xtec.cat\/lescorts\/wp-json\/wp\/v2\/posts\/14524\/revisions"}],"predecessor-version":[{"id":14526,"href":"https:\/\/serveiseducatius.xtec.cat\/lescorts\/wp-json\/wp\/v2\/posts\/14524\/revisions\/14526"}],"wp:featuredmedia":[{"embeddable":true,"href":"https:\/\/serveiseducatius.xtec.cat\/lescorts\/wp-json\/wp\/v2\/media\/14525"}],"wp:attachment":[{"href":"https:\/\/serveiseducatius.xtec.cat\/lescorts\/wp-json\/wp\/v2\/media?parent=14524"}],"wp:term":[{"taxonomy":"category","embeddable":true,"href":"https:\/\/serveiseducatius.xtec.cat\/lescorts\/wp-json\/wp\/v2\/categories?post=14524"},{"taxonomy":"post_tag","embeddable":true,"href":"https:\/\/serveiseducatius.xtec.cat\/lescorts\/wp-json\/wp\/v2\/tags?post=14524"}],"curies":[{"name":"wp","href":"https:\/\/api.w.org\/{rel}","templated":true}]}}