{"id":13768,"date":"2021-07-02T14:06:03","date_gmt":"2021-07-02T12:06:03","guid":{"rendered":"http:\/\/serveiseducatius.xtec.cat\/lescorts\/?p=13768"},"modified":"2021-07-06T08:42:06","modified_gmt":"2021-07-06T06:42:06","slug":"teixint-fils-democions-i-cohesio-social-arpilleres-2","status":"publish","type":"post","link":"https:\/\/serveiseducatius.xtec.cat\/lescorts\/portada\/teixint-fils-democions-i-cohesio-social-arpilleres-2\/","title":{"rendered":"TEIXINT FILS D&#8217;EMOCIONS I COHESI\u00d3 SOCIAL: ARPILLERES"},"content":{"rendered":"<p>Projecte que busca crear espais de di\u00e0leg i experimentaci\u00f3 entre el professorat per empoderar-lo en l\u2019\u00fas d\u2019una metodologia que, des de l\u2019art, l\u2019escolta i la transversalitat curricular, li faciliti construir models de relacions, de comunicaci\u00f3 i de formes d\u2019organitzaci\u00f3 no violentes a l\u2019aula.<\/p>\n<p>A trav\u00e9s de combinar la formaci\u00f3 de mestres amb l\u2019aplicaci\u00f3 pr\u00e0ctica d\u2019un projecte a l\u2019aula, Teixint Fils d\u2019Emocions activa un proc\u00e9s de cohesi\u00f3 social, creativitat i conflicte que aconsegueix transformar escoles i comunitats.<\/p>\n<p>Aquest projecte, liderat per <strong>Neus Bartrol\u00ed<\/strong> i <strong>Marina Caireta<\/strong>, est\u00e0 impulsat per un equip de dones conven\u00e7udes de la necessitat d\u2019educar per la cultura de pau i de la for\u00e7a de l\u2019art com a eina per fer-ho.<\/p>\n<p><a href=\"http:\/\/donespauseguretat.cat\/arpilleresescolapau\/\" rel=\"home\">Teixint fils d\u2019emocions i cohesi\u00f3 social: Arpilleres<\/a><\/p>\n<div class=\"gmail_default\"><a href=\"https:\/\/www.youtube.com\/watch?v=rBBZILGIyaA&amp;t=2s\">PRESENTACI\u00d3 DE PROJECTES TFE<\/a><\/div>\n<div><\/div>\n<div class=\"gmail_default\"><\/div>\n<div class=\"gmail_default\"><a href=\"https:\/\/www.youtube.com\/watch?v=xlvsUAZRnQg&amp;t=145s\">TROBADA DE NARRATIVES T\u00c8XTILS<\/a><\/div>\n<div><\/div>\n<div class=\"gmail_default\"><\/div>\n<p>&nbsp;<\/p>\n","protected":false},"excerpt":{"rendered":"<p>Projecte que busca crear espais de di\u00e0leg i experimentaci\u00f3 entre el professorat per empoderar-lo en l\u2019\u00fas d\u2019una metodologia que, des de l\u2019art, l\u2019escolta i la transversalitat curricular, li faciliti construir models de relacions, de comunicaci\u00f3 i de formes d\u2019organitzaci\u00f3 no violentes a l\u2019aula. A trav\u00e9s de combinar la formaci\u00f3 de mestres amb l\u2019aplicaci\u00f3 pr\u00e0ctica d\u2019un [&hellip;]<\/p>\n","protected":false},"author":1,"featured_media":13769,"comment_status":"closed","ping_status":"closed","sticky":false,"template":"","format":"standard","meta":{"_bbp_topic_count":0,"_bbp_reply_count":0,"_bbp_total_topic_count":0,"_bbp_total_reply_count":0,"_bbp_voice_count":0,"_bbp_anonymous_reply_count":0,"_bbp_topic_count_hidden":0,"_bbp_reply_count_hidden":0,"_bbp_forum_subforum_count":0,"site-sidebar-layout":"default","site-content-layout":"","ast-site-content-layout":"","site-content-style":"default","site-sidebar-style":"default","ast-global-header-display":"","ast-banner-title-visibility":"","ast-main-header-display":"","ast-hfb-above-header-display":"","ast-hfb-below-header-display":"","ast-hfb-mobile-header-display":"","site-post-title":"","ast-breadcrumbs-content":"","ast-featured-img":"","footer-sml-layout":"","theme-transparent-header-meta":"","adv-header-id-meta":"","stick-header-meta":"","header-above-stick-meta":"","header-main-stick-meta":"","header-below-stick-meta":"","astra-migrate-meta-layouts":"default","ast-page-background-enabled":"default","ast-page-background-meta":{"desktop":{"background-color":"var(--ast-global-color-4)","background-image":"","background-repeat":"repeat","background-position":"center center","background-size":"auto","background-attachment":"scroll","background-type":"","background-media":"","overlay-type":"","overlay-color":"","overlay-opacity":"","overlay-gradient":""},"tablet":{"background-color":"","background-image":"","background-repeat":"repeat","background-position":"center center","background-size":"auto","background-attachment":"scroll","background-type":"","background-media":"","overlay-type":"","overlay-color":"","overlay-opacity":"","overlay-gradient":""},"mobile":{"background-color":"","background-image":"","background-repeat":"repeat","background-position":"center center","background-size":"auto","background-attachment":"scroll","background-type":"","background-media":"","overlay-type":"","overlay-color":"","overlay-opacity":"","overlay-gradient":""}},"ast-content-background-meta":{"desktop":{"background-color":"var(--ast-global-color-5)","background-image":"","background-repeat":"repeat","background-position":"center center","background-size":"auto","background-attachment":"scroll","background-type":"","background-media":"","overlay-type":"","overlay-color":"","overlay-opacity":"","overlay-gradient":""},"tablet":{"background-color":"var(--ast-global-color-5)","background-image":"","background-repeat":"repeat","background-position":"center center","background-size":"auto","background-attachment":"scroll","background-type":"","background-media":"","overlay-type":"","overlay-color":"","overlay-opacity":"","overlay-gradient":""},"mobile":{"background-color":"var(--ast-global-color-5)","background-image":"","background-repeat":"repeat","background-position":"center center","background-size":"auto","background-attachment":"scroll","background-type":"","background-media":"","overlay-type":"","overlay-color":"","overlay-opacity":"","overlay-gradient":""}},"footnotes":""},"categories":[29],"tags":[],"class_list":["post-13768","post","type-post","status-publish","format-standard","has-post-thumbnail","hentry","category-portada"],"post_mailing_queue_ids":[],"_links":{"self":[{"href":"https:\/\/serveiseducatius.xtec.cat\/lescorts\/wp-json\/wp\/v2\/posts\/13768","targetHints":{"allow":["GET"]}}],"collection":[{"href":"https:\/\/serveiseducatius.xtec.cat\/lescorts\/wp-json\/wp\/v2\/posts"}],"about":[{"href":"https:\/\/serveiseducatius.xtec.cat\/lescorts\/wp-json\/wp\/v2\/types\/post"}],"author":[{"embeddable":true,"href":"https:\/\/serveiseducatius.xtec.cat\/lescorts\/wp-json\/wp\/v2\/users\/1"}],"replies":[{"embeddable":true,"href":"https:\/\/serveiseducatius.xtec.cat\/lescorts\/wp-json\/wp\/v2\/comments?post=13768"}],"version-history":[{"count":3,"href":"https:\/\/serveiseducatius.xtec.cat\/lescorts\/wp-json\/wp\/v2\/posts\/13768\/revisions"}],"predecessor-version":[{"id":13795,"href":"https:\/\/serveiseducatius.xtec.cat\/lescorts\/wp-json\/wp\/v2\/posts\/13768\/revisions\/13795"}],"wp:featuredmedia":[{"embeddable":true,"href":"https:\/\/serveiseducatius.xtec.cat\/lescorts\/wp-json\/wp\/v2\/media\/13769"}],"wp:attachment":[{"href":"https:\/\/serveiseducatius.xtec.cat\/lescorts\/wp-json\/wp\/v2\/media?parent=13768"}],"wp:term":[{"taxonomy":"category","embeddable":true,"href":"https:\/\/serveiseducatius.xtec.cat\/lescorts\/wp-json\/wp\/v2\/categories?post=13768"},{"taxonomy":"post_tag","embeddable":true,"href":"https:\/\/serveiseducatius.xtec.cat\/lescorts\/wp-json\/wp\/v2\/tags?post=13768"}],"curies":[{"name":"wp","href":"https:\/\/api.w.org\/{rel}","templated":true}]}}