{"id":13693,"date":"2021-05-05T12:03:53","date_gmt":"2021-05-05T10:03:53","guid":{"rendered":"http:\/\/serveiseducatius.xtec.cat\/lescorts\/?p=13693"},"modified":"2021-05-05T12:05:53","modified_gmt":"2021-05-05T10:05:53","slug":"encara-hi-ha-algu-al-bosc","status":"publish","type":"post","link":"https:\/\/serveiseducatius.xtec.cat\/lescorts\/portada\/encara-hi-ha-algu-al-bosc\/","title":{"rendered":"ENCARA HI HA ALG\u00da AL BOSC"},"content":{"rendered":"<p><span style=\"font-family: arial, sans-serif;\">El <span style=\"font-family: verdana, sans-serif;\">CRAB\u00a0Centre de Recursos\u00a0<\/span>Art\u00edstics de Barcelona (CRP Sant Andreu) i el CIVA Centre de Recursos Ciutadania i Valors (CRP Les Corts) us convidem a una <a href=\"http:\/\/meet.google.com\/ycw-ewyi-ydb\">sessi\u00f3 virtual<\/a> de reflexi\u00f3 pedag\u00f2gica entorn el documental <strong><em>Encara hi ha alg\u00fa al bosc<\/em><\/strong>, de la m\u00e0 de la seva directora, Teresa Turiera-Puigb\u00f2.<b>\u00a0<\/b>Els continguts de la sessi\u00f3 estan pensats per educaci\u00f3 secund\u00e0ria, batxillerats i adults, posant la mirada tant en la lectura del conflicte com en la part art\u00edstica d&#8217;elaboraci\u00f3 del documental.<\/span><\/p>\n<p><span style=\"font-family: arial, sans-serif;\"><b>Data:<\/b> 18 de maig de 2021<\/span><\/p>\n<p><span style=\"font-family: arial, sans-serif;\"><strong>Horari:<\/strong> de les 17.30 a les 18.30 hores.<\/span><\/p>\n<p>Si teniu inter\u00e8s a participar-hi, us podeu\u00a0<a href=\"https:\/\/docs.google.com\/forms\/d\/e\/1FAIpQLSdBZyayHkud65-F-d8GBOCBa0KJclDi7zlEWzRK2rTP9JH6xQ\/viewform\">inscriure aqu\u00ed.\u00a0<\/a><\/p>\n<p>&#8220;Aquest any en far\u00e0 25 que va acabar oficialment la guerra de B\u00f2snia. Per\u00f2, pels protagonistes d&#8217;aquest documental, encara no ha acabat. S\u00f3n les dones que van sobreviure les tortures i violacions com a estrat\u00e8gia de neteja \u00e8tnica, i els nens i nenes que van n\u00e9ixer dels embarassos for\u00e7ats.\u00a0&#8220;Encara hi ha alg\u00fa al bosc&#8221;\u00a0dona veu a les supervivents i als fills fruit de les violacions, que ara tenen 25 anys i que ja no parlen de guerra, sino de la seva\u00a0lluita contra la indifer\u00e8ncia, i d&#8217;unes relacions d&#8217;amor entre mares i fills que s&#8217;imposen a l&#8217;objectiu de barb\u00e0rie que els va fer n\u00e9ixer. Aquest\u00a0<a href=\"https:\/\/www.culturaiconflicte.org\/documental-cat\" target=\"_blank\" rel=\"noopener noreferrer\" data-saferedirecturl=\"https:\/\/www.google.com\/url?q=https:\/\/www.culturaiconflicte.org\/documental-cat&amp;source=gmail&amp;ust=1620293682388000&amp;usg=AFQjCNERDUpQyl-Or3l9IzsgCiD6E4mJqQ\">documental<\/a>,dirigit per\u00a0Teresa Turiera-Puigb\u00f2 Bergad\u00e0\u00a0i\u00a0Erol Ileri Llordella, forma part del projecte multidisciplinar de l&#8217;equip de\u00a0<a href=\"https:\/\/www.culturaiconflicte.org\/inici-cat\" target=\"_blank\" rel=\"noopener noreferrer\" data-saferedirecturl=\"https:\/\/www.google.com\/url?q=https:\/\/www.culturaiconflicte.org\/inici-cat&amp;source=gmail&amp;ust=1620293682388000&amp;usg=AFQjCNHLIjAbJ_1R44JyLSaH7ed6Os0Cdg\">Cultura i Conflicte<\/a>\u00a0que inclou tamb\u00e9 una\u00a0<a href=\"https:\/\/www.culturaiconflicte.org\/foto-cat\" target=\"_blank\" rel=\"noopener noreferrer\" data-saferedirecturl=\"https:\/\/www.google.com\/url?q=https:\/\/www.culturaiconflicte.org\/foto-cat&amp;source=gmail&amp;ust=1620293682388000&amp;usg=AFQjCNETe5Pmcoodi_KJImbUclgFFejR-A\">exposici\u00f3 fotogr\u00e0fica<\/a>\u00a0i una\u00a0<a href=\"https:\/\/www.culturaiconflicte.org\/teatre-cat\" target=\"_blank\" rel=\"noopener noreferrer\" data-saferedirecturl=\"https:\/\/www.google.com\/url?q=https:\/\/www.culturaiconflicte.org\/teatre-cat&amp;source=gmail&amp;ust=1620293682388000&amp;usg=AFQjCNGoURS0DaS-DmSHmwERIuIWPWweFw\">obra de teatre<\/a>.&#8221;<\/p>\n","protected":false},"excerpt":{"rendered":"<p>El CRAB\u00a0Centre de Recursos\u00a0Art\u00edstics de Barcelona (CRP Sant Andreu) i el CIVA Centre de Recursos Ciutadania i Valors (CRP Les Corts) us convidem a una sessi\u00f3 virtual de reflexi\u00f3 pedag\u00f2gica entorn el documental Encara hi ha alg\u00fa al bosc, de la m\u00e0 de la seva directora, Teresa Turiera-Puigb\u00f2.\u00a0Els continguts de la sessi\u00f3 estan pensats per [&hellip;]<\/p>\n","protected":false},"author":1,"featured_media":13694,"comment_status":"closed","ping_status":"closed","sticky":false,"template":"","format":"standard","meta":{"_bbp_topic_count":0,"_bbp_reply_count":0,"_bbp_total_topic_count":0,"_bbp_total_reply_count":0,"_bbp_voice_count":0,"_bbp_anonymous_reply_count":0,"_bbp_topic_count_hidden":0,"_bbp_reply_count_hidden":0,"_bbp_forum_subforum_count":0,"site-sidebar-layout":"default","site-content-layout":"","ast-site-content-layout":"","site-content-style":"default","site-sidebar-style":"default","ast-global-header-display":"","ast-banner-title-visibility":"","ast-main-header-display":"","ast-hfb-above-header-display":"","ast-hfb-below-header-display":"","ast-hfb-mobile-header-display":"","site-post-title":"","ast-breadcrumbs-content":"","ast-featured-img":"","footer-sml-layout":"","theme-transparent-header-meta":"","adv-header-id-meta":"","stick-header-meta":"","header-above-stick-meta":"","header-main-stick-meta":"","header-below-stick-meta":"","astra-migrate-meta-layouts":"default","ast-page-background-enabled":"default","ast-page-background-meta":{"desktop":{"background-color":"var(--ast-global-color-4)","background-image":"","background-repeat":"repeat","background-position":"center center","background-size":"auto","background-attachment":"scroll","background-type":"","background-media":"","overlay-type":"","overlay-color":"","overlay-opacity":"","overlay-gradient":""},"tablet":{"background-color":"","background-image":"","background-repeat":"repeat","background-position":"center center","background-size":"auto","background-attachment":"scroll","background-type":"","background-media":"","overlay-type":"","overlay-color":"","overlay-opacity":"","overlay-gradient":""},"mobile":{"background-color":"","background-image":"","background-repeat":"repeat","background-position":"center center","background-size":"auto","background-attachment":"scroll","background-type":"","background-media":"","overlay-type":"","overlay-color":"","overlay-opacity":"","overlay-gradient":""}},"ast-content-background-meta":{"desktop":{"background-color":"var(--ast-global-color-5)","background-image":"","background-repeat":"repeat","background-position":"center center","background-size":"auto","background-attachment":"scroll","background-type":"","background-media":"","overlay-type":"","overlay-color":"","overlay-opacity":"","overlay-gradient":""},"tablet":{"background-color":"var(--ast-global-color-5)","background-image":"","background-repeat":"repeat","background-position":"center center","background-size":"auto","background-attachment":"scroll","background-type":"","background-media":"","overlay-type":"","overlay-color":"","overlay-opacity":"","overlay-gradient":""},"mobile":{"background-color":"var(--ast-global-color-5)","background-image":"","background-repeat":"repeat","background-position":"center center","background-size":"auto","background-attachment":"scroll","background-type":"","background-media":"","overlay-type":"","overlay-color":"","overlay-opacity":"","overlay-gradient":""}},"footnotes":""},"categories":[29],"tags":[],"class_list":["post-13693","post","type-post","status-publish","format-standard","has-post-thumbnail","hentry","category-portada"],"post_mailing_queue_ids":[],"_links":{"self":[{"href":"https:\/\/serveiseducatius.xtec.cat\/lescorts\/wp-json\/wp\/v2\/posts\/13693","targetHints":{"allow":["GET"]}}],"collection":[{"href":"https:\/\/serveiseducatius.xtec.cat\/lescorts\/wp-json\/wp\/v2\/posts"}],"about":[{"href":"https:\/\/serveiseducatius.xtec.cat\/lescorts\/wp-json\/wp\/v2\/types\/post"}],"author":[{"embeddable":true,"href":"https:\/\/serveiseducatius.xtec.cat\/lescorts\/wp-json\/wp\/v2\/users\/1"}],"replies":[{"embeddable":true,"href":"https:\/\/serveiseducatius.xtec.cat\/lescorts\/wp-json\/wp\/v2\/comments?post=13693"}],"version-history":[{"count":3,"href":"https:\/\/serveiseducatius.xtec.cat\/lescorts\/wp-json\/wp\/v2\/posts\/13693\/revisions"}],"predecessor-version":[{"id":13697,"href":"https:\/\/serveiseducatius.xtec.cat\/lescorts\/wp-json\/wp\/v2\/posts\/13693\/revisions\/13697"}],"wp:featuredmedia":[{"embeddable":true,"href":"https:\/\/serveiseducatius.xtec.cat\/lescorts\/wp-json\/wp\/v2\/media\/13694"}],"wp:attachment":[{"href":"https:\/\/serveiseducatius.xtec.cat\/lescorts\/wp-json\/wp\/v2\/media?parent=13693"}],"wp:term":[{"taxonomy":"category","embeddable":true,"href":"https:\/\/serveiseducatius.xtec.cat\/lescorts\/wp-json\/wp\/v2\/categories?post=13693"},{"taxonomy":"post_tag","embeddable":true,"href":"https:\/\/serveiseducatius.xtec.cat\/lescorts\/wp-json\/wp\/v2\/tags?post=13693"}],"curies":[{"name":"wp","href":"https:\/\/api.w.org\/{rel}","templated":true}]}}