{"id":13597,"date":"2021-03-11T12:31:20","date_gmt":"2021-03-11T11:31:20","guid":{"rendered":"http:\/\/serveiseducatius.xtec.cat\/lescorts\/?p=13597"},"modified":"2021-03-11T12:31:20","modified_gmt":"2021-03-11T11:31:20","slug":"la-veu-de-la-terra","status":"publish","type":"post","link":"https:\/\/serveiseducatius.xtec.cat\/lescorts\/portada\/la-veu-de-la-terra\/","title":{"rendered":"La veu de la Terra"},"content":{"rendered":"<p>El Camp d&#8217;Aprenentatge Pau Casals ens presenta el projecte\u00a0<a href=\"http:\/\/www.laveudelaterra.cat\/\" target=\"_blank\" rel=\"noopener noreferrer\" data-saferedirecturl=\"https:\/\/www.google.com\/url?q=http:\/\/www.laveudelaterra.cat\/&amp;source=gmail&amp;ust=1615544103554000&amp;usg=AFQjCNFRC-pdkgbXj0qGu6ZRnQKeA6hPew\">La veu de la Terra, <\/a>est\u00e0 format per 9 cants i 8 clams intermedis. El propi planeta n\u2019\u00e9s el personatge principal, aixecant la seva veu per denunciar els atacs que est\u00e0 rebent des de fa ja massa temps i acostant-nos a la infinitat de bones sensacions o sentiments positius que ens desperten els seus paisatges.<\/p>\n<p dir=\"ltr\">Aquesta cantata va acompanyada de 44 activitats educatives, amb les seves programacions curriculars, destinades a ser treballades a les escoles i els instituts per tal de facilitar la tasca al professorat, b\u00e9 sigui l\u2019especialista de m\u00fasica o b\u00e9 la resta de l\u2019equip docent que vulgui participar en el projecte.<\/p>\n<p dir=\"ltr\">Les programacions es complementen amb material did\u00e0ctic: videoclips, partitures, bases instrumentals, video-tutorials&#8230; Tamb\u00e9 es posa a l&#8217;abast, les programacions de cada activitat, pautes d\u2019observaci\u00f3 del docent i graelles d\u2019autoavaluaci\u00f3 de l&#8217;alumnat. Tot el material de treball est\u00e0 dissenyat de tal manera que es pugui dur a terme, tamb\u00e9, en situacions d&#8217;excepcionalitat com la que estem vivint.<\/p>\n<p dir=\"ltr\">\n","protected":false},"excerpt":{"rendered":"<p>El Camp d&#8217;Aprenentatge Pau Casals ens presenta el projecte\u00a0La veu de la Terra, est\u00e0 format per 9 cants i 8 clams intermedis. El propi planeta n\u2019\u00e9s el personatge principal, aixecant la seva veu per denunciar els atacs que est\u00e0 rebent des de fa ja massa temps i acostant-nos a la infinitat de bones sensacions o [&hellip;]<\/p>\n","protected":false},"author":1,"featured_media":13598,"comment_status":"closed","ping_status":"closed","sticky":false,"template":"","format":"standard","meta":{"_bbp_topic_count":0,"_bbp_reply_count":0,"_bbp_total_topic_count":0,"_bbp_total_reply_count":0,"_bbp_voice_count":0,"_bbp_anonymous_reply_count":0,"_bbp_topic_count_hidden":0,"_bbp_reply_count_hidden":0,"_bbp_forum_subforum_count":0,"site-sidebar-layout":"default","site-content-layout":"","ast-site-content-layout":"","site-content-style":"default","site-sidebar-style":"default","ast-global-header-display":"","ast-banner-title-visibility":"","ast-main-header-display":"","ast-hfb-above-header-display":"","ast-hfb-below-header-display":"","ast-hfb-mobile-header-display":"","site-post-title":"","ast-breadcrumbs-content":"","ast-featured-img":"","footer-sml-layout":"","theme-transparent-header-meta":"","adv-header-id-meta":"","stick-header-meta":"","header-above-stick-meta":"","header-main-stick-meta":"","header-below-stick-meta":"","astra-migrate-meta-layouts":"default","ast-page-background-enabled":"default","ast-page-background-meta":{"desktop":{"background-color":"var(--ast-global-color-4)","background-image":"","background-repeat":"repeat","background-position":"center center","background-size":"auto","background-attachment":"scroll","background-type":"","background-media":"","overlay-type":"","overlay-color":"","overlay-opacity":"","overlay-gradient":""},"tablet":{"background-color":"","background-image":"","background-repeat":"repeat","background-position":"center center","background-size":"auto","background-attachment":"scroll","background-type":"","background-media":"","overlay-type":"","overlay-color":"","overlay-opacity":"","overlay-gradient":""},"mobile":{"background-color":"","background-image":"","background-repeat":"repeat","background-position":"center center","background-size":"auto","background-attachment":"scroll","background-type":"","background-media":"","overlay-type":"","overlay-color":"","overlay-opacity":"","overlay-gradient":""}},"ast-content-background-meta":{"desktop":{"background-color":"var(--ast-global-color-5)","background-image":"","background-repeat":"repeat","background-position":"center center","background-size":"auto","background-attachment":"scroll","background-type":"","background-media":"","overlay-type":"","overlay-color":"","overlay-opacity":"","overlay-gradient":""},"tablet":{"background-color":"var(--ast-global-color-5)","background-image":"","background-repeat":"repeat","background-position":"center center","background-size":"auto","background-attachment":"scroll","background-type":"","background-media":"","overlay-type":"","overlay-color":"","overlay-opacity":"","overlay-gradient":""},"mobile":{"background-color":"var(--ast-global-color-5)","background-image":"","background-repeat":"repeat","background-position":"center center","background-size":"auto","background-attachment":"scroll","background-type":"","background-media":"","overlay-type":"","overlay-color":"","overlay-opacity":"","overlay-gradient":""}},"footnotes":""},"categories":[29],"tags":[],"class_list":["post-13597","post","type-post","status-publish","format-standard","has-post-thumbnail","hentry","category-portada"],"post_mailing_queue_ids":[],"_links":{"self":[{"href":"https:\/\/serveiseducatius.xtec.cat\/lescorts\/wp-json\/wp\/v2\/posts\/13597","targetHints":{"allow":["GET"]}}],"collection":[{"href":"https:\/\/serveiseducatius.xtec.cat\/lescorts\/wp-json\/wp\/v2\/posts"}],"about":[{"href":"https:\/\/serveiseducatius.xtec.cat\/lescorts\/wp-json\/wp\/v2\/types\/post"}],"author":[{"embeddable":true,"href":"https:\/\/serveiseducatius.xtec.cat\/lescorts\/wp-json\/wp\/v2\/users\/1"}],"replies":[{"embeddable":true,"href":"https:\/\/serveiseducatius.xtec.cat\/lescorts\/wp-json\/wp\/v2\/comments?post=13597"}],"version-history":[{"count":1,"href":"https:\/\/serveiseducatius.xtec.cat\/lescorts\/wp-json\/wp\/v2\/posts\/13597\/revisions"}],"predecessor-version":[{"id":13599,"href":"https:\/\/serveiseducatius.xtec.cat\/lescorts\/wp-json\/wp\/v2\/posts\/13597\/revisions\/13599"}],"wp:featuredmedia":[{"embeddable":true,"href":"https:\/\/serveiseducatius.xtec.cat\/lescorts\/wp-json\/wp\/v2\/media\/13598"}],"wp:attachment":[{"href":"https:\/\/serveiseducatius.xtec.cat\/lescorts\/wp-json\/wp\/v2\/media?parent=13597"}],"wp:term":[{"taxonomy":"category","embeddable":true,"href":"https:\/\/serveiseducatius.xtec.cat\/lescorts\/wp-json\/wp\/v2\/categories?post=13597"},{"taxonomy":"post_tag","embeddable":true,"href":"https:\/\/serveiseducatius.xtec.cat\/lescorts\/wp-json\/wp\/v2\/tags?post=13597"}],"curies":[{"name":"wp","href":"https:\/\/api.w.org\/{rel}","templated":true}]}}