{"id":13440,"date":"2021-01-27T18:19:18","date_gmt":"2021-01-27T17:19:18","guid":{"rendered":"http:\/\/serveiseducatius.xtec.cat\/lescorts\/?p=13440"},"modified":"2021-01-27T18:19:18","modified_gmt":"2021-01-27T17:19:18","slug":"aprofundim-en-la-transformacio-educativa","status":"publish","type":"post","link":"https:\/\/serveiseducatius.xtec.cat\/lescorts\/general\/aprofundim-en-la-transformacio-educativa\/","title":{"rendered":"Aprofundim en la Transformaci\u00f3 Educativa."},"content":{"rendered":"<p>El Laboratori de transformaci\u00f3 educativa ha engegat uns seminaris TEM\u00c0TICS que sota el t\u00edtol conjunt d&#8217;<strong>APROFUNDIM<\/strong> planteja les tres formacions que figuren a continuaci\u00f3:<\/p>\n<p><b>&#8211; <\/b><strong>EIX 1 Organitzaci\u00f3 i gesti\u00f3 de centre (Seminari codi 9001340545)<\/strong><\/p>\n<p>Ponent: Mireia Tintor\u00e9<\/p>\n<p><a href=\"https:\/\/youtu.be\/_LT-i1HWpqA\" data-saferedirecturl=\"https:\/\/www.google.com\/url?q=https:\/\/youtu.be\/_LT-i1HWpqA&amp;source=gmail&amp;ust=1611850625109000&amp;usg=AFQjCNFLkMlMqgM77Eq3melzQ1w3L494sg\">https:\/\/youtu.be\/_LT-i1HWpqA<\/a><\/p>\n<p>T\u00edtols i dates de les sessions:<\/p>\n<ul>\n<li>Lideratge i e-lideratge de centre (28\/01)<\/li>\n<li>Lideratge transformacional en la gesti\u00f3 de centre (17\/02)<\/li>\n<li>Paper de l\u2019equip directiu i l\u2019equip impulsor en la Transformaci\u00f3 Educativa (17\/03)<\/li>\n<\/ul>\n<p>Tota la informaci\u00f3 referent a aquesta sessi\u00f3 del seminari tem\u00e0tic es publicar\u00e0 a l&#8217;espai seg\u00fcent (inclosa la gravaci\u00f3 de la sessi\u00f3):<\/p>\n<p><a href=\"https:\/\/projectes.xtec.cat\/transformacioenxarxa\/general\/distribucio-del-lideratge-i-la-visio-del-centre-educatiu-aprofundim-amb-la-mireia-tintore\/\" data-saferedirecturl=\"https:\/\/www.google.com\/url?q=https:\/\/projectes.xtec.cat\/transformacioenxarxa\/general\/distribucio-del-lideratge-i-la-visio-del-centre-educatiu-aprofundim-amb-la-mireia-tintore\/&amp;source=gmail&amp;ust=1611850625109000&amp;usg=AFQjCNE_Xu3Vp21Ok6OV821y9mqvit2aJQ\">https:\/\/projectes.xtec.cat\/transformacioenxarxa\/general\/distribucio-del-lideratge-i-la-visio-del-centre-educatiu-aprofundim-amb-la-mireia-tintore\/<\/a><\/p>\n<p>Inscripci\u00f3 a trav\u00e9s de l&#8217;enlla\u00e7 seg\u00fcent:\u00a0<a href=\"https:\/\/aplicacions.gestioeducativa.gencat.cat\/pls\/soloas\/pk_for_mod_ins.p_for_pre_cons_activitats?p_any=2020-2021&amp;p_codi=9001340545\" data-saferedirecturl=\"https:\/\/www.google.com\/url?q=https:\/\/aplicacions.gestioeducativa.gencat.cat\/pls\/soloas\/pk_for_mod_ins.p_for_pre_cons_activitats?p_any%3D2020-2021%26p_codi%3D9001340545&amp;source=gmail&amp;ust=1611850625109000&amp;usg=AFQjCNF3Ytz_zVRxG1GsAr53a_x9qlIIRQ\">INSCRIPCI\u00d3 <\/a><\/p>\n<p><b>&#8211; <\/b><strong>EIX 2 Metodologies innovadores (seminari codi 9001350545)<\/strong><\/p>\n<p>Ponent: H\u00e9ctor Ruiz<\/p>\n<p><a href=\"https:\/\/youtu.be\/Fnj00MCbiP0\" data-saferedirecturl=\"https:\/\/www.google.com\/url?q=https:\/\/youtu.be\/Fnj00MCbiP0&amp;source=gmail&amp;ust=1611850625109000&amp;usg=AFQjCNFygttb_mfQMEWsRrA5rRzIt4OzYQ\">https:\/\/youtu.be\/Fnj00MCbiP0<\/a><\/p>\n<p>T\u00edtols i dates de les sessions:<\/p>\n<ul>\n<li>Aprenentatge actiu (28\/01)<\/li>\n<li>Pr\u00e0ctica productiva (11\/02)<\/li>\n<li>Aprenentatge cooperatiu (25\/02)<\/li>\n<li>Avaluaci\u00f3 formativa i\u00a0<em>feedback\u00a0<\/em>(11\/03)<\/li>\n<li>Metacognici\u00f3: estrat\u00e8gies i avaluaci\u00f3 formadora (25\/03)<\/li>\n<\/ul>\n<p>Tota la informaci\u00f3 referent a aquesta sessi\u00f3 del seminari tem\u00e0tic es publicar\u00e0 a l&#8217;espai seg\u00fcent (inclosa la gravaci\u00f3 de la sessi\u00f3):<\/p>\n<p><a href=\"https:\/\/projectes.xtec.cat\/transformacioenxarxa\/general\/aprenentatge-actiu-aprofundim-amb-lhector-ruiz\/\" data-saferedirecturl=\"https:\/\/www.google.com\/url?q=https:\/\/projectes.xtec.cat\/transformacioenxarxa\/general\/aprenentatge-actiu-aprofundim-amb-lhector-ruiz\/&amp;source=gmail&amp;ust=1611850625109000&amp;usg=AFQjCNFXj_MJoyRzDajLuANchldlwgroxw\">https:\/\/projectes.xtec.cat\/transformacioenxarxa\/general\/aprenentatge-actiu-aprofundim-amb-lhector-ruiz\/<\/a><\/p>\n<p>Inscripci\u00f3 a trav\u00e9s de l&#8217;enlla\u00e7 seg\u00fcent: <a href=\"https:\/\/aplicacions.gestioeducativa.gencat.cat\/pls\/soloas\/pk_for_mod_ins.p_for_pre_cons_activitats?p_any=2020-2021&amp;p_codi=9001350545\" data-saferedirecturl=\"https:\/\/www.google.com\/url?q=https:\/\/aplicacions.gestioeducativa.gencat.cat\/pls\/soloas\/pk_for_mod_ins.p_for_pre_cons_activitats?p_any%3D2020-2021%26p_codi%3D9001350545&amp;source=gmail&amp;ust=1611850625109000&amp;usg=AFQjCNHSGggYkF87z2poIN2JBBTL31NpQQ\">INSCRIPCI\u00d3 <\/a><\/p>\n<p><b>&#8211; <\/b><strong>EIX 3 Xarxa i ecosistema educatiu (seminari codi 9001360545)<\/strong><\/p>\n<p>Ponents: Mireia Civis i Jordi D\u00edaz<\/p>\n<p><a href=\"https:\/\/youtu.be\/dhatlqCm7Ik\" data-saferedirecturl=\"https:\/\/www.google.com\/url?q=https:\/\/youtu.be\/dhatlqCm7Ik&amp;source=gmail&amp;ust=1611850625109000&amp;usg=AFQjCNF6duVdHhHQYK_vUMdrDzEyx7VHoA\">https:\/\/youtu.be\/dhatlqCm7Ik<\/a><\/p>\n<p>T\u00edtols i dates de les sessions:<\/p>\n<ul>\n<li>Les relacions humanes i socials com a eix de la Transformaci\u00f3 Educativa (28\/01)<\/li>\n<li>Com la xarxa pot enfortir l\u2019ecosistema d\u2019aprenentatge del centre (09\/02)<\/li>\n<li>Com cultivar i teixir ecosistemes educatius des dels centres. (09\/03)<\/li>\n<\/ul>\n<p>Tota la informaci\u00f3 referent a aquesta sessi\u00f3 del seminari tem\u00e0tic es publicar\u00e0 a l&#8217;espai seg\u00fcent (inclosa la gravaci\u00f3 de la sessi\u00f3):<\/p>\n<p><a href=\"https:\/\/projectes.xtec.cat\/transformacioenxarxa\/general\/les-relacions-humanes-i-socials-com-a-eix-de-la-transformacio-educativa-aprofundim-amb-la-mireia-civis-i-el-jordi-diaz\/\" data-saferedirecturl=\"https:\/\/www.google.com\/url?q=https:\/\/projectes.xtec.cat\/transformacioenxarxa\/general\/les-relacions-humanes-i-socials-com-a-eix-de-la-transformacio-educativa-aprofundim-amb-la-mireia-civis-i-el-jordi-diaz\/&amp;source=gmail&amp;ust=1611850625109000&amp;usg=AFQjCNHEVxQ8m9VKKNcqPfVwZnE9BwJ0Pg\">https:\/\/projectes.xtec.cat\/transformacioenxarxa\/general\/les-relacions-humanes-i-socials-com-a-eix-de-la-transformaci\u00f3-educativa-aprofundim-amb-la-mireia-civis-i-el-jordi-diaz\/<\/a><\/p>\n<p>Inscripci\u00f3 a trav\u00e9s de l&#8217;enlla\u00e7 seg\u00fcent: <a href=\"https:\/\/aplicacions.gestioeducativa.gencat.cat\/pls\/soloas\/pk_for_mod_ins.p_for_pre_cons_activitats?p_any=2020-2021&amp;p_codi=9001360545\" data-saferedirecturl=\"https:\/\/www.google.com\/url?q=https:\/\/aplicacions.gestioeducativa.gencat.cat\/pls\/soloas\/pk_for_mod_ins.p_for_pre_cons_activitats?p_any%3D2020-2021%26p_codi%3D9001360545&amp;source=gmail&amp;ust=1611850625109000&amp;usg=AFQjCNFY-SN7sFwfyoPitTVGPnIdQmRpwQ\">INSCRIPCI\u00d3 <\/a><\/p>\n<p>La primera sessi\u00f3 ser\u00e0 el <strong>dimecres 28 a les 17 hores.<\/strong><\/p>\n","protected":false},"excerpt":{"rendered":"<p>El Laboratori de transformaci\u00f3 educativa ha engegat uns seminaris TEM\u00c0TICS que sota el t\u00edtol conjunt d&#8217;APROFUNDIM planteja les tres formacions que figuren a continuaci\u00f3: &#8211; EIX 1 Organitzaci\u00f3 i gesti\u00f3 de centre (Seminari codi 9001340545) Ponent: Mireia Tintor\u00e9 https:\/\/youtu.be\/_LT-i1HWpqA T\u00edtols i dates de les sessions: Lideratge i e-lideratge de centre (28\/01) Lideratge transformacional en la [&hellip;]<\/p>\n","protected":false},"author":1,"featured_media":13341,"comment_status":"closed","ping_status":"closed","sticky":false,"template":"","format":"standard","meta":{"_bbp_topic_count":0,"_bbp_reply_count":0,"_bbp_total_topic_count":0,"_bbp_total_reply_count":0,"_bbp_voice_count":0,"_bbp_anonymous_reply_count":0,"_bbp_topic_count_hidden":0,"_bbp_reply_count_hidden":0,"_bbp_forum_subforum_count":0,"site-sidebar-layout":"default","site-content-layout":"","ast-site-content-layout":"","site-content-style":"default","site-sidebar-style":"default","ast-global-header-display":"","ast-banner-title-visibility":"","ast-main-header-display":"","ast-hfb-above-header-display":"","ast-hfb-below-header-display":"","ast-hfb-mobile-header-display":"","site-post-title":"","ast-breadcrumbs-content":"","ast-featured-img":"","footer-sml-layout":"","theme-transparent-header-meta":"","adv-header-id-meta":"","stick-header-meta":"","header-above-stick-meta":"","header-main-stick-meta":"","header-below-stick-meta":"","astra-migrate-meta-layouts":"default","ast-page-background-enabled":"default","ast-page-background-meta":{"desktop":{"background-color":"var(--ast-global-color-4)","background-image":"","background-repeat":"repeat","background-position":"center center","background-size":"auto","background-attachment":"scroll","background-type":"","background-media":"","overlay-type":"","overlay-color":"","overlay-opacity":"","overlay-gradient":""},"tablet":{"background-color":"","background-image":"","background-repeat":"repeat","background-position":"center center","background-size":"auto","background-attachment":"scroll","background-type":"","background-media":"","overlay-type":"","overlay-color":"","overlay-opacity":"","overlay-gradient":""},"mobile":{"background-color":"","background-image":"","background-repeat":"repeat","background-position":"center center","background-size":"auto","background-attachment":"scroll","background-type":"","background-media":"","overlay-type":"","overlay-color":"","overlay-opacity":"","overlay-gradient":""}},"ast-content-background-meta":{"desktop":{"background-color":"var(--ast-global-color-5)","background-image":"","background-repeat":"repeat","background-position":"center center","background-size":"auto","background-attachment":"scroll","background-type":"","background-media":"","overlay-type":"","overlay-color":"","overlay-opacity":"","overlay-gradient":""},"tablet":{"background-color":"var(--ast-global-color-5)","background-image":"","background-repeat":"repeat","background-position":"center center","background-size":"auto","background-attachment":"scroll","background-type":"","background-media":"","overlay-type":"","overlay-color":"","overlay-opacity":"","overlay-gradient":""},"mobile":{"background-color":"var(--ast-global-color-5)","background-image":"","background-repeat":"repeat","background-position":"center center","background-size":"auto","background-attachment":"scroll","background-type":"","background-media":"","overlay-type":"","overlay-color":"","overlay-opacity":"","overlay-gradient":""}},"footnotes":""},"categories":[1,29],"tags":[],"class_list":["post-13440","post","type-post","status-publish","format-standard","has-post-thumbnail","hentry","category-general","category-portada"],"post_mailing_queue_ids":[],"_links":{"self":[{"href":"https:\/\/serveiseducatius.xtec.cat\/lescorts\/wp-json\/wp\/v2\/posts\/13440","targetHints":{"allow":["GET"]}}],"collection":[{"href":"https:\/\/serveiseducatius.xtec.cat\/lescorts\/wp-json\/wp\/v2\/posts"}],"about":[{"href":"https:\/\/serveiseducatius.xtec.cat\/lescorts\/wp-json\/wp\/v2\/types\/post"}],"author":[{"embeddable":true,"href":"https:\/\/serveiseducatius.xtec.cat\/lescorts\/wp-json\/wp\/v2\/users\/1"}],"replies":[{"embeddable":true,"href":"https:\/\/serveiseducatius.xtec.cat\/lescorts\/wp-json\/wp\/v2\/comments?post=13440"}],"version-history":[{"count":1,"href":"https:\/\/serveiseducatius.xtec.cat\/lescorts\/wp-json\/wp\/v2\/posts\/13440\/revisions"}],"predecessor-version":[{"id":13441,"href":"https:\/\/serveiseducatius.xtec.cat\/lescorts\/wp-json\/wp\/v2\/posts\/13440\/revisions\/13441"}],"wp:featuredmedia":[{"embeddable":true,"href":"https:\/\/serveiseducatius.xtec.cat\/lescorts\/wp-json\/wp\/v2\/media\/13341"}],"wp:attachment":[{"href":"https:\/\/serveiseducatius.xtec.cat\/lescorts\/wp-json\/wp\/v2\/media?parent=13440"}],"wp:term":[{"taxonomy":"category","embeddable":true,"href":"https:\/\/serveiseducatius.xtec.cat\/lescorts\/wp-json\/wp\/v2\/categories?post=13440"},{"taxonomy":"post_tag","embeddable":true,"href":"https:\/\/serveiseducatius.xtec.cat\/lescorts\/wp-json\/wp\/v2\/tags?post=13440"}],"curies":[{"name":"wp","href":"https:\/\/api.w.org\/{rel}","templated":true}]}}