{"id":13059,"date":"2020-09-21T15:44:01","date_gmt":"2020-09-21T13:44:01","guid":{"rendered":"http:\/\/serveiseducatius.xtec.cat\/lescorts\/?p=13059"},"modified":"2020-09-21T15:52:15","modified_gmt":"2020-09-21T13:52:15","slug":"la-marato-2020","status":"publish","type":"post","link":"https:\/\/serveiseducatius.xtec.cat\/lescorts\/portada\/la-marato-2020\/","title":{"rendered":"La Marat\u00f3 2020"},"content":{"rendered":"<p style=\"text-align: center;\"><strong>CAMPANYA DIFUSI\u00d3<\/strong><\/p>\n<p>La Marat\u00f3 de TV3, que es far\u00e0 el 20 de desembre, estar\u00e0 dedicada a la Covid-19. Al mes d<strong>\u2019<\/strong>octubre en comen\u00e7ar\u00e0 la campanya de difusi\u00f3, amb les sessions informatives als centres educatius i c\u00edvics de tot Catalunya. Aquestes les impartiran professionals de la salut amb el suport d\u2019un v\u00eddeo did\u00e0ctic, mitjan\u00e7ant una<strong> plataforma virtual.<\/strong><\/p>\n<p>Qui pot participar?<\/p>\n<p>Les sessions estan adre\u00e7ades als alumnes de 12 a 18 anys de secund\u00e0ria, batxillerat i cicles formatius.<\/p>\n<p><u>Quan?<\/u><\/p>\n<p>Els centres educatius poden triar el dia i l\u2019hora<strong> dins el per\u00edode que anir\u00e0 des del 13 d\u2019octubre fins al 20 de desembre<\/strong>, de dilluns a divendres, de 08.00 h a 20.00 h. Cada sessi\u00f3 t\u00e9 una durada de 60 minuts.<\/p>\n<p><u>Com?<\/u><\/p>\n<p>Per facilitar la participaci\u00f3 dels centres educatius, la petici\u00f3 de sessions divulgatives organitzades per la Fundaci\u00f3 de la Marat\u00f3 de TV3 es realitzar\u00e0 <strong>online<\/strong> en el seg\u00fcent link:<\/p>\n<p><a href=\"https:\/\/registre-lamarato.ccma.cat\/lamarato\/conferencies\/centre.jsf\">https:\/\/registre-lamarato.ccma.cat\/lamarato\/conferencies\/centre.jsf<\/a><\/p>\n<p>Consultes a:<a href=\"mailto:sessions_divulgatives@ccma.cat\"> divulgatives@ccma.cat<\/a> o b\u00e9 al tel\u00e8fon 93 552 74 98.<\/p>\n<p style=\"text-align: center;\"><strong>DIVULGACI\u00d3 ACTIVITATS<\/strong><\/p>\n<p>Els centres que estiguin interessats a fer una activitat han de donar-se d\u2019alta a <a href=\"https:\/\/www.ccma.cat\/tv3\/marato\/activitats-populars\/2020\/1770\/\">http:\/\/www.tv3.cat\/marato\/activitats_populars<\/a> o b\u00e9 contactar amb la Fundaci\u00f3 La Marat\u00f3 al tel\u00e8fon 93 444 48 33.<\/p>\n<p>&nbsp;<\/p>\n","protected":false},"excerpt":{"rendered":"<p>CAMPANYA DIFUSI\u00d3 La Marat\u00f3 de TV3, que es far\u00e0 el 20 de desembre, estar\u00e0 dedicada a la Covid-19. Al mes d\u2019octubre en comen\u00e7ar\u00e0 la campanya de difusi\u00f3, amb les sessions informatives als centres educatius i c\u00edvics de tot Catalunya. Aquestes les impartiran professionals de la salut amb el suport d\u2019un v\u00eddeo did\u00e0ctic, mitjan\u00e7ant una plataforma [&hellip;]<\/p>\n","protected":false},"author":1,"featured_media":13060,"comment_status":"closed","ping_status":"closed","sticky":false,"template":"","format":"standard","meta":{"_bbp_topic_count":0,"_bbp_reply_count":0,"_bbp_total_topic_count":0,"_bbp_total_reply_count":0,"_bbp_voice_count":0,"_bbp_anonymous_reply_count":0,"_bbp_topic_count_hidden":0,"_bbp_reply_count_hidden":0,"_bbp_forum_subforum_count":0,"site-sidebar-layout":"default","site-content-layout":"","ast-site-content-layout":"","site-content-style":"default","site-sidebar-style":"default","ast-global-header-display":"","ast-banner-title-visibility":"","ast-main-header-display":"","ast-hfb-above-header-display":"","ast-hfb-below-header-display":"","ast-hfb-mobile-header-display":"","site-post-title":"","ast-breadcrumbs-content":"","ast-featured-img":"","footer-sml-layout":"","theme-transparent-header-meta":"","adv-header-id-meta":"","stick-header-meta":"","header-above-stick-meta":"","header-main-stick-meta":"","header-below-stick-meta":"","astra-migrate-meta-layouts":"default","ast-page-background-enabled":"default","ast-page-background-meta":{"desktop":{"background-color":"var(--ast-global-color-4)","background-image":"","background-repeat":"repeat","background-position":"center center","background-size":"auto","background-attachment":"scroll","background-type":"","background-media":"","overlay-type":"","overlay-color":"","overlay-opacity":"","overlay-gradient":""},"tablet":{"background-color":"","background-image":"","background-repeat":"repeat","background-position":"center center","background-size":"auto","background-attachment":"scroll","background-type":"","background-media":"","overlay-type":"","overlay-color":"","overlay-opacity":"","overlay-gradient":""},"mobile":{"background-color":"","background-image":"","background-repeat":"repeat","background-position":"center center","background-size":"auto","background-attachment":"scroll","background-type":"","background-media":"","overlay-type":"","overlay-color":"","overlay-opacity":"","overlay-gradient":""}},"ast-content-background-meta":{"desktop":{"background-color":"var(--ast-global-color-5)","background-image":"","background-repeat":"repeat","background-position":"center center","background-size":"auto","background-attachment":"scroll","background-type":"","background-media":"","overlay-type":"","overlay-color":"","overlay-opacity":"","overlay-gradient":""},"tablet":{"background-color":"var(--ast-global-color-5)","background-image":"","background-repeat":"repeat","background-position":"center center","background-size":"auto","background-attachment":"scroll","background-type":"","background-media":"","overlay-type":"","overlay-color":"","overlay-opacity":"","overlay-gradient":""},"mobile":{"background-color":"var(--ast-global-color-5)","background-image":"","background-repeat":"repeat","background-position":"center center","background-size":"auto","background-attachment":"scroll","background-type":"","background-media":"","overlay-type":"","overlay-color":"","overlay-opacity":"","overlay-gradient":""}},"footnotes":""},"categories":[29],"tags":[],"class_list":["post-13059","post","type-post","status-publish","format-standard","has-post-thumbnail","hentry","category-portada"],"post_mailing_queue_ids":[],"_links":{"self":[{"href":"https:\/\/serveiseducatius.xtec.cat\/lescorts\/wp-json\/wp\/v2\/posts\/13059","targetHints":{"allow":["GET"]}}],"collection":[{"href":"https:\/\/serveiseducatius.xtec.cat\/lescorts\/wp-json\/wp\/v2\/posts"}],"about":[{"href":"https:\/\/serveiseducatius.xtec.cat\/lescorts\/wp-json\/wp\/v2\/types\/post"}],"author":[{"embeddable":true,"href":"https:\/\/serveiseducatius.xtec.cat\/lescorts\/wp-json\/wp\/v2\/users\/1"}],"replies":[{"embeddable":true,"href":"https:\/\/serveiseducatius.xtec.cat\/lescorts\/wp-json\/wp\/v2\/comments?post=13059"}],"version-history":[{"count":3,"href":"https:\/\/serveiseducatius.xtec.cat\/lescorts\/wp-json\/wp\/v2\/posts\/13059\/revisions"}],"predecessor-version":[{"id":13063,"href":"https:\/\/serveiseducatius.xtec.cat\/lescorts\/wp-json\/wp\/v2\/posts\/13059\/revisions\/13063"}],"wp:featuredmedia":[{"embeddable":true,"href":"https:\/\/serveiseducatius.xtec.cat\/lescorts\/wp-json\/wp\/v2\/media\/13060"}],"wp:attachment":[{"href":"https:\/\/serveiseducatius.xtec.cat\/lescorts\/wp-json\/wp\/v2\/media?parent=13059"}],"wp:term":[{"taxonomy":"category","embeddable":true,"href":"https:\/\/serveiseducatius.xtec.cat\/lescorts\/wp-json\/wp\/v2\/categories?post=13059"},{"taxonomy":"post_tag","embeddable":true,"href":"https:\/\/serveiseducatius.xtec.cat\/lescorts\/wp-json\/wp\/v2\/tags?post=13059"}],"curies":[{"name":"wp","href":"https:\/\/api.w.org\/{rel}","templated":true}]}}