{"id":12921,"date":"2020-06-18T08:24:52","date_gmt":"2020-06-18T06:24:52","guid":{"rendered":"http:\/\/serveiseducatius.xtec.cat\/lescorts\/?p=12921"},"modified":"2020-06-18T08:24:52","modified_gmt":"2020-06-18T06:24:52","slug":"primer-premi-why-violence","status":"publish","type":"post","link":"https:\/\/serveiseducatius.xtec.cat\/lescorts\/portada\/primer-premi-why-violence\/","title":{"rendered":"Primer premi \u201cWhy Violence?\u201d"},"content":{"rendered":"<div class=\"tabs\" style=\"text-align: center;\"><img loading=\"lazy\" decoding=\"async\" class=\"aligncenter size-full wp-image-12922\" src=\"https:\/\/serveiseducatius.xtec.cat\/lescorts\/wp-content\/uploads\/usu1169\/2020\/06\/Cartel_IN3-1024x1024.png\" alt=\"\" width=\"1024\" height=\"1024\" srcset=\"https:\/\/serveiseducatius.xtec.cat\/lescorts\/wp-content\/uploads\/usu1169\/2020\/06\/Cartel_IN3-1024x1024.png 1024w, https:\/\/serveiseducatius.xtec.cat\/lescorts\/wp-content\/uploads\/usu1169\/2020\/06\/Cartel_IN3-1024x1024-150x150.png 150w, https:\/\/serveiseducatius.xtec.cat\/lescorts\/wp-content\/uploads\/usu1169\/2020\/06\/Cartel_IN3-1024x1024-300x300.png 300w, https:\/\/serveiseducatius.xtec.cat\/lescorts\/wp-content\/uploads\/usu1169\/2020\/06\/Cartel_IN3-1024x1024-768x768.png 768w\" sizes=\"auto, (max-width: 1024px) 100vw, 1024px\" \/><\/div>\n<div id=\"main\">\n<div class=\"region region-content\">\n<div id=\"block-system-main\" class=\"block block-system block-odd first last clearfix\">\n<div class=\"block-inner\">\n<div class=\"content\">\n<div id=\"detall-noticies\">\n<div class=\"col-0 post_958510\">\n<p style=\"text-align: justify;\"><strong>Adre\u00e7at a persones de Barcelona de totes les edats que vulguin compartir a trav\u00e9s d\u2019una foto, un v\u00eddeo o un text idees creatives per millorar la conviv\u00e8ncia en temps de la covid-19.<\/strong><\/p>\n<p style=\"text-align: justify;\"><strong>\u201cWhy Violence?\u201d<\/strong>\u00a0\u00e9s un programa educatiu de sensibilitzaci\u00f3 contra les viol\u00e8ncies quotidianes que involucra joves de secund\u00e0ria en\u00a0<strong>processos col\u00b7laboratius de creaci\u00f3 i expressi\u00f3 art\u00edstica<\/strong>, amb l\u2019objectiu d\u2019activar discursos i accions en defensa d\u2019una cultura de la no-viol\u00e8ncia al seu entorn.<\/p>\n<p style=\"text-align: justify;\">El programa pret\u00e9n visibilitzar diferents formes de microviol\u00e8ncies perqu\u00e8 el jovent prengui consci\u00e8ncia del fenomen i adopti una posici\u00f3 ferma contra aquestes situacions que es poden donar en el seu dia a dia. En concret<em>,<\/em>\u00a0incorpora la metodologia de l\u2019aprenentatge servei per connectar les experi\u00e8ncies d\u2019aprenentatge en l\u2019\u00e0mbit escolar amb el territori, mitjan\u00e7ant el desenvolupament d\u2019un servei de\u00a0<strong>sensibilitzaci\u00f3 contra les microviol\u00e8ncies que involucra el ve\u00efnat<\/strong>.<\/p>\n<p style=\"text-align: justify;\">Aquest any, a m\u00e9s dels tallers que encara s\u2019estan impartint en cinc centres de la ciutat, i a causa de la situaci\u00f3 excepcional que vivim i que afecta la nostra vida quotidiana, hem considerat important anar m\u00e9s enll\u00e0 i crear\u00a0<strong>propostes col\u00b7lectives per intercanviar experi\u00e8ncies<\/strong>, consells i idees que ajudin a cuidar la conviv\u00e8ncia amb la fam\u00edlia i la comunitat.<\/p>\n<p style=\"text-align: justify;\">Fruit d\u2019aquesta voluntat neix el primer premi \u201cWhy Violence?\u201d, amb la idea que tothom hi pugui participar i\u00a0<strong>compartir experi\u00e8ncies, idees o reflexions<\/strong>\u00a0que ajudin a mantenir relacions saludables amb les altres persones i, per tant, una bona conviv\u00e8ncia.<\/p>\n<p style=\"text-align: justify;\">Alguns exemples de propostes per participar s\u00f3n un v\u00eddeo que mostri les rutines di\u00e0ries que seguim per sentir-nos b\u00e9, una foto amb un text curt que expliqui com ens repartim la feina a casa per ser un equip, un microrelat que narri com podem donar suport als ve\u00efns i ve\u00efnes o com ajudem un amic o amiga que se sent sol, i per qu\u00e8 no, un poema dedicat a alg\u00fa que trobem a faltar. Hi ha moltes possibilitats,\u00a0<strong>la idea \u00e9s ser el m\u00e9s creatiu possible!<\/strong><\/p>\n<p style=\"text-align: justify;\"><strong>Com hi podeu participar?<\/strong><\/p>\n<ol style=\"text-align: justify;\">\n<li><strong>Podeu pujar els v\u00eddeos, fotos o textos a qualsevol xarxa social\u00a0<\/strong>(Facebook, Twitter i\/o Instagram). Es pot participar amb fins a tres peces.<\/li>\n<li>Cal incloure en la publicaci\u00f3 l\u2019etiqueta<strong>\u00a0#PremiWhyViolence<\/strong>.<\/li>\n<li>Un cop publicat,\u00a0<strong>l\u2019equip organitzador es posar\u00e0 en contacte amb la persona concursant\u00a0<\/strong>per confirmar-li que forma part del concurs.<\/li>\n<\/ol>\n<p style=\"text-align: justify;\"><strong>Tipus de propostes<\/strong><\/p>\n<ul style=\"text-align: justify;\">\n<li><strong>Text:<\/strong>\u00a0textos breus de fins a 500 car\u00e0cters en format de microrelat o poema.<\/li>\n<li><strong>V\u00eddeo:\u00a0<\/strong>v\u00eddeos de fins a 1 minut de durada enregistrats en horitzontal. Es pot utilitzar qualsevol t\u00e8cnica art\u00edstica o creativa i no \u00e9s necessari que els o les participants hi apareguin.<\/li>\n<li><strong>Foto + text:\u00a0<\/strong>una fotografia acompanyada d\u2019un petit text, un peu de foto o un comentari que complementi la idea principal.<\/li>\n<\/ul>\n<p style=\"text-align: justify;\"><strong>T<\/strong><strong>ermini de publicaci\u00f3<\/strong><\/p>\n<p style=\"text-align: justify;\">Del\u00a0<strong>25 de maig al 25 de juny 2020\u00a0<\/strong>(ambd\u00f3s inclosos).<\/p>\n<p style=\"text-align: justify;\"><strong>Jurat i premi<\/strong><\/p>\n<p style=\"text-align: justify;\">El jurat est\u00e0 format per l\u2019equip del projecte \u201cWhy Violence?\u201d. Les persones guanyadores es donaran a con\u00e8ixer\u00a0<strong>a trav\u00e9s de les xarxes socials i a la p\u00e0gina web<\/strong>\u00a0de\u00a0\u201cWhy Violence?\u201d el\u00a0<strong>30 de juny<\/strong>\u00a0de 2020. Pr\u00e8viament es comunicar\u00e0 com es far\u00e0 l\u2019entrega del premi.<\/p>\n<p style=\"text-align: justify;\">El concurs consta de\u00a0<strong>tres premis de 100 euros en consum cultural<\/strong>\u00a0en un establiment de Barcelona per als millors continguts. A m\u00e9s, els materials guanyadors es publicaran i difondran a la p\u00e0gina web i a les diferents xarxes socials de \u201cWhy Violence?\u201d.<\/p>\n<p style=\"text-align: justify;\"><em>Projecte de la\u00a0<strong>Direcci\u00f3 de Prevenci\u00f3\u00a0<\/strong>de l\u2019\u00c0rea de Seguretat i Prevenci\u00f3, amb la participaci\u00f3 del Consorci d\u2019Educaci\u00f3 de Barcelona i coordinat per Connectats Cooperativa en col\u00b7laboraci\u00f3 amb l\u2019Associaci\u00f3 El Globus Vermell.<\/em><\/p>\n<p>M\u00e9s informaci\u00f3: <a href=\"https:\/\/ajuntament.barcelona.cat\/seguretatiprevencio\/ca\/noticia\/primer-premi-why-violence\" target=\"_blank\" rel=\"noopener noreferrer\">https:\/\/ajuntament.barcelona.cat\/seguretatiprevencio\/ca\/noticia\/primer-premi-why-violence<\/a><\/p>\n<\/div>\n<\/div>\n<\/div>\n<\/div>\n<\/div>\n<\/div>\n<\/div>\n","protected":false},"excerpt":{"rendered":"<p>Adre\u00e7at a persones de Barcelona de totes les edats que vulguin compartir a trav\u00e9s d\u2019una foto, un v\u00eddeo o un text idees creatives per millorar la conviv\u00e8ncia en temps de la covid-19. \u201cWhy Violence?\u201d\u00a0\u00e9s un programa educatiu de sensibilitzaci\u00f3 contra les viol\u00e8ncies quotidianes que involucra joves de secund\u00e0ria en\u00a0processos col\u00b7laboratius de creaci\u00f3 i expressi\u00f3 art\u00edstica, [&hellip;]<\/p>\n","protected":false},"author":1,"featured_media":12922,"comment_status":"closed","ping_status":"closed","sticky":false,"template":"","format":"standard","meta":{"_bbp_topic_count":0,"_bbp_reply_count":0,"_bbp_total_topic_count":0,"_bbp_total_reply_count":0,"_bbp_voice_count":0,"_bbp_anonymous_reply_count":0,"_bbp_topic_count_hidden":0,"_bbp_reply_count_hidden":0,"_bbp_forum_subforum_count":0,"site-sidebar-layout":"default","site-content-layout":"","ast-site-content-layout":"","site-content-style":"default","site-sidebar-style":"default","ast-global-header-display":"","ast-banner-title-visibility":"","ast-main-header-display":"","ast-hfb-above-header-display":"","ast-hfb-below-header-display":"","ast-hfb-mobile-header-display":"","site-post-title":"","ast-breadcrumbs-content":"","ast-featured-img":"","footer-sml-layout":"","theme-transparent-header-meta":"","adv-header-id-meta":"","stick-header-meta":"","header-above-stick-meta":"","header-main-stick-meta":"","header-below-stick-meta":"","astra-migrate-meta-layouts":"default","ast-page-background-enabled":"default","ast-page-background-meta":{"desktop":{"background-color":"var(--ast-global-color-4)","background-image":"","background-repeat":"repeat","background-position":"center center","background-size":"auto","background-attachment":"scroll","background-type":"","background-media":"","overlay-type":"","overlay-color":"","overlay-opacity":"","overlay-gradient":""},"tablet":{"background-color":"","background-image":"","background-repeat":"repeat","background-position":"center center","background-size":"auto","background-attachment":"scroll","background-type":"","background-media":"","overlay-type":"","overlay-color":"","overlay-opacity":"","overlay-gradient":""},"mobile":{"background-color":"","background-image":"","background-repeat":"repeat","background-position":"center center","background-size":"auto","background-attachment":"scroll","background-type":"","background-media":"","overlay-type":"","overlay-color":"","overlay-opacity":"","overlay-gradient":""}},"ast-content-background-meta":{"desktop":{"background-color":"var(--ast-global-color-5)","background-image":"","background-repeat":"repeat","background-position":"center center","background-size":"auto","background-attachment":"scroll","background-type":"","background-media":"","overlay-type":"","overlay-color":"","overlay-opacity":"","overlay-gradient":""},"tablet":{"background-color":"var(--ast-global-color-5)","background-image":"","background-repeat":"repeat","background-position":"center center","background-size":"auto","background-attachment":"scroll","background-type":"","background-media":"","overlay-type":"","overlay-color":"","overlay-opacity":"","overlay-gradient":""},"mobile":{"background-color":"var(--ast-global-color-5)","background-image":"","background-repeat":"repeat","background-position":"center center","background-size":"auto","background-attachment":"scroll","background-type":"","background-media":"","overlay-type":"","overlay-color":"","overlay-opacity":"","overlay-gradient":""}},"footnotes":""},"categories":[65,29],"tags":[],"class_list":["post-12921","post","type-post","status-publish","format-standard","has-post-thumbnail","hentry","category-crp","category-portada"],"post_mailing_queue_ids":[],"_links":{"self":[{"href":"https:\/\/serveiseducatius.xtec.cat\/lescorts\/wp-json\/wp\/v2\/posts\/12921","targetHints":{"allow":["GET"]}}],"collection":[{"href":"https:\/\/serveiseducatius.xtec.cat\/lescorts\/wp-json\/wp\/v2\/posts"}],"about":[{"href":"https:\/\/serveiseducatius.xtec.cat\/lescorts\/wp-json\/wp\/v2\/types\/post"}],"author":[{"embeddable":true,"href":"https:\/\/serveiseducatius.xtec.cat\/lescorts\/wp-json\/wp\/v2\/users\/1"}],"replies":[{"embeddable":true,"href":"https:\/\/serveiseducatius.xtec.cat\/lescorts\/wp-json\/wp\/v2\/comments?post=12921"}],"version-history":[{"count":1,"href":"https:\/\/serveiseducatius.xtec.cat\/lescorts\/wp-json\/wp\/v2\/posts\/12921\/revisions"}],"predecessor-version":[{"id":12923,"href":"https:\/\/serveiseducatius.xtec.cat\/lescorts\/wp-json\/wp\/v2\/posts\/12921\/revisions\/12923"}],"wp:featuredmedia":[{"embeddable":true,"href":"https:\/\/serveiseducatius.xtec.cat\/lescorts\/wp-json\/wp\/v2\/media\/12922"}],"wp:attachment":[{"href":"https:\/\/serveiseducatius.xtec.cat\/lescorts\/wp-json\/wp\/v2\/media?parent=12921"}],"wp:term":[{"taxonomy":"category","embeddable":true,"href":"https:\/\/serveiseducatius.xtec.cat\/lescorts\/wp-json\/wp\/v2\/categories?post=12921"},{"taxonomy":"post_tag","embeddable":true,"href":"https:\/\/serveiseducatius.xtec.cat\/lescorts\/wp-json\/wp\/v2\/tags?post=12921"}],"curies":[{"name":"wp","href":"https:\/\/api.w.org\/{rel}","templated":true}]}}