{"id":12812,"date":"2020-05-21T08:47:54","date_gmt":"2020-05-21T06:47:54","guid":{"rendered":"http:\/\/serveiseducatius.xtec.cat\/lescorts\/?p=12812"},"modified":"2020-05-21T08:47:54","modified_gmt":"2020-05-21T06:47:54","slug":"convocatoria-premis-aprenentatge-servei-2020","status":"publish","type":"post","link":"https:\/\/serveiseducatius.xtec.cat\/lescorts\/portada\/convocatoria-premis-aprenentatge-servei-2020\/","title":{"rendered":"Convocat\u00f2ria Premis Aprenentatge Servei 2020"},"content":{"rendered":"<p>La Red Espa\u00f1ola de Aprendizaje-Servicio, i Editorial Edeb\u00e9 amb la col\u00b7laboraci\u00f3 del Ministeri d&#8217;Educaci\u00f3 i Formaci\u00f3 Professional tornen a impulsar la convocat\u00f2ria de car\u00e0cter estatal Premio Aprendizaje-Servicio 2019, adre\u00e7ada a entitats socials, centres d&#8217;educaci\u00f3 Infantil-Prim\u00e0ria, ESOBatxillerat i Formaci\u00f3 Professional i Ocupacional, que estiguin desenvolupant pr\u00e0ctiques de aprenentatge servei.<\/p>\n<p>Davant de la situaci\u00f3 cr\u00edtica actual derivada de la pand\u00e8mia, han optat per contribuir a la normalitzaci\u00f3 de la situaci\u00f3, a fi de seguir animant el\u00a0 desenvolupament de l&#8217;aprenentatge servei, precisament ara que les condicions s\u00f3n adverses, ja que es quan m\u00e9s valor \u00e8tic, social i educatiu<br \/>\ntenen aquests projectes.<\/p>\n<p>S\u00f3n pr\u00e0ctiques que uneixen \u00e8xit educatiu i comprom\u00eds social. En elles, nens, nenes i joves s&#8217;impliquen en accions solid\u00e0ries destinades a millorar el seu entorn al mateix temps que enforteixen coneixements, habilitats, actituds i valors: aprenen tot fent un servei a la comunitat.<\/p>\n<ul>\n<li>Plantant arbres, aprenen sobre els boscos i el paisatge, la desforestaci\u00f3, el canvi clim\u00e0tic&#8230;<\/li>\n<li>Muntant una campanya de donaci\u00f3 de sang, aprenen sobre els grups sanguinis, els components de la sang i la seva funci\u00f3 en l&#8217;organisme, les transfusions&#8230;<\/li>\n<li>Creant un itinerari tur\u00edstic amb codis QR, aprenen sobre el patrimoni art\u00edstic i urban\u00edstic de la seva poblaci\u00f3, sobre hist\u00f2ria, sobre tecnologia m\u00f2bil&#8230;<\/li>\n<\/ul>\n<p>I en totes aquestes experi\u00e8ncies, a m\u00e9s, els nois i noies aprenen esfor\u00e7, organitzaci\u00f3, treball en equip, presa de decisions, solidaritat, empatia, habilitats comunicatives&#8230;<\/p>\n<p>Des de la web <a href=\"https:\/\/aprendizajeservicio.com\/\" target=\"_blank\" rel=\"noopener noreferrer\">https:\/\/aprendizajeservicio.com<\/a> s&#8217;accedeix a tota la informaci\u00f3. Els projectes es poden presentar en catal\u00e0, euskera, gallec i castell\u00e0. Hi ha temps fins al 30 de setembre 2020.<\/p>\n<p>Donen suport a aquesta iniciativa DKV Assegurances, Obra Social la Caixa, CENEAM (Ministeri de la transici\u00f3 Ecol\u00f2gica i Repte Demogr\u00e0fic), Fundaci\u00f3n Ana Bella, Mullor S.A, Educo, Plena Inclusi\u00f3n, Torresco, Esemtia, Fundaci\u00f3 Princesa de Girona, OEI (Organizaci\u00f3n de Estados Iberoamericanos) i l&#8217;Ajuntament de C\u00e0ceres.<\/p>\n<p>Si coneixeu educadors implicats en desenvolupar el talent dels nois i noies al servei del b\u00e9 com\u00fa&#8230; animeu-los a presentar el seu projecte!.<\/p>\n<p><img loading=\"lazy\" decoding=\"async\" class=\"aligncenter size-full wp-image-12813\" src=\"https:\/\/serveiseducatius.xtec.cat\/lescorts\/wp-content\/uploads\/usu1169\/2020\/05\/001_Banner_APS_CAST-OK-12052020.jpg\" alt=\"\" width=\"930\" height=\"346\" srcset=\"https:\/\/serveiseducatius.xtec.cat\/lescorts\/wp-content\/uploads\/usu1169\/2020\/05\/001_Banner_APS_CAST-OK-12052020.jpg 930w, https:\/\/serveiseducatius.xtec.cat\/lescorts\/wp-content\/uploads\/usu1169\/2020\/05\/001_Banner_APS_CAST-OK-12052020-300x112.jpg 300w, https:\/\/serveiseducatius.xtec.cat\/lescorts\/wp-content\/uploads\/usu1169\/2020\/05\/001_Banner_APS_CAST-OK-12052020-768x286.jpg 768w\" sizes=\"auto, (max-width: 930px) 100vw, 930px\" \/><\/p>\n","protected":false},"excerpt":{"rendered":"<p>La Red Espa\u00f1ola de Aprendizaje-Servicio, i Editorial Edeb\u00e9 amb la col\u00b7laboraci\u00f3 del Ministeri d&#8217;Educaci\u00f3 i Formaci\u00f3 Professional tornen a impulsar la convocat\u00f2ria de car\u00e0cter estatal Premio Aprendizaje-Servicio 2019, adre\u00e7ada a entitats socials, centres d&#8217;educaci\u00f3 Infantil-Prim\u00e0ria, ESOBatxillerat i Formaci\u00f3 Professional i Ocupacional, que estiguin desenvolupant pr\u00e0ctiques de aprenentatge servei. Davant de la situaci\u00f3 cr\u00edtica actual derivada [&hellip;]<\/p>\n","protected":false},"author":1,"featured_media":12813,"comment_status":"closed","ping_status":"closed","sticky":false,"template":"","format":"standard","meta":{"_bbp_topic_count":0,"_bbp_reply_count":0,"_bbp_total_topic_count":0,"_bbp_total_reply_count":0,"_bbp_voice_count":0,"_bbp_anonymous_reply_count":0,"_bbp_topic_count_hidden":0,"_bbp_reply_count_hidden":0,"_bbp_forum_subforum_count":0,"site-sidebar-layout":"default","site-content-layout":"","ast-site-content-layout":"","site-content-style":"default","site-sidebar-style":"default","ast-global-header-display":"","ast-banner-title-visibility":"","ast-main-header-display":"","ast-hfb-above-header-display":"","ast-hfb-below-header-display":"","ast-hfb-mobile-header-display":"","site-post-title":"","ast-breadcrumbs-content":"","ast-featured-img":"","footer-sml-layout":"","theme-transparent-header-meta":"","adv-header-id-meta":"","stick-header-meta":"","header-above-stick-meta":"","header-main-stick-meta":"","header-below-stick-meta":"","astra-migrate-meta-layouts":"default","ast-page-background-enabled":"default","ast-page-background-meta":{"desktop":{"background-color":"var(--ast-global-color-4)","background-image":"","background-repeat":"repeat","background-position":"center center","background-size":"auto","background-attachment":"scroll","background-type":"","background-media":"","overlay-type":"","overlay-color":"","overlay-opacity":"","overlay-gradient":""},"tablet":{"background-color":"","background-image":"","background-repeat":"repeat","background-position":"center center","background-size":"auto","background-attachment":"scroll","background-type":"","background-media":"","overlay-type":"","overlay-color":"","overlay-opacity":"","overlay-gradient":""},"mobile":{"background-color":"","background-image":"","background-repeat":"repeat","background-position":"center center","background-size":"auto","background-attachment":"scroll","background-type":"","background-media":"","overlay-type":"","overlay-color":"","overlay-opacity":"","overlay-gradient":""}},"ast-content-background-meta":{"desktop":{"background-color":"var(--ast-global-color-5)","background-image":"","background-repeat":"repeat","background-position":"center center","background-size":"auto","background-attachment":"scroll","background-type":"","background-media":"","overlay-type":"","overlay-color":"","overlay-opacity":"","overlay-gradient":""},"tablet":{"background-color":"var(--ast-global-color-5)","background-image":"","background-repeat":"repeat","background-position":"center center","background-size":"auto","background-attachment":"scroll","background-type":"","background-media":"","overlay-type":"","overlay-color":"","overlay-opacity":"","overlay-gradient":""},"mobile":{"background-color":"var(--ast-global-color-5)","background-image":"","background-repeat":"repeat","background-position":"center center","background-size":"auto","background-attachment":"scroll","background-type":"","background-media":"","overlay-type":"","overlay-color":"","overlay-opacity":"","overlay-gradient":""}},"footnotes":""},"categories":[232,29],"tags":[],"class_list":["post-12812","post","type-post","status-publish","format-standard","has-post-thumbnail","hentry","category-asc","category-portada"],"post_mailing_queue_ids":[],"_links":{"self":[{"href":"https:\/\/serveiseducatius.xtec.cat\/lescorts\/wp-json\/wp\/v2\/posts\/12812","targetHints":{"allow":["GET"]}}],"collection":[{"href":"https:\/\/serveiseducatius.xtec.cat\/lescorts\/wp-json\/wp\/v2\/posts"}],"about":[{"href":"https:\/\/serveiseducatius.xtec.cat\/lescorts\/wp-json\/wp\/v2\/types\/post"}],"author":[{"embeddable":true,"href":"https:\/\/serveiseducatius.xtec.cat\/lescorts\/wp-json\/wp\/v2\/users\/1"}],"replies":[{"embeddable":true,"href":"https:\/\/serveiseducatius.xtec.cat\/lescorts\/wp-json\/wp\/v2\/comments?post=12812"}],"version-history":[{"count":1,"href":"https:\/\/serveiseducatius.xtec.cat\/lescorts\/wp-json\/wp\/v2\/posts\/12812\/revisions"}],"predecessor-version":[{"id":12814,"href":"https:\/\/serveiseducatius.xtec.cat\/lescorts\/wp-json\/wp\/v2\/posts\/12812\/revisions\/12814"}],"wp:featuredmedia":[{"embeddable":true,"href":"https:\/\/serveiseducatius.xtec.cat\/lescorts\/wp-json\/wp\/v2\/media\/12813"}],"wp:attachment":[{"href":"https:\/\/serveiseducatius.xtec.cat\/lescorts\/wp-json\/wp\/v2\/media?parent=12812"}],"wp:term":[{"taxonomy":"category","embeddable":true,"href":"https:\/\/serveiseducatius.xtec.cat\/lescorts\/wp-json\/wp\/v2\/categories?post=12812"},{"taxonomy":"post_tag","embeddable":true,"href":"https:\/\/serveiseducatius.xtec.cat\/lescorts\/wp-json\/wp\/v2\/tags?post=12812"}],"curies":[{"name":"wp","href":"https:\/\/api.w.org\/{rel}","templated":true}]}}