{"id":12579,"date":"2020-03-12T12:07:12","date_gmt":"2020-03-12T11:07:12","guid":{"rendered":"http:\/\/serveiseducatius.xtec.cat\/lescorts\/?p=12579"},"modified":"2020-03-12T12:16:47","modified_gmt":"2020-03-12T11:16:47","slug":"portes-obertes-als-centres-educatius-de-les-corts","status":"publish","type":"post","link":"https:\/\/serveiseducatius.xtec.cat\/lescorts\/general\/portes-obertes-als-centres-educatius-de-les-corts\/","title":{"rendered":"Portes Obertes als centres educatius de Les Corts"},"content":{"rendered":"<p><strong>Centres d&#8217;Educaci\u00f3 Infantil i Prim\u00e0ria:<\/strong><\/p>\n<p>11 de mar\u00e7: <a href=\"http:\/\/escolaanglesola.cat\/\" target=\"_blank\" rel=\"noopener noreferrer\">Escola Anglesola<\/a><\/p>\n<p>12 de mar\u00e7: <a href=\"https:\/\/www.escoladuranibas.org\/\" target=\"_blank\" rel=\"noopener noreferrer\">Escola Duran i Bas<\/a><\/p>\n<p>14 de mar\u00e7: <a href=\"https:\/\/agora.xtec.cat\/ceipitaca\/\" target=\"_blank\" rel=\"noopener noreferrer\">Escola Itaca<\/a><\/p>\n<p>17 de mar\u00e7: <a href=\"https:\/\/agora.xtec.cat\/escolabarcelona\/\" target=\"_blank\" rel=\"noopener noreferrer\">Escola Barcelona<\/a><\/p>\n<p>18 de mar\u00e7: <a href=\"https:\/\/agora.xtec.cat\/ceiplavinia\/\" target=\"_blank\" rel=\"noopener noreferrer\">Lav\u00ednia<\/a><\/p>\n<p>19 de mar\u00e7: <a href=\"https:\/\/agora.xtec.cat\/ceiplescorts\/\" target=\"_blank\" rel=\"noopener noreferrer\">Escola Les Corts<\/a><\/p>\n<p>21 de mar\u00e7: <a href=\"http:\/\/www.xtec.cat\/ceip-pauromeva\/\">Escola Pau Romeva<\/a><\/p>\n<p><strong>Cicles formatius:<\/strong><\/p>\n<p><a href=\"http:\/\/www.institutpedralbes.cat\/\" target=\"_blank\" rel=\"noopener noreferrer\">Institut Pedralbes<\/a>: 27 d&#8217;abril 18 h<\/p>\n<p><a href=\"https:\/\/barcelona.centrosfest.net\/ca\" target=\"_blank\" rel=\"noopener noreferrer\">Sant\u00edssima Trinitat:<\/a> 19 d&#8217;abril 11:30 h<\/p>\n<p><a href=\"https:\/\/www.cesf.es\/ca\/\" target=\"_blank\" rel=\"noopener noreferrer\">Sant Francesc:<\/a> 19 de mar\u00e7 18 h \/ 20 h, 9 de maig 10 h<\/p>\n<p>&nbsp;<\/p>\n","protected":false},"excerpt":{"rendered":"<p>Centres d&#8217;Educaci\u00f3 Infantil i Prim\u00e0ria: 11 de mar\u00e7: Escola Anglesola 12 de mar\u00e7: Escola Duran i Bas 14 de mar\u00e7: Escola Itaca 17 de mar\u00e7: Escola Barcelona 18 de mar\u00e7: Lav\u00ednia 19 de mar\u00e7: Escola Les Corts 21 de mar\u00e7: Escola Pau Romeva Cicles formatius: Institut Pedralbes: 27 d&#8217;abril 18 h Sant\u00edssima Trinitat: 19 d&#8217;abril [&hellip;]<\/p>\n","protected":false},"author":1,"featured_media":12580,"comment_status":"closed","ping_status":"closed","sticky":false,"template":"","format":"standard","meta":{"_bbp_topic_count":0,"_bbp_reply_count":0,"_bbp_total_topic_count":0,"_bbp_total_reply_count":0,"_bbp_voice_count":0,"_bbp_anonymous_reply_count":0,"_bbp_topic_count_hidden":0,"_bbp_reply_count_hidden":0,"_bbp_forum_subforum_count":0,"site-sidebar-layout":"default","site-content-layout":"","ast-site-content-layout":"","site-content-style":"default","site-sidebar-style":"default","ast-global-header-display":"","ast-banner-title-visibility":"","ast-main-header-display":"","ast-hfb-above-header-display":"","ast-hfb-below-header-display":"","ast-hfb-mobile-header-display":"","site-post-title":"","ast-breadcrumbs-content":"","ast-featured-img":"","footer-sml-layout":"","theme-transparent-header-meta":"","adv-header-id-meta":"","stick-header-meta":"","header-above-stick-meta":"","header-main-stick-meta":"","header-below-stick-meta":"","astra-migrate-meta-layouts":"default","ast-page-background-enabled":"default","ast-page-background-meta":{"desktop":{"background-color":"var(--ast-global-color-4)","background-image":"","background-repeat":"repeat","background-position":"center center","background-size":"auto","background-attachment":"scroll","background-type":"","background-media":"","overlay-type":"","overlay-color":"","overlay-opacity":"","overlay-gradient":""},"tablet":{"background-color":"","background-image":"","background-repeat":"repeat","background-position":"center center","background-size":"auto","background-attachment":"scroll","background-type":"","background-media":"","overlay-type":"","overlay-color":"","overlay-opacity":"","overlay-gradient":""},"mobile":{"background-color":"","background-image":"","background-repeat":"repeat","background-position":"center center","background-size":"auto","background-attachment":"scroll","background-type":"","background-media":"","overlay-type":"","overlay-color":"","overlay-opacity":"","overlay-gradient":""}},"ast-content-background-meta":{"desktop":{"background-color":"var(--ast-global-color-5)","background-image":"","background-repeat":"repeat","background-position":"center center","background-size":"auto","background-attachment":"scroll","background-type":"","background-media":"","overlay-type":"","overlay-color":"","overlay-opacity":"","overlay-gradient":""},"tablet":{"background-color":"var(--ast-global-color-5)","background-image":"","background-repeat":"repeat","background-position":"center center","background-size":"auto","background-attachment":"scroll","background-type":"","background-media":"","overlay-type":"","overlay-color":"","overlay-opacity":"","overlay-gradient":""},"mobile":{"background-color":"var(--ast-global-color-5)","background-image":"","background-repeat":"repeat","background-position":"center center","background-size":"auto","background-attachment":"scroll","background-type":"","background-media":"","overlay-type":"","overlay-color":"","overlay-opacity":"","overlay-gradient":""}},"footnotes":""},"categories":[65,1,29],"tags":[],"class_list":["post-12579","post","type-post","status-publish","format-standard","has-post-thumbnail","hentry","category-crp","category-general","category-portada"],"post_mailing_queue_ids":[],"_links":{"self":[{"href":"https:\/\/serveiseducatius.xtec.cat\/lescorts\/wp-json\/wp\/v2\/posts\/12579","targetHints":{"allow":["GET"]}}],"collection":[{"href":"https:\/\/serveiseducatius.xtec.cat\/lescorts\/wp-json\/wp\/v2\/posts"}],"about":[{"href":"https:\/\/serveiseducatius.xtec.cat\/lescorts\/wp-json\/wp\/v2\/types\/post"}],"author":[{"embeddable":true,"href":"https:\/\/serveiseducatius.xtec.cat\/lescorts\/wp-json\/wp\/v2\/users\/1"}],"replies":[{"embeddable":true,"href":"https:\/\/serveiseducatius.xtec.cat\/lescorts\/wp-json\/wp\/v2\/comments?post=12579"}],"version-history":[{"count":3,"href":"https:\/\/serveiseducatius.xtec.cat\/lescorts\/wp-json\/wp\/v2\/posts\/12579\/revisions"}],"predecessor-version":[{"id":12591,"href":"https:\/\/serveiseducatius.xtec.cat\/lescorts\/wp-json\/wp\/v2\/posts\/12579\/revisions\/12591"}],"wp:featuredmedia":[{"embeddable":true,"href":"https:\/\/serveiseducatius.xtec.cat\/lescorts\/wp-json\/wp\/v2\/media\/12580"}],"wp:attachment":[{"href":"https:\/\/serveiseducatius.xtec.cat\/lescorts\/wp-json\/wp\/v2\/media?parent=12579"}],"wp:term":[{"taxonomy":"category","embeddable":true,"href":"https:\/\/serveiseducatius.xtec.cat\/lescorts\/wp-json\/wp\/v2\/categories?post=12579"},{"taxonomy":"post_tag","embeddable":true,"href":"https:\/\/serveiseducatius.xtec.cat\/lescorts\/wp-json\/wp\/v2\/tags?post=12579"}],"curies":[{"name":"wp","href":"https:\/\/api.w.org\/{rel}","templated":true}]}}