{"id":12546,"date":"2020-02-17T17:24:33","date_gmt":"2020-02-17T16:24:33","guid":{"rendered":"http:\/\/serveiseducatius.xtec.cat\/lescorts\/?p=12546"},"modified":"2020-02-17T17:24:33","modified_gmt":"2020-02-17T16:24:33","slug":"laboratori-deducacio-intercultural-i-antiracista","status":"publish","type":"post","link":"https:\/\/serveiseducatius.xtec.cat\/lescorts\/general\/laboratori-deducacio-intercultural-i-antiracista\/","title":{"rendered":"Laboratori d&#8217;Educaci\u00f3 Intercultural i Antiracista"},"content":{"rendered":"<p>El <strong>Laboratori d&#8217;Educaci\u00f3 Intercultural i Antiracista <\/strong>\u00e9s un espai formatiu de dos caps de setmana i es celebra en la seu d&#8217;Oxfam Interm\u00f3n a Barcelona (Gran Via de les Corts Catalanes, 641). La primera sessi\u00f3 tindr\u00e0 lloc el 14 i 15 de mar\u00e7. Les dates de la segona sessi\u00f3 seran consensuades en la primera, per tal d\u2019adaptar-nos el m\u00e0xim a la disponibilitat de les participants.<\/p>\n<p>A c\u00e0rrec d\u2019Anyely Mar\u00edn Cisneros i amb algunes convidades especials, farem un viatge profund i cr\u00edtic per analitzar el racisme i la xenof\u00f2bia estructurals en les pr\u00e0ctiques educatives quotidianes, i esbossarem t\u00e0ctiques i estrat\u00e8gies per participar en el canvi cap a una educaci\u00f3 realment transformadora, inclusiva, intercultural, antiracista.<\/p>\n<p><a href=\"https:\/\/www.kaidara.org\/laboratorios-de-educacion-intercultural-antirracista\/?utm_source=newsletter&amp;utm_campaign=mlg_feb20&amp;utm_medium=email\" target=\"_blank\" rel=\"noopener noreferrer\">M\u00e9s informaci\u00f3 i inscripcions.<\/a><\/p>\n<p style=\"text-align: center;\"><img loading=\"lazy\" decoding=\"async\" class=\"aligncenter size-full wp-image-12547\" src=\"https:\/\/serveiseducatius.xtec.cat\/lescorts\/wp-content\/uploads\/usu1169\/2020\/02\/image003.jpg\" alt=\"\" width=\"659\" height=\"412\" srcset=\"https:\/\/serveiseducatius.xtec.cat\/lescorts\/wp-content\/uploads\/usu1169\/2020\/02\/image003.jpg 659w, https:\/\/serveiseducatius.xtec.cat\/lescorts\/wp-content\/uploads\/usu1169\/2020\/02\/image003-300x188.jpg 300w\" sizes=\"auto, (max-width: 659px) 100vw, 659px\" \/><\/p>\n","protected":false},"excerpt":{"rendered":"<p>El Laboratori d&#8217;Educaci\u00f3 Intercultural i Antiracista \u00e9s un espai formatiu de dos caps de setmana i es celebra en la seu d&#8217;Oxfam Interm\u00f3n a Barcelona (Gran Via de les Corts Catalanes, 641). La primera sessi\u00f3 tindr\u00e0 lloc el 14 i 15 de mar\u00e7. Les dates de la segona sessi\u00f3 seran consensuades en la primera, per [&hellip;]<\/p>\n","protected":false},"author":1,"featured_media":12547,"comment_status":"closed","ping_status":"closed","sticky":false,"template":"","format":"standard","meta":{"_bbp_topic_count":0,"_bbp_reply_count":0,"_bbp_total_topic_count":0,"_bbp_total_reply_count":0,"_bbp_voice_count":0,"_bbp_anonymous_reply_count":0,"_bbp_topic_count_hidden":0,"_bbp_reply_count_hidden":0,"_bbp_forum_subforum_count":0,"site-sidebar-layout":"default","site-content-layout":"","ast-site-content-layout":"","site-content-style":"default","site-sidebar-style":"default","ast-global-header-display":"","ast-banner-title-visibility":"","ast-main-header-display":"","ast-hfb-above-header-display":"","ast-hfb-below-header-display":"","ast-hfb-mobile-header-display":"","site-post-title":"","ast-breadcrumbs-content":"","ast-featured-img":"","footer-sml-layout":"","theme-transparent-header-meta":"","adv-header-id-meta":"","stick-header-meta":"","header-above-stick-meta":"","header-main-stick-meta":"","header-below-stick-meta":"","astra-migrate-meta-layouts":"default","ast-page-background-enabled":"default","ast-page-background-meta":{"desktop":{"background-color":"var(--ast-global-color-4)","background-image":"","background-repeat":"repeat","background-position":"center center","background-size":"auto","background-attachment":"scroll","background-type":"","background-media":"","overlay-type":"","overlay-color":"","overlay-opacity":"","overlay-gradient":""},"tablet":{"background-color":"","background-image":"","background-repeat":"repeat","background-position":"center center","background-size":"auto","background-attachment":"scroll","background-type":"","background-media":"","overlay-type":"","overlay-color":"","overlay-opacity":"","overlay-gradient":""},"mobile":{"background-color":"","background-image":"","background-repeat":"repeat","background-position":"center center","background-size":"auto","background-attachment":"scroll","background-type":"","background-media":"","overlay-type":"","overlay-color":"","overlay-opacity":"","overlay-gradient":""}},"ast-content-background-meta":{"desktop":{"background-color":"var(--ast-global-color-5)","background-image":"","background-repeat":"repeat","background-position":"center center","background-size":"auto","background-attachment":"scroll","background-type":"","background-media":"","overlay-type":"","overlay-color":"","overlay-opacity":"","overlay-gradient":""},"tablet":{"background-color":"var(--ast-global-color-5)","background-image":"","background-repeat":"repeat","background-position":"center center","background-size":"auto","background-attachment":"scroll","background-type":"","background-media":"","overlay-type":"","overlay-color":"","overlay-opacity":"","overlay-gradient":""},"mobile":{"background-color":"var(--ast-global-color-5)","background-image":"","background-repeat":"repeat","background-position":"center center","background-size":"auto","background-attachment":"scroll","background-type":"","background-media":"","overlay-type":"","overlay-color":"","overlay-opacity":"","overlay-gradient":""}},"footnotes":""},"categories":[154,1,235,29],"tags":[],"class_list":["post-12546","post","type-post","status-publish","format-standard","has-post-thumbnail","hentry","category-formacio","category-general","category-formacio_ins","category-portada"],"post_mailing_queue_ids":[],"_links":{"self":[{"href":"https:\/\/serveiseducatius.xtec.cat\/lescorts\/wp-json\/wp\/v2\/posts\/12546","targetHints":{"allow":["GET"]}}],"collection":[{"href":"https:\/\/serveiseducatius.xtec.cat\/lescorts\/wp-json\/wp\/v2\/posts"}],"about":[{"href":"https:\/\/serveiseducatius.xtec.cat\/lescorts\/wp-json\/wp\/v2\/types\/post"}],"author":[{"embeddable":true,"href":"https:\/\/serveiseducatius.xtec.cat\/lescorts\/wp-json\/wp\/v2\/users\/1"}],"replies":[{"embeddable":true,"href":"https:\/\/serveiseducatius.xtec.cat\/lescorts\/wp-json\/wp\/v2\/comments?post=12546"}],"version-history":[{"count":1,"href":"https:\/\/serveiseducatius.xtec.cat\/lescorts\/wp-json\/wp\/v2\/posts\/12546\/revisions"}],"predecessor-version":[{"id":12548,"href":"https:\/\/serveiseducatius.xtec.cat\/lescorts\/wp-json\/wp\/v2\/posts\/12546\/revisions\/12548"}],"wp:featuredmedia":[{"embeddable":true,"href":"https:\/\/serveiseducatius.xtec.cat\/lescorts\/wp-json\/wp\/v2\/media\/12547"}],"wp:attachment":[{"href":"https:\/\/serveiseducatius.xtec.cat\/lescorts\/wp-json\/wp\/v2\/media?parent=12546"}],"wp:term":[{"taxonomy":"category","embeddable":true,"href":"https:\/\/serveiseducatius.xtec.cat\/lescorts\/wp-json\/wp\/v2\/categories?post=12546"},{"taxonomy":"post_tag","embeddable":true,"href":"https:\/\/serveiseducatius.xtec.cat\/lescorts\/wp-json\/wp\/v2\/tags?post=12546"}],"curies":[{"name":"wp","href":"https:\/\/api.w.org\/{rel}","templated":true}]}}