{"id":11971,"date":"2019-06-27T08:13:26","date_gmt":"2019-06-27T06:13:26","guid":{"rendered":"http:\/\/serveiseducatius.xtec.cat\/lescorts\/?p=11971"},"modified":"2019-06-27T08:14:00","modified_gmt":"2019-06-27T06:14:00","slug":"programa-cooperatives-dalumnes","status":"publish","type":"post","link":"https:\/\/serveiseducatius.xtec.cat\/lescorts\/general\/programa-cooperatives-dalumnes\/","title":{"rendered":"PROGRAMA COOPERATIVES D&#8217;ALUMNES"},"content":{"rendered":"<p style=\"font-weight: 400; text-align: justify;\">Programa\u00a0<strong>Cooperatives d\u2019Alumnes<\/strong>. Aquest programa impulsat per Barcelona Activa \u00a0t\u00e9 com\u00a0a finalitat apropar el sistema educatiu amb el m\u00f3n\u00a0de l\u2019Economia Social i Solid\u00e0ria\u00a0a partir de la\u00a0<strong>creaci\u00f3 i gesti\u00f3 d\u2019una cooperativa pel propi alumnat<\/strong>\u00a0durant un curs escolar en la que es desenvolupa una activitat cooperativitzada.<\/p>\n<p style=\"font-weight: 400; text-align: justify;\">Com us mostrem a continuaci\u00f3, per a aquest curs hem incorporat novetats al programa:<\/p>\n<ul style=\"font-weight: 400; text-align: justify;\">\n<li><u>Formaci\u00f3 al professorat:<\/u>\u00a0On us facilitarem eines i estrat\u00e8gies metodol\u00f2giques per a la implementaci\u00f3 del programa al vostre centre<\/li>\n<li><u>Pla de treball de centre:<\/u>\u00a0Us acompanyarem a elaborar un pla de treball per a vostre centre, per a facilitar la implementaci\u00f3 del programa de la forma m\u00e9s pr\u00e0ctica dins de l\u2019aula (gr\u00e0cies a l\u2019experi\u00e8ncia que hem anat acumulant en aquestes anys).<\/li>\n<li><u>Formaci\u00f3 a l\u2019alumnat:<\/u>\u00a0per a apropar-se a l\u2019economia social i cooperatives d\u2019alumnes i treballar en el pla d\u2019empresa des de la gesti\u00f3 cooperativa i el lideratge col\u00b7lectiu.<\/li>\n<li><u>Activitats de coneixement de l\u2019entorn:<\/u>\u00a0on podreu con\u00e8ixer l\u2019experi\u00e8ncia en primera persona de cooperatives de la ciutat i d\u2019altres cooperatives d\u2019alumnes.<\/li>\n<li><u>Pla d\u2019acompanyament al professorat i a l\u2019alumnat:<\/u>\u00a0seguiment tant al professorat del centre com als i les alumnes per a dur a terme el seu projecte cooperatiu.<\/li>\n<\/ul>\n<p style=\"font-weight: 400; text-align: justify;\"><u>\u00a0<\/u><\/p>\n<p style=\"font-weight: 400; text-align: justify;\">Podeu consultar aquestes not\u00edcies i\u00a0 veure aquest\u00a0<strong><a href=\"https:\/\/www.youtube.com\/watch?v=P0JoMw7dscE&amp;feature=youtu.be\" data-saferedirecturl=\"https:\/\/www.google.com\/url?q=https:\/\/www.youtube.com\/watch?v%3DP0JoMw7dscE%26feature%3Dyoutu.be&amp;source=gmail&amp;ust=1561701926066000&amp;usg=AFQjCNHIqr33Ez1aRdPyz13Xc6AwWNsq-g\">v\u00eddeo<\/a><\/strong>\u00a0amb testimonis de participants d\u2019aquesta edici\u00f3:<\/p>\n<p style=\"font-weight: 400; text-align: justify;\">Si esteu interessades en poder participar, podeu respondre el seg\u00fcent\u00a0<strong>q\u00fcestionari abans del 5 de juliol\u00a0<\/strong>i ens posarem en contacte amb vosaltres per a parlar-ne m\u00e9s concretament:\u00a0<strong><a href=\"https:\/\/docs.google.com\/forms\/d\/1HG8sulCVSMhc4bSSlOHm5tZDI4q5CY0TwmnZuNzSErE\/edit#responses\" data-saferedirecturl=\"https:\/\/www.google.com\/url?q=https:\/\/docs.google.com\/forms\/d\/1HG8sulCVSMhc4bSSlOHm5tZDI4q5CY0TwmnZuNzSErE\/edit%23responses&amp;source=gmail&amp;ust=1561701926066000&amp;usg=AFQjCNFJKTUdzWsy-80DxzmDOiB6Oicd-g\">Q\u00fcestionari per als centres interessats.<\/a><\/strong><\/p>\n<p><img decoding=\"async\" src=\"https:\/\/mail.google.com\/mail\/u\/1?ui=2&amp;ik=906867eda3&amp;attid=0.1&amp;permmsgid=msg-f:1637384210497011335&amp;th=16b92843a381fe87&amp;view=fimg&amp;sz=s0-l75-ft&amp;attbid=ANGjdJ-DOgLwQH2HiztJuscTOsW_9_mQDJgbKyjDutlKRW0apOX7tXltebQRJgHo3ln2Zhk4XT9SCDeJjdZW8IGtB_1RGzCGPp48uLQp_eEWDB5bj5tRPHIThk6dVyE&amp;disp=emb&amp;realattid=16b927fb7144cff311\" alt=\"logo_basa_aj_gris30anys\" \/><\/p>\n","protected":false},"excerpt":{"rendered":"<p>Programa\u00a0Cooperatives d\u2019Alumnes. Aquest programa impulsat per Barcelona Activa \u00a0t\u00e9 com\u00a0a finalitat apropar el sistema educatiu amb el m\u00f3n\u00a0de l\u2019Economia Social i Solid\u00e0ria\u00a0a partir de la\u00a0creaci\u00f3 i gesti\u00f3 d\u2019una cooperativa pel propi alumnat\u00a0durant un curs escolar en la que es desenvolupa una activitat cooperativitzada. Com us mostrem a continuaci\u00f3, per a aquest curs hem incorporat novetats [&hellip;]<\/p>\n","protected":false},"author":1,"featured_media":11972,"comment_status":"closed","ping_status":"closed","sticky":false,"template":"","format":"standard","meta":{"_bbp_topic_count":0,"_bbp_reply_count":0,"_bbp_total_topic_count":0,"_bbp_total_reply_count":0,"_bbp_voice_count":0,"_bbp_anonymous_reply_count":0,"_bbp_topic_count_hidden":0,"_bbp_reply_count_hidden":0,"_bbp_forum_subforum_count":0,"site-sidebar-layout":"default","site-content-layout":"","ast-site-content-layout":"","site-content-style":"default","site-sidebar-style":"default","ast-global-header-display":"","ast-banner-title-visibility":"","ast-main-header-display":"","ast-hfb-above-header-display":"","ast-hfb-below-header-display":"","ast-hfb-mobile-header-display":"","site-post-title":"","ast-breadcrumbs-content":"","ast-featured-img":"","footer-sml-layout":"","theme-transparent-header-meta":"","adv-header-id-meta":"","stick-header-meta":"","header-above-stick-meta":"","header-main-stick-meta":"","header-below-stick-meta":"","astra-migrate-meta-layouts":"default","ast-page-background-enabled":"default","ast-page-background-meta":{"desktop":{"background-color":"var(--ast-global-color-4)","background-image":"","background-repeat":"repeat","background-position":"center center","background-size":"auto","background-attachment":"scroll","background-type":"","background-media":"","overlay-type":"","overlay-color":"","overlay-opacity":"","overlay-gradient":""},"tablet":{"background-color":"","background-image":"","background-repeat":"repeat","background-position":"center center","background-size":"auto","background-attachment":"scroll","background-type":"","background-media":"","overlay-type":"","overlay-color":"","overlay-opacity":"","overlay-gradient":""},"mobile":{"background-color":"","background-image":"","background-repeat":"repeat","background-position":"center center","background-size":"auto","background-attachment":"scroll","background-type":"","background-media":"","overlay-type":"","overlay-color":"","overlay-opacity":"","overlay-gradient":""}},"ast-content-background-meta":{"desktop":{"background-color":"var(--ast-global-color-5)","background-image":"","background-repeat":"repeat","background-position":"center center","background-size":"auto","background-attachment":"scroll","background-type":"","background-media":"","overlay-type":"","overlay-color":"","overlay-opacity":"","overlay-gradient":""},"tablet":{"background-color":"var(--ast-global-color-5)","background-image":"","background-repeat":"repeat","background-position":"center center","background-size":"auto","background-attachment":"scroll","background-type":"","background-media":"","overlay-type":"","overlay-color":"","overlay-opacity":"","overlay-gradient":""},"mobile":{"background-color":"var(--ast-global-color-5)","background-image":"","background-repeat":"repeat","background-position":"center center","background-size":"auto","background-attachment":"scroll","background-type":"","background-media":"","overlay-type":"","overlay-color":"","overlay-opacity":"","overlay-gradient":""}},"footnotes":""},"categories":[1,29],"tags":[],"class_list":["post-11971","post","type-post","status-publish","format-standard","has-post-thumbnail","hentry","category-general","category-portada"],"post_mailing_queue_ids":[],"_links":{"self":[{"href":"https:\/\/serveiseducatius.xtec.cat\/lescorts\/wp-json\/wp\/v2\/posts\/11971","targetHints":{"allow":["GET"]}}],"collection":[{"href":"https:\/\/serveiseducatius.xtec.cat\/lescorts\/wp-json\/wp\/v2\/posts"}],"about":[{"href":"https:\/\/serveiseducatius.xtec.cat\/lescorts\/wp-json\/wp\/v2\/types\/post"}],"author":[{"embeddable":true,"href":"https:\/\/serveiseducatius.xtec.cat\/lescorts\/wp-json\/wp\/v2\/users\/1"}],"replies":[{"embeddable":true,"href":"https:\/\/serveiseducatius.xtec.cat\/lescorts\/wp-json\/wp\/v2\/comments?post=11971"}],"version-history":[{"count":2,"href":"https:\/\/serveiseducatius.xtec.cat\/lescorts\/wp-json\/wp\/v2\/posts\/11971\/revisions"}],"predecessor-version":[{"id":11974,"href":"https:\/\/serveiseducatius.xtec.cat\/lescorts\/wp-json\/wp\/v2\/posts\/11971\/revisions\/11974"}],"wp:featuredmedia":[{"embeddable":true,"href":"https:\/\/serveiseducatius.xtec.cat\/lescorts\/wp-json\/wp\/v2\/media\/11972"}],"wp:attachment":[{"href":"https:\/\/serveiseducatius.xtec.cat\/lescorts\/wp-json\/wp\/v2\/media?parent=11971"}],"wp:term":[{"taxonomy":"category","embeddable":true,"href":"https:\/\/serveiseducatius.xtec.cat\/lescorts\/wp-json\/wp\/v2\/categories?post=11971"},{"taxonomy":"post_tag","embeddable":true,"href":"https:\/\/serveiseducatius.xtec.cat\/lescorts\/wp-json\/wp\/v2\/tags?post=11971"}],"curies":[{"name":"wp","href":"https:\/\/api.w.org\/{rel}","templated":true}]}}