{"id":11735,"date":"2019-05-27T11:53:34","date_gmt":"2019-05-27T09:53:34","guid":{"rendered":"http:\/\/serveiseducatius.xtec.cat\/lescorts\/?p=11735"},"modified":"2019-05-27T11:53:34","modified_gmt":"2019-05-27T09:53:34","slug":"i-simposi-sobre-aprenentatge-servei-i-servei-comunitari-de-lambit-ambiental","status":"publish","type":"post","link":"https:\/\/serveiseducatius.xtec.cat\/lescorts\/general\/i-simposi-sobre-aprenentatge-servei-i-servei-comunitari-de-lambit-ambiental\/","title":{"rendered":"I Simposi sobre aprenentatge servei i servei comunitari de l\u2019\u00e0mbit ambiental"},"content":{"rendered":"<p style=\"text-align: justify;\">Us informem que el <strong>5 de setembre<\/strong>\u00a0se celebrar\u00e0 el\u00a0 <strong><u>I Simposi sobre aprenentatge servei i servei comunitari de l\u2019\u00e0mbit ambiental <\/u><\/strong>al Cosmocaixa de Barcelona.<\/p>\n<p style=\"text-align: justify;\">Volem que aquest sigui un espai de trobada entre tots els agents que participeu en aquest tipus de projectes: centres educatius, ens locals i entitats.<\/p>\n<p style=\"text-align: justify;\">Necessitem la vostra participaci\u00f3 perqu\u00e8 esdevingui un \u00e8xit!<\/p>\n<p style=\"text-align: justify;\">Hi podeu <strong>participar <\/strong>de tres maneres:<\/p>\n<ol style=\"text-align: justify;\">\n<li>Explicant la vostra experi\u00e8ncia , el vostre projecte d\u2019aprenentatge servei (ApS) o servei comunitari ambiental\u00a0 (SC ambiental) amb una breu presentaci\u00f3 a <strong><em>l\u2019espai \u00c0gora<\/em><\/strong>. Us hi podeu <u><a href=\"https:\/\/docs.google.com\/forms\/d\/1SD7KaKXtZWxZtwNSf24W6W25DzQEipOLQWJ-00tnvnM\/viewform?edit_requested=true\" data-saferedirecturl=\"https:\/\/www.google.com\/url?q=http:\/\/www.escolesxesc.cat\/index.php\/simposi-aprenentatge-servei-i-servei-comunitari-ambiental&amp;source=gmail&amp;ust=1557394270397000&amp;usg=AFQjCNEB9XdYCpppOkD7wcyxj4uxrAtclw\">inscriure<\/a> <\/u>\u00a0Termini fins el 15 de juny<\/li>\n<li>Exposant a <strong><em>l\u2019espai\u00a0 Aparador<\/em><\/strong> el vostre projecte, materials i\/o recursos que hagueu desenvolupat.\u00a0 Us hi podeu\u00a0 <u><a href=\"https:\/\/docs.google.com\/forms\/d\/18aBLkBRdxNAMOXD1QSFNQRY6c8OXdmt9YUtLP2zT2BQ\/edit\" data-saferedirecturl=\"https:\/\/www.google.com\/url?q=http:\/\/www.escolesxesc.cat\/index.php\/simposi-aprenentatge-servei-i-servei-comunitari-ambiental&amp;source=gmail&amp;ust=1557394270397000&amp;usg=AFQjCNEB9XdYCpppOkD7wcyxj4uxrAtclw\">inscriure<\/a><\/u>\u00a0Termini fins el 15 de juny<\/li>\n<li>Assistint al Simposi per con\u00e8ixer diferents projectes i experi\u00e8ncies concretes i fer nous contactes. Us hi podeu <a href=\"https:\/\/activacongresos.com\/forms\/simposiambiental\/\">Inscripci\u00f3 <\/a>Termini fins el 15 de juliol<\/li>\n<\/ol>\n<p style=\"text-align: justify;\">Trobareu el programa i tota la informaci\u00f3 al nostre <a href=\"http:\/\/www.escolesxesc.cat\/index.php\/simposi-aprenentatge-servei-i-servei-comunitari-ambiental\" data-saferedirecturl=\"https:\/\/www.google.com\/url?q=http:\/\/www.escolesxesc.cat\/index.php\/simposi-aprenentatge-servei-i-servei-comunitari-ambiental&amp;source=gmail&amp;ust=1557394270398000&amp;usg=AFQjCNH9v-NtZiwX20xaBYFuZ-A2Fkhm9Q\"> web.<\/a><\/p>\n<p style=\"text-align: justify;\">Aquest Simposi, adre\u00e7at sobretot als centres educatius\u00a0 de la Xarxa d\u2019Escoles per a la Sostenibilitat de Catalunya (XESC), est\u00e0 organitzat per les seg\u00fcents administracions p\u00fabliques: la Diputaci\u00f3 de Barcelona, l\u2019Ajuntament de Barcelona, l\u2019\u00c0rea Metropolitana de Barcelona i la Generalitat amb el Departament de Territori i Sostenibilitat i el Departament d\u2019Educaci\u00f3. Tamb\u00e9 hi col\u00b7laboren en l\u2019organitzaci\u00f3 les entitats seg\u00fcents: La Societat Catalana d\u2019Educaci\u00f3 Ambiental, el Centre Promotor d\u2019Aprenentatge Servei i la Xarxa per a la Conservaci\u00f3 de la Natura.<\/p>\n","protected":false},"excerpt":{"rendered":"<p>Us informem que el 5 de setembre\u00a0se celebrar\u00e0 el\u00a0 I Simposi sobre aprenentatge servei i servei comunitari de l\u2019\u00e0mbit ambiental al Cosmocaixa de Barcelona. Volem que aquest sigui un espai de trobada entre tots els agents que participeu en aquest tipus de projectes: centres educatius, ens locals i entitats. Necessitem la vostra participaci\u00f3 perqu\u00e8 esdevingui [&hellip;]<\/p>\n","protected":false},"author":1,"featured_media":11417,"comment_status":"closed","ping_status":"closed","sticky":false,"template":"","format":"standard","meta":{"_bbp_topic_count":0,"_bbp_reply_count":0,"_bbp_total_topic_count":0,"_bbp_total_reply_count":0,"_bbp_voice_count":0,"_bbp_anonymous_reply_count":0,"_bbp_topic_count_hidden":0,"_bbp_reply_count_hidden":0,"_bbp_forum_subforum_count":0,"site-sidebar-layout":"default","site-content-layout":"","ast-site-content-layout":"","site-content-style":"default","site-sidebar-style":"default","ast-global-header-display":"","ast-banner-title-visibility":"","ast-main-header-display":"","ast-hfb-above-header-display":"","ast-hfb-below-header-display":"","ast-hfb-mobile-header-display":"","site-post-title":"","ast-breadcrumbs-content":"","ast-featured-img":"","footer-sml-layout":"","theme-transparent-header-meta":"","adv-header-id-meta":"","stick-header-meta":"","header-above-stick-meta":"","header-main-stick-meta":"","header-below-stick-meta":"","astra-migrate-meta-layouts":"default","ast-page-background-enabled":"default","ast-page-background-meta":{"desktop":{"background-color":"var(--ast-global-color-4)","background-image":"","background-repeat":"repeat","background-position":"center center","background-size":"auto","background-attachment":"scroll","background-type":"","background-media":"","overlay-type":"","overlay-color":"","overlay-opacity":"","overlay-gradient":""},"tablet":{"background-color":"","background-image":"","background-repeat":"repeat","background-position":"center center","background-size":"auto","background-attachment":"scroll","background-type":"","background-media":"","overlay-type":"","overlay-color":"","overlay-opacity":"","overlay-gradient":""},"mobile":{"background-color":"","background-image":"","background-repeat":"repeat","background-position":"center center","background-size":"auto","background-attachment":"scroll","background-type":"","background-media":"","overlay-type":"","overlay-color":"","overlay-opacity":"","overlay-gradient":""}},"ast-content-background-meta":{"desktop":{"background-color":"var(--ast-global-color-5)","background-image":"","background-repeat":"repeat","background-position":"center center","background-size":"auto","background-attachment":"scroll","background-type":"","background-media":"","overlay-type":"","overlay-color":"","overlay-opacity":"","overlay-gradient":""},"tablet":{"background-color":"var(--ast-global-color-5)","background-image":"","background-repeat":"repeat","background-position":"center center","background-size":"auto","background-attachment":"scroll","background-type":"","background-media":"","overlay-type":"","overlay-color":"","overlay-opacity":"","overlay-gradient":""},"mobile":{"background-color":"var(--ast-global-color-5)","background-image":"","background-repeat":"repeat","background-position":"center center","background-size":"auto","background-attachment":"scroll","background-type":"","background-media":"","overlay-type":"","overlay-color":"","overlay-opacity":"","overlay-gradient":""}},"footnotes":""},"categories":[1],"tags":[],"class_list":["post-11735","post","type-post","status-publish","format-standard","has-post-thumbnail","hentry","category-general"],"post_mailing_queue_ids":[],"_links":{"self":[{"href":"https:\/\/serveiseducatius.xtec.cat\/lescorts\/wp-json\/wp\/v2\/posts\/11735","targetHints":{"allow":["GET"]}}],"collection":[{"href":"https:\/\/serveiseducatius.xtec.cat\/lescorts\/wp-json\/wp\/v2\/posts"}],"about":[{"href":"https:\/\/serveiseducatius.xtec.cat\/lescorts\/wp-json\/wp\/v2\/types\/post"}],"author":[{"embeddable":true,"href":"https:\/\/serveiseducatius.xtec.cat\/lescorts\/wp-json\/wp\/v2\/users\/1"}],"replies":[{"embeddable":true,"href":"https:\/\/serveiseducatius.xtec.cat\/lescorts\/wp-json\/wp\/v2\/comments?post=11735"}],"version-history":[{"count":1,"href":"https:\/\/serveiseducatius.xtec.cat\/lescorts\/wp-json\/wp\/v2\/posts\/11735\/revisions"}],"predecessor-version":[{"id":11736,"href":"https:\/\/serveiseducatius.xtec.cat\/lescorts\/wp-json\/wp\/v2\/posts\/11735\/revisions\/11736"}],"wp:featuredmedia":[{"embeddable":true,"href":"https:\/\/serveiseducatius.xtec.cat\/lescorts\/wp-json\/wp\/v2\/media\/11417"}],"wp:attachment":[{"href":"https:\/\/serveiseducatius.xtec.cat\/lescorts\/wp-json\/wp\/v2\/media?parent=11735"}],"wp:term":[{"taxonomy":"category","embeddable":true,"href":"https:\/\/serveiseducatius.xtec.cat\/lescorts\/wp-json\/wp\/v2\/categories?post=11735"},{"taxonomy":"post_tag","embeddable":true,"href":"https:\/\/serveiseducatius.xtec.cat\/lescorts\/wp-json\/wp\/v2\/tags?post=11735"}],"curies":[{"name":"wp","href":"https:\/\/api.w.org\/{rel}","templated":true}]}}