{"id":11717,"date":"2019-05-03T12:28:25","date_gmt":"2019-05-03T10:28:25","guid":{"rendered":"http:\/\/serveiseducatius.xtec.cat\/lescorts\/?p=11717"},"modified":"2019-05-03T12:28:34","modified_gmt":"2019-05-03T10:28:34","slug":"gravacio-dexperiencies-aps","status":"publish","type":"post","link":"https:\/\/serveiseducatius.xtec.cat\/lescorts\/general\/gravacio-dexperiencies-aps\/","title":{"rendered":"GRAVACI\u00d3 D&#8217;EXPERI\u00c8NCIES ApS"},"content":{"rendered":"<h2 style=\"text-align: center;\">GRAVACI\u00d3 D&#8217;EXPERI\u00c8NCIES ApS<\/h2>\n<p><strong>El passat 2 de maig de 2019<\/strong>, els joves de 7 centres de les Corts van assistir a la\u00a0<strong>R\u00e0dio del CRP Les Corts<\/strong>\u00a0per realitzar una gravaci\u00f3 de les seves\u00a0<strong>propostes d&#8217;ApS treballades curant el curs 2018-2019.\u00a0<\/strong>Un format taula rodona acompany\u00e0 les presentacions d&#8217;aquests alumnes. El debat el dinamitz\u00e0 en\u00a0<em>Mart\u00ed Boneta<\/em>, director del CRP Les Corts (Referents en Aprenentatge i Servei).<\/p>\n<p>Aquestes propostes seran exposades a l&#8217;acte de reconeixement que tindr\u00e0 lloc el\u00a0<strong>proper dilluns 6 de maig a la Pla\u00e7a Comas del districte<\/strong>\u00a0on es realitzar\u00e0 la taula rodona, in situ, comptant amb la participaci\u00f3 dels mestres dinamitzadors de les propostes treballades aix\u00ed com representats de les entitats.<\/p>\n<p>Vam comptar amb la participaci\u00f3 de nois i noies dels seg\u00fcents centres:<\/p>\n<ul>\n<li>Institut les Corts<\/li>\n<li>Institut Ausi\u00e0s March<\/li>\n<li>Institut Joan Bosc\u00e0<\/li>\n<li>Santa Teresa de Lisieux<\/li>\n<li>Maristes Sants &#8211; Les Corts<\/li>\n<li>Sant Ram\u00f3n &#8211; Sagrat Cor<\/li>\n<li>Pare Manyanet<\/li>\n<\/ul>\n<p style=\"text-align: center;\"><strong>Clicant a la seg\u00fcent imatge podreu accedir a la gravaci\u00f3 complerta del debat!<\/strong><\/p>\n<p style=\"text-align: center;\"><a href=\"https:\/\/www.ivoox.com\/35313841\" target=\"_blank\" rel=\"noopener noreferrer\"><img loading=\"lazy\" decoding=\"async\" class=\"alignnone wp-image-377 size-large\" src=\"http:\/\/blocs.xtec.cat\/aprenentatgeserveilescorts\/files\/2019\/02\/aps-radio-1024x750.png\" alt=\"\" width=\"440\" height=\"322\" \/><\/a><\/p>\n","protected":false},"excerpt":{"rendered":"<p>GRAVACI\u00d3 D&#8217;EXPERI\u00c8NCIES ApS El passat 2 de maig de 2019, els joves de 7 centres de les Corts van assistir a la\u00a0R\u00e0dio del CRP Les Corts\u00a0per realitzar una gravaci\u00f3 de les seves\u00a0propostes d&#8217;ApS treballades curant el curs 2018-2019.\u00a0Un format taula rodona acompany\u00e0 les presentacions d&#8217;aquests alumnes. El debat el dinamitz\u00e0 en\u00a0Mart\u00ed Boneta, director del CRP [&hellip;]<\/p>\n","protected":false},"author":1,"featured_media":11718,"comment_status":"closed","ping_status":"closed","sticky":false,"template":"","format":"standard","meta":{"_bbp_topic_count":0,"_bbp_reply_count":0,"_bbp_total_topic_count":0,"_bbp_total_reply_count":0,"_bbp_voice_count":0,"_bbp_anonymous_reply_count":0,"_bbp_topic_count_hidden":0,"_bbp_reply_count_hidden":0,"_bbp_forum_subforum_count":0,"site-sidebar-layout":"default","site-content-layout":"","ast-site-content-layout":"","site-content-style":"default","site-sidebar-style":"default","ast-global-header-display":"","ast-banner-title-visibility":"","ast-main-header-display":"","ast-hfb-above-header-display":"","ast-hfb-below-header-display":"","ast-hfb-mobile-header-display":"","site-post-title":"","ast-breadcrumbs-content":"","ast-featured-img":"","footer-sml-layout":"","theme-transparent-header-meta":"","adv-header-id-meta":"","stick-header-meta":"","header-above-stick-meta":"","header-main-stick-meta":"","header-below-stick-meta":"","astra-migrate-meta-layouts":"default","ast-page-background-enabled":"default","ast-page-background-meta":{"desktop":{"background-color":"var(--ast-global-color-4)","background-image":"","background-repeat":"repeat","background-position":"center center","background-size":"auto","background-attachment":"scroll","background-type":"","background-media":"","overlay-type":"","overlay-color":"","overlay-opacity":"","overlay-gradient":""},"tablet":{"background-color":"","background-image":"","background-repeat":"repeat","background-position":"center center","background-size":"auto","background-attachment":"scroll","background-type":"","background-media":"","overlay-type":"","overlay-color":"","overlay-opacity":"","overlay-gradient":""},"mobile":{"background-color":"","background-image":"","background-repeat":"repeat","background-position":"center center","background-size":"auto","background-attachment":"scroll","background-type":"","background-media":"","overlay-type":"","overlay-color":"","overlay-opacity":"","overlay-gradient":""}},"ast-content-background-meta":{"desktop":{"background-color":"var(--ast-global-color-5)","background-image":"","background-repeat":"repeat","background-position":"center center","background-size":"auto","background-attachment":"scroll","background-type":"","background-media":"","overlay-type":"","overlay-color":"","overlay-opacity":"","overlay-gradient":""},"tablet":{"background-color":"var(--ast-global-color-5)","background-image":"","background-repeat":"repeat","background-position":"center center","background-size":"auto","background-attachment":"scroll","background-type":"","background-media":"","overlay-type":"","overlay-color":"","overlay-opacity":"","overlay-gradient":""},"mobile":{"background-color":"var(--ast-global-color-5)","background-image":"","background-repeat":"repeat","background-position":"center center","background-size":"auto","background-attachment":"scroll","background-type":"","background-media":"","overlay-type":"","overlay-color":"","overlay-opacity":"","overlay-gradient":""}},"footnotes":""},"categories":[1,29],"tags":[],"class_list":["post-11717","post","type-post","status-publish","format-standard","has-post-thumbnail","hentry","category-general","category-portada"],"post_mailing_queue_ids":[],"_links":{"self":[{"href":"https:\/\/serveiseducatius.xtec.cat\/lescorts\/wp-json\/wp\/v2\/posts\/11717","targetHints":{"allow":["GET"]}}],"collection":[{"href":"https:\/\/serveiseducatius.xtec.cat\/lescorts\/wp-json\/wp\/v2\/posts"}],"about":[{"href":"https:\/\/serveiseducatius.xtec.cat\/lescorts\/wp-json\/wp\/v2\/types\/post"}],"author":[{"embeddable":true,"href":"https:\/\/serveiseducatius.xtec.cat\/lescorts\/wp-json\/wp\/v2\/users\/1"}],"replies":[{"embeddable":true,"href":"https:\/\/serveiseducatius.xtec.cat\/lescorts\/wp-json\/wp\/v2\/comments?post=11717"}],"version-history":[{"count":1,"href":"https:\/\/serveiseducatius.xtec.cat\/lescorts\/wp-json\/wp\/v2\/posts\/11717\/revisions"}],"predecessor-version":[{"id":11719,"href":"https:\/\/serveiseducatius.xtec.cat\/lescorts\/wp-json\/wp\/v2\/posts\/11717\/revisions\/11719"}],"wp:featuredmedia":[{"embeddable":true,"href":"https:\/\/serveiseducatius.xtec.cat\/lescorts\/wp-json\/wp\/v2\/media\/11718"}],"wp:attachment":[{"href":"https:\/\/serveiseducatius.xtec.cat\/lescorts\/wp-json\/wp\/v2\/media?parent=11717"}],"wp:term":[{"taxonomy":"category","embeddable":true,"href":"https:\/\/serveiseducatius.xtec.cat\/lescorts\/wp-json\/wp\/v2\/categories?post=11717"},{"taxonomy":"post_tag","embeddable":true,"href":"https:\/\/serveiseducatius.xtec.cat\/lescorts\/wp-json\/wp\/v2\/tags?post=11717"}],"curies":[{"name":"wp","href":"https:\/\/api.w.org\/{rel}","templated":true}]}}