{"id":11709,"date":"2019-04-26T13:54:17","date_gmt":"2019-04-26T11:54:17","guid":{"rendered":"http:\/\/serveiseducatius.xtec.cat\/lescorts\/?p=11709"},"modified":"2019-04-26T13:54:58","modified_gmt":"2019-04-26T11:54:58","slug":"celebracio-del-dia-internacional-de-la-dansa","status":"publish","type":"post","link":"https:\/\/serveiseducatius.xtec.cat\/lescorts\/general\/celebracio-del-dia-internacional-de-la-dansa\/","title":{"rendered":"Celebraci\u00f3 del dia internacional de la dansa"},"content":{"rendered":"<p style=\"text-align: justify;\">Des del\u00a0<strong>Grup CHM Salut Mental<\/strong>\u00a0us volem convidar a la\u00a0<strong>Celebraci\u00f3 del Dia Internacional de la Dansa\u00a0<\/strong>que celebrarem, amb el suport i col\u00b7laboraci\u00f3 de\u00a0<strong>la Caldera<\/strong>, Centre de Creaci\u00f3 de Dansa i Arts Esc\u00e8niques, el proper diumenge\u00a0<strong>5 de maig<\/strong>\u00a0<strong>a les 12:00hs a la Pla\u00e7a Comas.<\/strong><\/p>\n<p style=\"text-align: justify;\">Estem preparant un acte inclusiu, participatiu, festiu i obert a \u00a0tothom, amb la implicaci\u00f3 de diverses entitats. L\u2019acte l\u2019iniciarem amb la lectura del\u00a0<strong>Manifest<\/strong>\u00a0a c\u00e0rrec d&#8217;en Jordi Cort\u00e9s. Seguidament l\u2019Al\u00edcia Capdevila, professional del Grup CHM Salut Mental, explicar\u00e0 el ball conjunt (Flashmob) que tindr\u00e0 lloc al final de l&#8217;acte. A continuaci\u00f3 es presentaran les peces de dansa:<\/p>\n<ul style=\"text-align: justify;\">\n<li>La companyia de dansa\u00a0<strong>Yur Dance<\/strong>\u00a0presenta un fragment de Petit Cyclamen.<\/li>\n<li>Actuaci\u00f3 del Grup\u00a0<strong>En Moviment<\/strong>\u00a0del Centre C\u00edvic Pere Quart a c\u00e0rrec d&#8217;Elisabeth Ferrer.<\/li>\n<li><strong>Arnau P\u00e9rez<\/strong>\u00a0que presenta el seu solo de dansa\u00a0\u201cI\u2019m not a kid anymore\u201d.<\/li>\n<\/ul>\n<p style=\"text-align: justify;\">Finalitzarem l\u2019acte amb una\u00a0<strong>coreografia col\u00b7lectiva<\/strong>\u00a0en la que es convidar\u00e0 a tothom a participar-hi, i, per acabar, ho farem amb un\u00a0<strong>Vermut<\/strong>\u00a0per a tothom.<\/p>\n<p style=\"text-align: justify;\">Us deixem l\u2019enlla\u00e7 de la coreografia i us convidem a tots a ballar amb nosaltres. Si us ve de gust preparar-la aqu\u00ed us en deixem l\u2019enlla\u00e7!<\/p>\n<div class=\"ast-oembed-container \" style=\"height: 100%;\"><iframe loading=\"lazy\" title=\"COREOGRAFIA DEL DIA INTERNACIONAL DE LA DANSA 2019\" width=\"500\" height=\"281\" src=\"https:\/\/www.youtube.com\/embed\/ShIIil2eikI?feature=oembed\" frameborder=\"0\" allow=\"accelerometer; autoplay; clipboard-write; encrypted-media; gyroscope; picture-in-picture; web-share\" referrerpolicy=\"strict-origin-when-cross-origin\" allowfullscreen><\/iframe><\/div>\n<p>&nbsp;<\/p>\n<p>&nbsp;<\/p>\n","protected":false},"excerpt":{"rendered":"<p>Des del\u00a0Grup CHM Salut Mental\u00a0us volem convidar a la\u00a0Celebraci\u00f3 del Dia Internacional de la Dansa\u00a0que celebrarem, amb el suport i col\u00b7laboraci\u00f3 de\u00a0la Caldera, Centre de Creaci\u00f3 de Dansa i Arts Esc\u00e8niques, el proper diumenge\u00a05 de maig\u00a0a les 12:00hs a la Pla\u00e7a Comas. Estem preparant un acte inclusiu, participatiu, festiu i obert a \u00a0tothom, amb la [&hellip;]<\/p>\n","protected":false},"author":1,"featured_media":11710,"comment_status":"closed","ping_status":"closed","sticky":false,"template":"","format":"standard","meta":{"_bbp_topic_count":0,"_bbp_reply_count":0,"_bbp_total_topic_count":0,"_bbp_total_reply_count":0,"_bbp_voice_count":0,"_bbp_anonymous_reply_count":0,"_bbp_topic_count_hidden":0,"_bbp_reply_count_hidden":0,"_bbp_forum_subforum_count":0,"site-sidebar-layout":"default","site-content-layout":"","ast-site-content-layout":"","site-content-style":"default","site-sidebar-style":"default","ast-global-header-display":"","ast-banner-title-visibility":"","ast-main-header-display":"","ast-hfb-above-header-display":"","ast-hfb-below-header-display":"","ast-hfb-mobile-header-display":"","site-post-title":"","ast-breadcrumbs-content":"","ast-featured-img":"","footer-sml-layout":"","theme-transparent-header-meta":"","adv-header-id-meta":"","stick-header-meta":"","header-above-stick-meta":"","header-main-stick-meta":"","header-below-stick-meta":"","astra-migrate-meta-layouts":"default","ast-page-background-enabled":"default","ast-page-background-meta":{"desktop":{"background-color":"var(--ast-global-color-4)","background-image":"","background-repeat":"repeat","background-position":"center center","background-size":"auto","background-attachment":"scroll","background-type":"","background-media":"","overlay-type":"","overlay-color":"","overlay-opacity":"","overlay-gradient":""},"tablet":{"background-color":"","background-image":"","background-repeat":"repeat","background-position":"center center","background-size":"auto","background-attachment":"scroll","background-type":"","background-media":"","overlay-type":"","overlay-color":"","overlay-opacity":"","overlay-gradient":""},"mobile":{"background-color":"","background-image":"","background-repeat":"repeat","background-position":"center center","background-size":"auto","background-attachment":"scroll","background-type":"","background-media":"","overlay-type":"","overlay-color":"","overlay-opacity":"","overlay-gradient":""}},"ast-content-background-meta":{"desktop":{"background-color":"var(--ast-global-color-5)","background-image":"","background-repeat":"repeat","background-position":"center center","background-size":"auto","background-attachment":"scroll","background-type":"","background-media":"","overlay-type":"","overlay-color":"","overlay-opacity":"","overlay-gradient":""},"tablet":{"background-color":"var(--ast-global-color-5)","background-image":"","background-repeat":"repeat","background-position":"center center","background-size":"auto","background-attachment":"scroll","background-type":"","background-media":"","overlay-type":"","overlay-color":"","overlay-opacity":"","overlay-gradient":""},"mobile":{"background-color":"var(--ast-global-color-5)","background-image":"","background-repeat":"repeat","background-position":"center center","background-size":"auto","background-attachment":"scroll","background-type":"","background-media":"","overlay-type":"","overlay-color":"","overlay-opacity":"","overlay-gradient":""}},"footnotes":""},"categories":[1,29],"tags":[],"class_list":["post-11709","post","type-post","status-publish","format-standard","has-post-thumbnail","hentry","category-general","category-portada"],"post_mailing_queue_ids":[],"_links":{"self":[{"href":"https:\/\/serveiseducatius.xtec.cat\/lescorts\/wp-json\/wp\/v2\/posts\/11709","targetHints":{"allow":["GET"]}}],"collection":[{"href":"https:\/\/serveiseducatius.xtec.cat\/lescorts\/wp-json\/wp\/v2\/posts"}],"about":[{"href":"https:\/\/serveiseducatius.xtec.cat\/lescorts\/wp-json\/wp\/v2\/types\/post"}],"author":[{"embeddable":true,"href":"https:\/\/serveiseducatius.xtec.cat\/lescorts\/wp-json\/wp\/v2\/users\/1"}],"replies":[{"embeddable":true,"href":"https:\/\/serveiseducatius.xtec.cat\/lescorts\/wp-json\/wp\/v2\/comments?post=11709"}],"version-history":[{"count":2,"href":"https:\/\/serveiseducatius.xtec.cat\/lescorts\/wp-json\/wp\/v2\/posts\/11709\/revisions"}],"predecessor-version":[{"id":11712,"href":"https:\/\/serveiseducatius.xtec.cat\/lescorts\/wp-json\/wp\/v2\/posts\/11709\/revisions\/11712"}],"wp:featuredmedia":[{"embeddable":true,"href":"https:\/\/serveiseducatius.xtec.cat\/lescorts\/wp-json\/wp\/v2\/media\/11710"}],"wp:attachment":[{"href":"https:\/\/serveiseducatius.xtec.cat\/lescorts\/wp-json\/wp\/v2\/media?parent=11709"}],"wp:term":[{"taxonomy":"category","embeddable":true,"href":"https:\/\/serveiseducatius.xtec.cat\/lescorts\/wp-json\/wp\/v2\/categories?post=11709"},{"taxonomy":"post_tag","embeddable":true,"href":"https:\/\/serveiseducatius.xtec.cat\/lescorts\/wp-json\/wp\/v2\/tags?post=11709"}],"curies":[{"name":"wp","href":"https:\/\/api.w.org\/{rel}","templated":true}]}}