{"id":11640,"date":"2019-03-22T10:34:44","date_gmt":"2019-03-22T09:34:44","guid":{"rendered":"http:\/\/serveiseducatius.xtec.cat\/lescorts\/?p=11640"},"modified":"2019-03-22T10:35:04","modified_gmt":"2019-03-22T09:35:04","slug":"eines-per-educar-en-la-participacio","status":"publish","type":"post","link":"https:\/\/serveiseducatius.xtec.cat\/lescorts\/general\/eines-per-educar-en-la-participacio\/","title":{"rendered":"EINES PER EDUCAR EN LA PARTICIPACI\u00d3"},"content":{"rendered":"<p><a href=\"http:\/\/www.ferrerguardia.org\/activitats\/noticies\/687-agenda-23-de-marc-jornada-sobre-eines-per-educar-en-la-participacio\" target=\"_blank\" rel=\"noopener\"><img loading=\"lazy\" decoding=\"async\" class=\"aligncenter wp-image-11589\" src=\"https:\/\/serveiseducatius.xtec.cat\/lescorts\/wp-content\/uploads\/usu1169\/2019\/03\/EINES-PER-LA-PARTICIPACI\u00d3-1024x570.jpg\" alt=\"\" width=\"413\" height=\"230\" srcset=\"https:\/\/serveiseducatius.xtec.cat\/lescorts\/wp-content\/uploads\/usu1169\/2019\/03\/EINES-PER-LA-PARTICIPACI\u00d3-1024x570.jpg 1024w, https:\/\/serveiseducatius.xtec.cat\/lescorts\/wp-content\/uploads\/usu1169\/2019\/03\/EINES-PER-LA-PARTICIPACI\u00d3-300x167.jpg 300w, https:\/\/serveiseducatius.xtec.cat\/lescorts\/wp-content\/uploads\/usu1169\/2019\/03\/EINES-PER-LA-PARTICIPACI\u00d3-768x428.jpg 768w\" sizes=\"auto, (max-width: 413px) 100vw, 413px\" \/><\/a><\/p>\n<p style=\"text-align: justify;\">Reflexionar, debatre, treballar obstacles per donar-los soluci\u00f3 col\u00b7lectivament. Aquests s\u00f3n alguns dels objectius de la jornada<strong>\u00a0&#8220;Eines per educar en la participaci\u00f3&#8221;<\/strong>\u00a0que organitza la Fundaci\u00f3 Ferrer i Gu\u00e0rdia conjuntament amb l&#8217;Associaci\u00f3 de Mestres Rosa Sensat i l&#8217;Escola Lliure El Sol.<strong>\u00a0La formaci\u00f3 tindr\u00e0 lloc el 23 de mar\u00e7\u00a0<\/strong>a l&#8217;auditori de l&#8217;Associaci\u00f3 de Mestres Rosa Sensat (Av. Drassanes 3, Barcelona). Una\u00a0<strong>sessi\u00f3 din\u00e0mica i pr\u00e0ctica<\/strong>\u00a0adre\u00e7ada a mestres, educadors\/es i t\u00e8cnic\/ques de l&#8217;administraci\u00f3.<\/p>\n<p style=\"text-align: justify;\">La jornada comptar\u00e0 amb\u00a0<strong>experts i expertes com l\u2019Ana Novella i en Jordi Collet<\/strong>, i s&#8217;abordaran projectes com el de\u00a0<strong>Delegats\/des 3D<\/strong>\u00a0(Servei de Joventut de la Generalitat de Catalunya),\u00a0<strong>Educar en Participaci\u00f3<\/strong>\u00a0(Federaci\u00f3 de Casals de Catalunya),\u00a0<strong>Aprenc a participar\u00a0<\/strong>(Ferm\u00edn Rodr\u00edguez) i comptar\u00e0 amb les experi\u00e8ncies de\u00a0<strong>l\u2019Escola Josep Maria Jujol<\/strong>\u00a0i\u00a0<strong>l\u2019Institut de Gurb<\/strong>. Tamb\u00e9 seran presents a la sessi\u00f3 el Consell d&#8217;Infants de Sant Feliu de Llobregat.<\/p>\n<p style=\"text-align: justify;\">El programa de la jornada ser\u00e0 de 9:30h a 14:30h. La sessi\u00f3 comen\u00e7ar\u00e0 amb la presentaci\u00f3 de la professora de Teoria i Hist\u00f2ria de l&#8217;Educaci\u00f3, Ana Novella, on es contextualitzar\u00e0 la participaci\u00f3 infantil i juvenil en l&#8217;actualitat. Despr\u00e9s es faran\u00a0<strong>sis tallers pr\u00e0ctics i simultanis on es treballaran els reptes i els obstacles de la participaci\u00f3 amb les diferents experi\u00e8ncies convidades<\/strong>, per finalment, posar-ho tot en com\u00fa. Es tancar\u00e0 la jornada amb l\u2019entrevista de la periodista Elisenda Rovira a l\u2019expert, Jordi Collet.<\/p>\n<p style=\"text-align: justify;\"><strong>Activitat gratu\u00efta<br \/>\n<\/strong><\/p>\n<p style=\"text-align: justify;\">Apuntat&#8217;ho ja a l&#8217;agenda! Si ho tens clar i vols participar en la jornada:\u00a0<em><a href=\"https:\/\/docs.google.com\/forms\/d\/1UtZBnF0pm7o72qwi8H6XgINid6u8S2pLcOr7X2M0zF8\/edit\" target=\"_blank\" rel=\"noopener\" data-auth=\"NotApplicable\">INSCRIPCIONS AQU\u00cd<\/a><\/em><\/p>\n<p style=\"text-align: justify;\"><strong>Programa:<\/strong><\/p>\n<ul style=\"list-style-type: circle; text-align: justify;\">\n<li>9:30\u00a0 &#8212; 9:45h: Acollida<\/li>\n<li>9:45 &#8212; 10:00h: Presentaci\u00f3 de la jornada<\/li>\n<li>10:00 \u2013 10:30h Contextualitzaci\u00f3. La participaci\u00f3 infantil i juvenil, avui i ara. A c\u00e0rrec d&#8217;<strong>Ana Novella<\/strong>\u00a0(Professora del Departament de Teoria i Hist\u00f2ria de l&#8217;Educaci\u00f3 de la Facultat d&#8217;Educaci\u00f3 de la Universitat de Barcelona)<\/li>\n<li>10:30 &#8212; 11:00h Esmorzar<\/li>\n<li>11:00 \u2013 12:30h Tallers pr\u00e0ctics i simultanis: deconstru\u00efm per construir. Treball per reptes.<\/li>\n<\/ul>\n<ul style=\"text-align: justify;\">\n<li><strong>Educar en participaci\u00f3\u00a0<\/strong>&#8211; Casals i Grups de Joves de Catalunya<\/li>\n<li><strong>Delegats\/des 3D<\/strong>\u00a0&#8211; Servei de Joventut de la Generalitat de Catalunya<\/li>\n<li><strong>Projecte Brigades<\/strong>\u00a0&#8211; Institut de Gurb<\/li>\n<li><strong>Projecte Escoltem el pati<\/strong>\u00a0&#8211; Escola Josep Maria Jujol<\/li>\n<li><strong>Aprenc a participar<\/strong>\u00a0&#8211; Ferm\u00edn Rodr\u00edguez, psicopedagog i doctor en Educaci\u00f3 i Societat<\/li>\n<li><strong>Consell d&#8217;Infants<\/strong>\u00a0&#8211; Ajuntament de Sant Feliu de Llobregat<\/li>\n<\/ul>\n<ul style=\"list-style-type: circle; text-align: justify;\">\n<li>12:30 \u2013 14:00h Plenari col\u00b7lectiu: exposici\u00f3 de resultats i presentaci\u00f3 d&#8217;experi\u00e8ncies<\/li>\n<li>14:00 \u2013 14:30h Conversa entre\u00a0<strong style=\"font-family: inherit; font-size: 1em;\">Jordi Collet<\/strong><span style=\"font-family: inherit; font-size: 1em;\">\u00a0(soci\u00f2leg, educador social i professor titular de Sociologia a la Universitat de Vic) condu\u00efda per\u00a0<\/span><strong style=\"font-family: inherit; font-size: 1em;\">Elisenda Rovira<\/strong><span style=\"font-family: inherit; font-size: 1em;\">\u00a0(periodista i autora d&#8217; &#8220;Orgull Xirucaire&#8221;).<\/span><\/li>\n<\/ul>\n<p style=\"text-align: justify;\"><em>*Es donar\u00e0 certificat d&#8217;assist\u00e8ncia de la jornada a qui ho demani.<\/em><\/p>\n","protected":false},"excerpt":{"rendered":"<p>Reflexionar, debatre, treballar obstacles per donar-los soluci\u00f3 col\u00b7lectivament. Aquests s\u00f3n alguns dels objectius de la jornada\u00a0&#8220;Eines per educar en la participaci\u00f3&#8221;\u00a0que organitza la Fundaci\u00f3 Ferrer i Gu\u00e0rdia conjuntament amb l&#8217;Associaci\u00f3 de Mestres Rosa Sensat i l&#8217;Escola Lliure El Sol.\u00a0La formaci\u00f3 tindr\u00e0 lloc el 23 de mar\u00e7\u00a0a l&#8217;auditori de l&#8217;Associaci\u00f3 de Mestres Rosa Sensat (Av. Drassanes [&hellip;]<\/p>\n","protected":false},"author":1,"featured_media":11589,"comment_status":"closed","ping_status":"closed","sticky":false,"template":"","format":"standard","meta":{"_bbp_topic_count":0,"_bbp_reply_count":0,"_bbp_total_topic_count":0,"_bbp_total_reply_count":0,"_bbp_voice_count":0,"_bbp_anonymous_reply_count":0,"_bbp_topic_count_hidden":0,"_bbp_reply_count_hidden":0,"_bbp_forum_subforum_count":0,"site-sidebar-layout":"default","site-content-layout":"","ast-site-content-layout":"","site-content-style":"default","site-sidebar-style":"default","ast-global-header-display":"","ast-banner-title-visibility":"","ast-main-header-display":"","ast-hfb-above-header-display":"","ast-hfb-below-header-display":"","ast-hfb-mobile-header-display":"","site-post-title":"","ast-breadcrumbs-content":"","ast-featured-img":"","footer-sml-layout":"","theme-transparent-header-meta":"","adv-header-id-meta":"","stick-header-meta":"","header-above-stick-meta":"","header-main-stick-meta":"","header-below-stick-meta":"","astra-migrate-meta-layouts":"default","ast-page-background-enabled":"default","ast-page-background-meta":{"desktop":{"background-color":"var(--ast-global-color-4)","background-image":"","background-repeat":"repeat","background-position":"center center","background-size":"auto","background-attachment":"scroll","background-type":"","background-media":"","overlay-type":"","overlay-color":"","overlay-opacity":"","overlay-gradient":""},"tablet":{"background-color":"","background-image":"","background-repeat":"repeat","background-position":"center center","background-size":"auto","background-attachment":"scroll","background-type":"","background-media":"","overlay-type":"","overlay-color":"","overlay-opacity":"","overlay-gradient":""},"mobile":{"background-color":"","background-image":"","background-repeat":"repeat","background-position":"center center","background-size":"auto","background-attachment":"scroll","background-type":"","background-media":"","overlay-type":"","overlay-color":"","overlay-opacity":"","overlay-gradient":""}},"ast-content-background-meta":{"desktop":{"background-color":"var(--ast-global-color-5)","background-image":"","background-repeat":"repeat","background-position":"center center","background-size":"auto","background-attachment":"scroll","background-type":"","background-media":"","overlay-type":"","overlay-color":"","overlay-opacity":"","overlay-gradient":""},"tablet":{"background-color":"var(--ast-global-color-5)","background-image":"","background-repeat":"repeat","background-position":"center center","background-size":"auto","background-attachment":"scroll","background-type":"","background-media":"","overlay-type":"","overlay-color":"","overlay-opacity":"","overlay-gradient":""},"mobile":{"background-color":"var(--ast-global-color-5)","background-image":"","background-repeat":"repeat","background-position":"center center","background-size":"auto","background-attachment":"scroll","background-type":"","background-media":"","overlay-type":"","overlay-color":"","overlay-opacity":"","overlay-gradient":""}},"footnotes":""},"categories":[1,29],"tags":[],"class_list":["post-11640","post","type-post","status-publish","format-standard","has-post-thumbnail","hentry","category-general","category-portada"],"post_mailing_queue_ids":[],"_links":{"self":[{"href":"https:\/\/serveiseducatius.xtec.cat\/lescorts\/wp-json\/wp\/v2\/posts\/11640","targetHints":{"allow":["GET"]}}],"collection":[{"href":"https:\/\/serveiseducatius.xtec.cat\/lescorts\/wp-json\/wp\/v2\/posts"}],"about":[{"href":"https:\/\/serveiseducatius.xtec.cat\/lescorts\/wp-json\/wp\/v2\/types\/post"}],"author":[{"embeddable":true,"href":"https:\/\/serveiseducatius.xtec.cat\/lescorts\/wp-json\/wp\/v2\/users\/1"}],"replies":[{"embeddable":true,"href":"https:\/\/serveiseducatius.xtec.cat\/lescorts\/wp-json\/wp\/v2\/comments?post=11640"}],"version-history":[{"count":1,"href":"https:\/\/serveiseducatius.xtec.cat\/lescorts\/wp-json\/wp\/v2\/posts\/11640\/revisions"}],"predecessor-version":[{"id":11641,"href":"https:\/\/serveiseducatius.xtec.cat\/lescorts\/wp-json\/wp\/v2\/posts\/11640\/revisions\/11641"}],"wp:featuredmedia":[{"embeddable":true,"href":"https:\/\/serveiseducatius.xtec.cat\/lescorts\/wp-json\/wp\/v2\/media\/11589"}],"wp:attachment":[{"href":"https:\/\/serveiseducatius.xtec.cat\/lescorts\/wp-json\/wp\/v2\/media?parent=11640"}],"wp:term":[{"taxonomy":"category","embeddable":true,"href":"https:\/\/serveiseducatius.xtec.cat\/lescorts\/wp-json\/wp\/v2\/categories?post=11640"},{"taxonomy":"post_tag","embeddable":true,"href":"https:\/\/serveiseducatius.xtec.cat\/lescorts\/wp-json\/wp\/v2\/tags?post=11640"}],"curies":[{"name":"wp","href":"https:\/\/api.w.org\/{rel}","templated":true}]}}