{"id":11577,"date":"2019-03-08T11:24:37","date_gmt":"2019-03-08T10:24:37","guid":{"rendered":"http:\/\/serveiseducatius.xtec.cat\/lescorts\/?p=11577"},"modified":"2019-03-08T11:24:52","modified_gmt":"2019-03-08T10:24:52","slug":"art-i-aules-processos-i-vincles","status":"publish","type":"post","link":"https:\/\/serveiseducatius.xtec.cat\/lescorts\/general\/art-i-aules-processos-i-vincles\/","title":{"rendered":"ART I AULES: PROCESSOS I VINCLES"},"content":{"rendered":"<p style=\"font-weight: 400; text-align: justify;\">Ens plau convidar-vos a l\u2019exposici\u00f3 del Centre d\u2019Art Contemporani de Barcelona-Fabra i Coats\u00a0<strong>Art i Aules: processos i vincle<\/strong>s que ens mostra obres i processos desenvolupats\u00a0a set\u00a0centres educatius\u00a0de la ciutat\u00a0durant el curs 2017-18 en el marc de dos programes:\u00a0<em>Espais C<\/em>\u00a0i\u00a0<em>REFLEXIONART.<\/em><\/p>\n<p><img loading=\"lazy\" decoding=\"async\" class=\"aligncenter size-full wp-image-11578\" src=\"https:\/\/serveiseducatius.xtec.cat\/lescorts\/wp-content\/uploads\/usu1169\/2019\/03\/REFLEXIONART.jpg\" alt=\"\" width=\"275\" height=\"183\" \/><\/p>\n<p style=\"font-weight: 400; text-align: justify;\">Us avancem tamb\u00e9 algunes dates lligades a l\u2019exposici\u00f3:<\/p>\n<ul>\n<li style=\"font-weight: 400; text-align: justify;\">Exposici\u00f3 oberta del 15 al 31 de mar\u00e7 de 2019<\/li>\n<li style=\"font-weight: 400; text-align: justify;\">Innauguraci\u00f3: dijous 14-3-19 a les 19h<\/li>\n<li style=\"font-weight: 400; text-align: justify;\">Horari de visita del centre d\u2019art:\n<ul>\n<li style=\"font-weight: 400;\">De dimarts a dissabte 12:00\u201320:00<\/li>\n<li style=\"font-weight: 400;\">Diumenge 11:00\u201315:00<\/li>\n<li style=\"font-weight: 400;\">Dilluns tancat<\/li>\n<\/ul>\n<\/li>\n<li style=\"font-weight: 400; text-align: justify;\">Activitats\n<ul>\n<li style=\"font-weight: 400;\">Dimecres 20.3.2019, a les 18 h, taula rodona:\u00a0<em style=\"font-family: inherit; font-size: 1em;\"><strong>Espais C. Espais de creativitat per a les escoles<\/strong><\/em><\/li>\n<li style=\"font-weight: 400;\">Dilluns 25.3.2019, a les 18 h, taula rodona:\u00a0<em style=\"font-family: inherit; font-size: 1em;\"><strong>Reflexionart. Acompanyant processos de recerca i creaci<\/strong><\/em><\/li>\n<\/ul>\n<\/li>\n<li style=\"text-align: justify;\">Visites guiades de cap de setmana a totes les exposicions del centre d\u2019art:\u00a0dissabtes de 18 a 19:30 h \u00a0i diumenges de 12 a 13:30 h.<\/li>\n<li style=\"text-align: justify;\">Visites per a centres educatius (poden ser guiades o no) Centres interessats ompliu aquest\u00a0<a style=\"font-family: inherit; font-size: 1em;\" href=\"https:\/\/docs.google.com\/forms\/d\/e\/1FAIpQLSdTXvnXdnv6yP4wzDq22AxA9yhNN5mRVi7CRoUX0wQunO6CUA\/viewform\" data-saferedirecturl=\"https:\/\/www.google.com\/url?q=https:\/\/docs.google.com\/forms\/d\/e\/1FAIpQLSdTXvnXdnv6yP4wzDq22AxA9yhNN5mRVi7CRoUX0wQunO6CUA\/viewform&amp;source=gmail&amp;ust=1552120607264000&amp;usg=AFQjCNEg4FjmDUaT2r1b3JLFmxsm0woClA\">formulari<\/a><\/li>\n<\/ul>\n","protected":false},"excerpt":{"rendered":"<p>Ens plau convidar-vos a l\u2019exposici\u00f3 del Centre d\u2019Art Contemporani de Barcelona-Fabra i Coats\u00a0Art i Aules: processos i vincles que ens mostra obres i processos desenvolupats\u00a0a set\u00a0centres educatius\u00a0de la ciutat\u00a0durant el curs 2017-18 en el marc de dos programes:\u00a0Espais C\u00a0i\u00a0REFLEXIONART. Us avancem tamb\u00e9 algunes dates lligades a l\u2019exposici\u00f3: Exposici\u00f3 oberta del 15 al 31 de mar\u00e7 [&hellip;]<\/p>\n","protected":false},"author":1,"featured_media":11578,"comment_status":"closed","ping_status":"closed","sticky":false,"template":"","format":"standard","meta":{"_bbp_topic_count":0,"_bbp_reply_count":0,"_bbp_total_topic_count":0,"_bbp_total_reply_count":0,"_bbp_voice_count":0,"_bbp_anonymous_reply_count":0,"_bbp_topic_count_hidden":0,"_bbp_reply_count_hidden":0,"_bbp_forum_subforum_count":0,"site-sidebar-layout":"default","site-content-layout":"","ast-site-content-layout":"","site-content-style":"default","site-sidebar-style":"default","ast-global-header-display":"","ast-banner-title-visibility":"","ast-main-header-display":"","ast-hfb-above-header-display":"","ast-hfb-below-header-display":"","ast-hfb-mobile-header-display":"","site-post-title":"","ast-breadcrumbs-content":"","ast-featured-img":"","footer-sml-layout":"","theme-transparent-header-meta":"","adv-header-id-meta":"","stick-header-meta":"","header-above-stick-meta":"","header-main-stick-meta":"","header-below-stick-meta":"","astra-migrate-meta-layouts":"default","ast-page-background-enabled":"default","ast-page-background-meta":{"desktop":{"background-color":"var(--ast-global-color-4)","background-image":"","background-repeat":"repeat","background-position":"center center","background-size":"auto","background-attachment":"scroll","background-type":"","background-media":"","overlay-type":"","overlay-color":"","overlay-opacity":"","overlay-gradient":""},"tablet":{"background-color":"","background-image":"","background-repeat":"repeat","background-position":"center center","background-size":"auto","background-attachment":"scroll","background-type":"","background-media":"","overlay-type":"","overlay-color":"","overlay-opacity":"","overlay-gradient":""},"mobile":{"background-color":"","background-image":"","background-repeat":"repeat","background-position":"center center","background-size":"auto","background-attachment":"scroll","background-type":"","background-media":"","overlay-type":"","overlay-color":"","overlay-opacity":"","overlay-gradient":""}},"ast-content-background-meta":{"desktop":{"background-color":"var(--ast-global-color-5)","background-image":"","background-repeat":"repeat","background-position":"center center","background-size":"auto","background-attachment":"scroll","background-type":"","background-media":"","overlay-type":"","overlay-color":"","overlay-opacity":"","overlay-gradient":""},"tablet":{"background-color":"var(--ast-global-color-5)","background-image":"","background-repeat":"repeat","background-position":"center center","background-size":"auto","background-attachment":"scroll","background-type":"","background-media":"","overlay-type":"","overlay-color":"","overlay-opacity":"","overlay-gradient":""},"mobile":{"background-color":"var(--ast-global-color-5)","background-image":"","background-repeat":"repeat","background-position":"center center","background-size":"auto","background-attachment":"scroll","background-type":"","background-media":"","overlay-type":"","overlay-color":"","overlay-opacity":"","overlay-gradient":""}},"footnotes":""},"categories":[1,29],"tags":[],"class_list":["post-11577","post","type-post","status-publish","format-standard","has-post-thumbnail","hentry","category-general","category-portada"],"post_mailing_queue_ids":[],"_links":{"self":[{"href":"https:\/\/serveiseducatius.xtec.cat\/lescorts\/wp-json\/wp\/v2\/posts\/11577","targetHints":{"allow":["GET"]}}],"collection":[{"href":"https:\/\/serveiseducatius.xtec.cat\/lescorts\/wp-json\/wp\/v2\/posts"}],"about":[{"href":"https:\/\/serveiseducatius.xtec.cat\/lescorts\/wp-json\/wp\/v2\/types\/post"}],"author":[{"embeddable":true,"href":"https:\/\/serveiseducatius.xtec.cat\/lescorts\/wp-json\/wp\/v2\/users\/1"}],"replies":[{"embeddable":true,"href":"https:\/\/serveiseducatius.xtec.cat\/lescorts\/wp-json\/wp\/v2\/comments?post=11577"}],"version-history":[{"count":1,"href":"https:\/\/serveiseducatius.xtec.cat\/lescorts\/wp-json\/wp\/v2\/posts\/11577\/revisions"}],"predecessor-version":[{"id":11579,"href":"https:\/\/serveiseducatius.xtec.cat\/lescorts\/wp-json\/wp\/v2\/posts\/11577\/revisions\/11579"}],"wp:featuredmedia":[{"embeddable":true,"href":"https:\/\/serveiseducatius.xtec.cat\/lescorts\/wp-json\/wp\/v2\/media\/11578"}],"wp:attachment":[{"href":"https:\/\/serveiseducatius.xtec.cat\/lescorts\/wp-json\/wp\/v2\/media?parent=11577"}],"wp:term":[{"taxonomy":"category","embeddable":true,"href":"https:\/\/serveiseducatius.xtec.cat\/lescorts\/wp-json\/wp\/v2\/categories?post=11577"},{"taxonomy":"post_tag","embeddable":true,"href":"https:\/\/serveiseducatius.xtec.cat\/lescorts\/wp-json\/wp\/v2\/tags?post=11577"}],"curies":[{"name":"wp","href":"https:\/\/api.w.org\/{rel}","templated":true}]}}