{"id":11545,"date":"2019-02-27T10:45:15","date_gmt":"2019-02-27T09:45:15","guid":{"rendered":"http:\/\/serveiseducatius.xtec.cat\/lescorts\/?p=11545"},"modified":"2019-02-27T10:45:24","modified_gmt":"2019-02-27T09:45:24","slug":"la-reflexio-eina-clau-de-lapsc-marta-ballve","status":"publish","type":"post","link":"https:\/\/serveiseducatius.xtec.cat\/lescorts\/general\/la-reflexio-eina-clau-de-lapsc-marta-ballve\/","title":{"rendered":"LA REFLEXI\u00d3 EINA CLAU DE L&#8217;APSC (MARTA BALLV\u00c9)"},"content":{"rendered":"<h4 style=\"text-align: justify;\">PROPERA ACTIVITAT: 26 DE FEBRER DE 2019<\/h4>\n<p style=\"text-align: justify;\"><strong>La reflexi\u00f3 eina clau de l&#8217;Aprenentatge Servei.<\/strong><br \/>\n<strong>A c\u00e0rrec de Marta Ballv\u00e9 Martr\u00f3<\/strong><\/p>\n<p style=\"text-align: justify;\"><strong>DATA:<\/strong>\u00a026 de febrer de 2019.<br \/>\n<strong>LLOC:<\/strong>\u00a0CRP Les Corts (Carrer de Galileu, 229, 08028 Barcelona)<br \/>\n<strong>HORA:<\/strong>\u00a017 a 19 hores<\/p>\n<p style=\"text-align: justify;\">Cal tenir present que tota una s\u00e8rie d&#8217;elements faciliten la qualitat i continu\u00eftat de les propostes establertes en clau d\u2019aprenentatge servei. Per\u00f2 sens dubte hi ha un ingredient que els aglutina tots, els dona un valor afegit i els enriqueix: la reflexi\u00f3. Certament, l\u2019aprenentatge servei \u00e9s una pedagogia activa i reflexiva que parteix de l\u2019experi\u00e8ncia. Com deia John Dewey (1971), \u201cnom\u00e9s s\u2019apr\u00e8n all\u00f2 que es fa\u201d, per\u00f2 \u00e9s imprescindible integrar la reflexi\u00f3 com un component inherent a la mateixa pr\u00e0ctica per assegurar l\u2019adquisici\u00f3 de coneixements, el desenvolupament d\u2019habilitats i l\u2019apropiaci\u00f3 de valors que tenen com a punt de partida l\u2019activitat.<\/p>\n<div style=\"text-align: justify;\"><img loading=\"lazy\" decoding=\"async\" class=\"aligncenter\" src=\"https:\/\/www.lifeder.com\/wp-content\/uploads\/2016\/10\/john-dewey.jpg\" alt=\"Resultat d'imatges de dewey\" width=\"351\" height=\"233\" \/><\/div>\n","protected":false},"excerpt":{"rendered":"<p>PROPERA ACTIVITAT: 26 DE FEBRER DE 2019 La reflexi\u00f3 eina clau de l&#8217;Aprenentatge Servei. A c\u00e0rrec de Marta Ballv\u00e9 Martr\u00f3 DATA:\u00a026 de febrer de 2019. LLOC:\u00a0CRP Les Corts (Carrer de Galileu, 229, 08028 Barcelona) HORA:\u00a017 a 19 hores Cal tenir present que tota una s\u00e8rie d&#8217;elements faciliten la qualitat i continu\u00eftat de les propostes establertes [&hellip;]<\/p>\n","protected":false},"author":1,"featured_media":11415,"comment_status":"closed","ping_status":"closed","sticky":false,"template":"","format":"standard","meta":{"_bbp_topic_count":0,"_bbp_reply_count":0,"_bbp_total_topic_count":0,"_bbp_total_reply_count":0,"_bbp_voice_count":0,"_bbp_anonymous_reply_count":0,"_bbp_topic_count_hidden":0,"_bbp_reply_count_hidden":0,"_bbp_forum_subforum_count":0,"site-sidebar-layout":"default","site-content-layout":"","ast-site-content-layout":"","site-content-style":"default","site-sidebar-style":"default","ast-global-header-display":"","ast-banner-title-visibility":"","ast-main-header-display":"","ast-hfb-above-header-display":"","ast-hfb-below-header-display":"","ast-hfb-mobile-header-display":"","site-post-title":"","ast-breadcrumbs-content":"","ast-featured-img":"","footer-sml-layout":"","theme-transparent-header-meta":"","adv-header-id-meta":"","stick-header-meta":"","header-above-stick-meta":"","header-main-stick-meta":"","header-below-stick-meta":"","astra-migrate-meta-layouts":"default","ast-page-background-enabled":"default","ast-page-background-meta":{"desktop":{"background-color":"var(--ast-global-color-4)","background-image":"","background-repeat":"repeat","background-position":"center center","background-size":"auto","background-attachment":"scroll","background-type":"","background-media":"","overlay-type":"","overlay-color":"","overlay-opacity":"","overlay-gradient":""},"tablet":{"background-color":"","background-image":"","background-repeat":"repeat","background-position":"center center","background-size":"auto","background-attachment":"scroll","background-type":"","background-media":"","overlay-type":"","overlay-color":"","overlay-opacity":"","overlay-gradient":""},"mobile":{"background-color":"","background-image":"","background-repeat":"repeat","background-position":"center center","background-size":"auto","background-attachment":"scroll","background-type":"","background-media":"","overlay-type":"","overlay-color":"","overlay-opacity":"","overlay-gradient":""}},"ast-content-background-meta":{"desktop":{"background-color":"var(--ast-global-color-5)","background-image":"","background-repeat":"repeat","background-position":"center center","background-size":"auto","background-attachment":"scroll","background-type":"","background-media":"","overlay-type":"","overlay-color":"","overlay-opacity":"","overlay-gradient":""},"tablet":{"background-color":"var(--ast-global-color-5)","background-image":"","background-repeat":"repeat","background-position":"center center","background-size":"auto","background-attachment":"scroll","background-type":"","background-media":"","overlay-type":"","overlay-color":"","overlay-opacity":"","overlay-gradient":""},"mobile":{"background-color":"var(--ast-global-color-5)","background-image":"","background-repeat":"repeat","background-position":"center center","background-size":"auto","background-attachment":"scroll","background-type":"","background-media":"","overlay-type":"","overlay-color":"","overlay-opacity":"","overlay-gradient":""}},"footnotes":""},"categories":[1,29],"tags":[],"class_list":["post-11545","post","type-post","status-publish","format-standard","has-post-thumbnail","hentry","category-general","category-portada"],"post_mailing_queue_ids":[],"_links":{"self":[{"href":"https:\/\/serveiseducatius.xtec.cat\/lescorts\/wp-json\/wp\/v2\/posts\/11545","targetHints":{"allow":["GET"]}}],"collection":[{"href":"https:\/\/serveiseducatius.xtec.cat\/lescorts\/wp-json\/wp\/v2\/posts"}],"about":[{"href":"https:\/\/serveiseducatius.xtec.cat\/lescorts\/wp-json\/wp\/v2\/types\/post"}],"author":[{"embeddable":true,"href":"https:\/\/serveiseducatius.xtec.cat\/lescorts\/wp-json\/wp\/v2\/users\/1"}],"replies":[{"embeddable":true,"href":"https:\/\/serveiseducatius.xtec.cat\/lescorts\/wp-json\/wp\/v2\/comments?post=11545"}],"version-history":[{"count":1,"href":"https:\/\/serveiseducatius.xtec.cat\/lescorts\/wp-json\/wp\/v2\/posts\/11545\/revisions"}],"predecessor-version":[{"id":11546,"href":"https:\/\/serveiseducatius.xtec.cat\/lescorts\/wp-json\/wp\/v2\/posts\/11545\/revisions\/11546"}],"wp:featuredmedia":[{"embeddable":true,"href":"https:\/\/serveiseducatius.xtec.cat\/lescorts\/wp-json\/wp\/v2\/media\/11415"}],"wp:attachment":[{"href":"https:\/\/serveiseducatius.xtec.cat\/lescorts\/wp-json\/wp\/v2\/media?parent=11545"}],"wp:term":[{"taxonomy":"category","embeddable":true,"href":"https:\/\/serveiseducatius.xtec.cat\/lescorts\/wp-json\/wp\/v2\/categories?post=11545"},{"taxonomy":"post_tag","embeddable":true,"href":"https:\/\/serveiseducatius.xtec.cat\/lescorts\/wp-json\/wp\/v2\/tags?post=11545"}],"curies":[{"name":"wp","href":"https:\/\/api.w.org\/{rel}","templated":true}]}}