{"id":11435,"date":"2019-01-24T09:38:57","date_gmt":"2019-01-24T08:38:57","guid":{"rendered":"http:\/\/serveiseducatius.xtec.cat\/lescorts\/?p=11435"},"modified":"2019-01-24T09:39:07","modified_gmt":"2019-01-24T08:39:07","slug":"ii-seminari-deducomunicacio-per-la-justicia-global","status":"publish","type":"post","link":"https:\/\/serveiseducatius.xtec.cat\/lescorts\/general\/ii-seminari-deducomunicacio-per-la-justicia-global\/","title":{"rendered":"II Seminari d&#8217;Educomunicaci\u00f3 per la just\u00edcia global"},"content":{"rendered":"<h2 style=\"text-align: center;\">II Seminari d&#8217;Educomunicaci\u00f3 per la just\u00edcia global<\/h2>\n<p style=\"text-align: justify;\">De l&#8217;1 de Febrer al 15 de mar\u00e7 de 2019 tindr\u00e0 lloc el II Seminari d&#8217;Educomunicaci\u00f3 per la just\u00edcia global. Aquest seminari tracta d&#8217;una aproximaci\u00f3 te\u00f2rica i pr\u00e0ctica a l&#8217;educaci\u00f3 i la comunicaci\u00f3 com a eines per abordar la just\u00edcia global des de la transformaci\u00f3 local i comunit\u00e0ria. Es dividir\u00e0 en 3 m\u00f2duls:<\/p>\n<ul style=\"text-align: justify;\">\n<li>M\u00f2dul 1: EDUCOMUNICACI\u00d3 INTERSECCIONALITAT I COMUNICACI\u00d3 NO VIOLENTA<\/li>\n<li>M\u00f2dul 2: PR\u00c0CTIQUES A BARCELONA I ARREU DEL M\u00d3N<\/li>\n<li>M\u00f2dul 3: EDUCOMUNICACI\u00d3 PER A LA JUST\u00cdCIA GLOCAL APLICADA AL NOSTRE ENTORN<\/li>\n<\/ul>\n<p style=\"text-align: justify;\">Inscriu-te i cerca m\u00e9s informaci\u00f3 clicant a la seg\u00fcent imatge. T&#8217;hi esperem!<\/p>\n<p><a href=\"http:\/\/educomunicacio-glocal.elparlante.es\/?page_id=20\"><img loading=\"lazy\" decoding=\"async\" class=\"aligncenter wp-image-11345\" src=\"https:\/\/serveiseducatius.xtec.cat\/lescorts\/wp-content\/uploads\/usu1169\/2019\/01\/II-Seminari-Educomunicacio-glocal.png\" alt=\"\" width=\"556\" height=\"466\" srcset=\"https:\/\/serveiseducatius.xtec.cat\/lescorts\/wp-content\/uploads\/usu1169\/2019\/01\/II-Seminari-Educomunicacio-glocal.png 940w, https:\/\/serveiseducatius.xtec.cat\/lescorts\/wp-content\/uploads\/usu1169\/2019\/01\/II-Seminari-Educomunicacio-glocal-300x250.png 300w, https:\/\/serveiseducatius.xtec.cat\/lescorts\/wp-content\/uploads\/usu1169\/2019\/01\/II-Seminari-Educomunicacio-glocal-768x644.png 768w\" sizes=\"auto, (max-width: 556px) 100vw, 556px\" \/><\/a><\/p>\n<p>&nbsp;<\/p>\n<p>&nbsp;<\/p>\n","protected":false},"excerpt":{"rendered":"<p>II Seminari d&#8217;Educomunicaci\u00f3 per la just\u00edcia global De l&#8217;1 de Febrer al 15 de mar\u00e7 de 2019 tindr\u00e0 lloc el II Seminari d&#8217;Educomunicaci\u00f3 per la just\u00edcia global. Aquest seminari tracta d&#8217;una aproximaci\u00f3 te\u00f2rica i pr\u00e0ctica a l&#8217;educaci\u00f3 i la comunicaci\u00f3 com a eines per abordar la just\u00edcia global des de la transformaci\u00f3 local i comunit\u00e0ria. [&hellip;]<\/p>\n","protected":false},"author":1,"featured_media":11345,"comment_status":"closed","ping_status":"closed","sticky":false,"template":"","format":"standard","meta":{"_bbp_topic_count":0,"_bbp_reply_count":0,"_bbp_total_topic_count":0,"_bbp_total_reply_count":0,"_bbp_voice_count":0,"_bbp_anonymous_reply_count":0,"_bbp_topic_count_hidden":0,"_bbp_reply_count_hidden":0,"_bbp_forum_subforum_count":0,"site-sidebar-layout":"default","site-content-layout":"","ast-site-content-layout":"","site-content-style":"default","site-sidebar-style":"default","ast-global-header-display":"","ast-banner-title-visibility":"","ast-main-header-display":"","ast-hfb-above-header-display":"","ast-hfb-below-header-display":"","ast-hfb-mobile-header-display":"","site-post-title":"","ast-breadcrumbs-content":"","ast-featured-img":"","footer-sml-layout":"","theme-transparent-header-meta":"","adv-header-id-meta":"","stick-header-meta":"","header-above-stick-meta":"","header-main-stick-meta":"","header-below-stick-meta":"","astra-migrate-meta-layouts":"default","ast-page-background-enabled":"default","ast-page-background-meta":{"desktop":{"background-color":"var(--ast-global-color-4)","background-image":"","background-repeat":"repeat","background-position":"center center","background-size":"auto","background-attachment":"scroll","background-type":"","background-media":"","overlay-type":"","overlay-color":"","overlay-opacity":"","overlay-gradient":""},"tablet":{"background-color":"","background-image":"","background-repeat":"repeat","background-position":"center center","background-size":"auto","background-attachment":"scroll","background-type":"","background-media":"","overlay-type":"","overlay-color":"","overlay-opacity":"","overlay-gradient":""},"mobile":{"background-color":"","background-image":"","background-repeat":"repeat","background-position":"center center","background-size":"auto","background-attachment":"scroll","background-type":"","background-media":"","overlay-type":"","overlay-color":"","overlay-opacity":"","overlay-gradient":""}},"ast-content-background-meta":{"desktop":{"background-color":"var(--ast-global-color-5)","background-image":"","background-repeat":"repeat","background-position":"center center","background-size":"auto","background-attachment":"scroll","background-type":"","background-media":"","overlay-type":"","overlay-color":"","overlay-opacity":"","overlay-gradient":""},"tablet":{"background-color":"var(--ast-global-color-5)","background-image":"","background-repeat":"repeat","background-position":"center center","background-size":"auto","background-attachment":"scroll","background-type":"","background-media":"","overlay-type":"","overlay-color":"","overlay-opacity":"","overlay-gradient":""},"mobile":{"background-color":"var(--ast-global-color-5)","background-image":"","background-repeat":"repeat","background-position":"center center","background-size":"auto","background-attachment":"scroll","background-type":"","background-media":"","overlay-type":"","overlay-color":"","overlay-opacity":"","overlay-gradient":""}},"footnotes":""},"categories":[1,29],"tags":[],"class_list":["post-11435","post","type-post","status-publish","format-standard","has-post-thumbnail","hentry","category-general","category-portada"],"post_mailing_queue_ids":[],"_links":{"self":[{"href":"https:\/\/serveiseducatius.xtec.cat\/lescorts\/wp-json\/wp\/v2\/posts\/11435","targetHints":{"allow":["GET"]}}],"collection":[{"href":"https:\/\/serveiseducatius.xtec.cat\/lescorts\/wp-json\/wp\/v2\/posts"}],"about":[{"href":"https:\/\/serveiseducatius.xtec.cat\/lescorts\/wp-json\/wp\/v2\/types\/post"}],"author":[{"embeddable":true,"href":"https:\/\/serveiseducatius.xtec.cat\/lescorts\/wp-json\/wp\/v2\/users\/1"}],"replies":[{"embeddable":true,"href":"https:\/\/serveiseducatius.xtec.cat\/lescorts\/wp-json\/wp\/v2\/comments?post=11435"}],"version-history":[{"count":1,"href":"https:\/\/serveiseducatius.xtec.cat\/lescorts\/wp-json\/wp\/v2\/posts\/11435\/revisions"}],"predecessor-version":[{"id":11436,"href":"https:\/\/serveiseducatius.xtec.cat\/lescorts\/wp-json\/wp\/v2\/posts\/11435\/revisions\/11436"}],"wp:featuredmedia":[{"embeddable":true,"href":"https:\/\/serveiseducatius.xtec.cat\/lescorts\/wp-json\/wp\/v2\/media\/11345"}],"wp:attachment":[{"href":"https:\/\/serveiseducatius.xtec.cat\/lescorts\/wp-json\/wp\/v2\/media?parent=11435"}],"wp:term":[{"taxonomy":"category","embeddable":true,"href":"https:\/\/serveiseducatius.xtec.cat\/lescorts\/wp-json\/wp\/v2\/categories?post=11435"},{"taxonomy":"post_tag","embeddable":true,"href":"https:\/\/serveiseducatius.xtec.cat\/lescorts\/wp-json\/wp\/v2\/tags?post=11435"}],"curies":[{"name":"wp","href":"https:\/\/api.w.org\/{rel}","templated":true}]}}