{"id":11118,"date":"2018-11-28T12:57:48","date_gmt":"2018-11-28T11:57:48","guid":{"rendered":"http:\/\/serveiseducatius.xtec.cat\/lescorts\/?p=11118"},"modified":"2019-10-22T12:50:29","modified_gmt":"2019-10-22T10:50:29","slug":"audiencia-publica-de-les-corts","status":"publish","type":"post","link":"https:\/\/serveiseducatius.xtec.cat\/lescorts\/dinamitzacio\/audiencia-publica-de-les-corts\/","title":{"rendered":"AUDI\u00c8NCIA P\u00daBLICA DE LES CORTS"},"content":{"rendered":"<header class=\"entry-header\"><\/header>\n<div class=\"entry-content\">\n<p><strong><span style=\"text-decoration: underline;\">Referent de l&#8217;activitat:<\/span> Marta Ponti\u00a0<\/strong><\/p>\n<p><a style=\"font-family: inherit; font-size: 1em;\" href=\"https:\/\/serveiseducatius.xtec.cat\/lescorts\/wp-content\/uploads\/usu1169\/2018\/11\/XXV-Audi\u00e8ncia-tr\u00edptic.pdf\">XXV Audi\u00e8ncia tr\u00edptic<\/a> \u00a0\u00a0 \u00a0\u00a0 \u00a0\u00a0<a style=\"font-family: inherit; font-size: 1em;\" href=\"https:\/\/serveiseducatius.xtec.cat\/lescorts\/wp-content\/uploads\/usu1169\/2018\/11\/XXV-Audi\u00e8ncia-p\u00f2ster.pdf\">XXV Audi\u00e8ncia p\u00f2ster<\/a><\/p>\n<p>L\u2019Audi\u00e8ncia P\u00fablica de les Noies i els Nois de Barcelona \u00e9s una <strong>forma de participaci\u00f3<\/strong>, a trav\u00e9s de la qual la ciutadania infantil i adolescent de la ciutat entre<strong> 11 i 17 anys (escolaritzada a sis\u00e8 de prim\u00e0ria, a secund\u00e0ria i batxillerat, tamb\u00e9 d\u2019educaci\u00f3 especial)<\/strong> despr\u00e9s d\u2019un proc\u00e9s col\u00b7lectiu de reflexi\u00f3, presenten les seves conclusions en actes d\u2019audi\u00e8ncia p\u00fablica presidits per les regidories de districte i per l\u2019alcaldessa.<\/p>\n<p>Es potencia la participaci\u00f3 de les noies i els nois, en un proc\u00e9s ciutad\u00e0 pol\u00edtic educatiu per exercir els seus drets i deures com a ciutadanes i ciutadans de Barcelona.<\/p>\n<p>El <strong>curs 2019-2020<\/strong>, des de la\u00a0<strong>coeducaci\u00f3 i\u00a0<\/strong><strong>amb mirada feminista<\/strong>,\u00a0la tem\u00e0tica de qu\u00e8 tractar\u00e0 la <strong>XXV Audi\u00e8ncia<\/strong> P\u00fablica a les Noies i el Nois ser\u00e0 &#8220;<strong>Educant en la igualtat<\/strong>&#8220;.<\/p>\n<p>Per mitj\u00e0 del programa es desenvoluparan <strong>activitats als deu districtes municipals i activitats d\u2019\u00e0mbit ciutat.<\/strong><\/p>\n<p><span style=\"font-family: inherit; font-size: 1em; text-align: justify;\">Durant tot el proc\u00e9s el professorat rebr\u00e0 l\u2019assessorament t\u00e8cnic necessari.<\/span><\/p>\n<\/div>\n<div class=\"entry-content\">\n<p><a href=\"http:\/\/serveiseducatius.xtec.cat\/lescorts\/wp-content\/uploads\/usu1169\/2016\/09\/27audiencia.jpg\"><img loading=\"lazy\" decoding=\"async\" class=\"wp-image-8212 size-full aligncenter\" src=\"http:\/\/serveiseducatius.xtec.cat\/lescorts\/wp-content\/uploads\/usu1169\/2016\/09\/27audiencia.jpg\" sizes=\"auto, (max-width: 600px) 100vw, 600px\" srcset=\"https:\/\/serveiseducatius.xtec.cat\/lescorts\/wp-content\/uploads\/usu1169\/2016\/09\/27audiencia.jpg 600w, https:\/\/serveiseducatius.xtec.cat\/lescorts\/wp-content\/uploads\/usu1169\/2016\/09\/27audiencia-300x75.jpg 300w\" alt=\"27audiencia\" width=\"600\" height=\"150\" \/><\/a><\/p>\n<blockquote dir=\"ltr\"><p><span style=\"color: #000000;\"><strong>Objectius<\/strong><\/span><\/p>\n<ul>\n<li><span style=\"color: #000000;\">Analitzar la pres\u00e8ncia del masclisme i el sexisme en el nostre entorn quotidi\u00e0, aix\u00ed com als mitjans d\u2019informaci\u00f3 i comunicaci\u00f3, per desenvolupar una opini\u00f3 cr\u00edtica.<\/span><\/li>\n<\/ul>\n<\/blockquote>\n<blockquote dir=\"ltr\">\n<ul>\n<li><span style=\"color: #000000;\">Identificar les estrat\u00e8gies per prevenir les relacions abusives, la viol\u00e8ncia masclista i la discriminaci\u00f3 per diversitat de g\u00e8nere i orientaci\u00f3 sexual.<\/span><\/li>\n<\/ul>\n<\/blockquote>\n<blockquote dir=\"ltr\">\n<ul>\n<li><span style=\"color: #000000;\">Saber quines s\u00f3n les compet\u00e8ncies i els recursos de la ciutat de Barcelona per remoure la viol\u00e8ncia masclista i donar resposta davant pr\u00e0ctiques masclistes i discriminat\u00f2ries.<\/span><\/li>\n<\/ul>\n<\/blockquote>\n<p style=\"text-align: justify;\"><strong>Data l\u00edmit 18 d\u2019octubre de 2019.\u00a0<\/strong><\/p>\n<p>Es pot fer la <strong>inscripci\u00f3<\/strong> fent arribar sol\u00b7licitud per mitj\u00e0 del Programa d\u2019Activitats Escolars (PAE) a\u00a0<a href=\"http:\/\/barcelona.cat\/programa-activitats-escolars\" target=\"_blank\" rel=\"noopener noreferrer\" data-saferedirecturl=\"https:\/\/www.google.com\/url?q=http:\/\/barcelona.cat\/programa-activitats-escolars&amp;source=gmail&amp;ust=1562249810059000&amp;usg=AFQjCNEkRYv8C-EIcWs-5Pp-9dOTkBxR0Q\">barcelona.cat\/programa-<wbr \/>activitats-escolars<\/a><\/p>\n<p><strong>Per inscriure-s&#8217;hi cal:<\/strong><\/p>\n<p>-Identificar-se a l&#8217;apartat d&#8217;usuari amb el codi de centre de 8 d\u00edgits assignat pel Departament d&#8217;Ensenyament comen\u00e7ant per &#8220;08&#8230;&#8221;, i posar com a contrasenya el codi postal del centre educatiu.<\/p>\n<p>-Cercar l&#8217;activitat introduint el cicle educatiu corresponent, i al camp &#8220;Paraula clau&#8221; introduir &#8220;Audi\u00e8ncia&#8221;.<\/p>\n<p><strong>Consultes<\/strong> \u00a0sobre com fer la inscripci\u00f3: tel\u00e8fon 93.402.36.38 \u00a0i correu electr\u00f2nic\u00a0<a href=\"mailto:cip.pae@bcn.cat\" target=\"_blank\" rel=\"noopener noreferrer\">cip.pae@bcn.cat<\/a><\/p>\n<p><strong><span class=\"\">Cent<\/span>res participants: S<\/strong>anta Teresa de Lisieux, Sant Ramon Nonat Parroquial, Paideia.<\/p>\n<p><img loading=\"lazy\" decoding=\"async\" class=\" wp-image-8600 alignright\" style=\"text-align: right;\" src=\"http:\/\/serveiseducatius.xtec.cat\/lescorts\/wp-content\/uploads\/usu1169\/2016\/11\/logodistrito.gif\" alt=\"logodistrito\" width=\"142\" height=\"48\" \/><\/p>\n<\/div>\n","protected":false},"excerpt":{"rendered":"<p>Referent de l&#8217;activitat: Marta Ponti\u00a0 XXV Audi\u00e8ncia tr\u00edptic \u00a0\u00a0 \u00a0\u00a0 \u00a0\u00a0XXV Audi\u00e8ncia p\u00f2ster L\u2019Audi\u00e8ncia P\u00fablica de les Noies i els Nois de Barcelona \u00e9s una forma de participaci\u00f3, a trav\u00e9s de la qual la ciutadania infantil i adolescent de la ciutat entre 11 i 17 anys (escolaritzada a sis\u00e8 de prim\u00e0ria, a secund\u00e0ria i batxillerat, [&hellip;]<\/p>\n","protected":false},"author":1,"featured_media":8212,"comment_status":"closed","ping_status":"closed","sticky":false,"template":"","format":"standard","meta":{"_bbp_topic_count":0,"_bbp_reply_count":0,"_bbp_total_topic_count":0,"_bbp_total_reply_count":0,"_bbp_voice_count":0,"_bbp_anonymous_reply_count":0,"_bbp_topic_count_hidden":0,"_bbp_reply_count_hidden":0,"_bbp_forum_subforum_count":0,"site-sidebar-layout":"default","site-content-layout":"","ast-site-content-layout":"","site-content-style":"default","site-sidebar-style":"default","ast-global-header-display":"","ast-banner-title-visibility":"","ast-main-header-display":"","ast-hfb-above-header-display":"","ast-hfb-below-header-display":"","ast-hfb-mobile-header-display":"","site-post-title":"","ast-breadcrumbs-content":"","ast-featured-img":"","footer-sml-layout":"","theme-transparent-header-meta":"","adv-header-id-meta":"","stick-header-meta":"","header-above-stick-meta":"","header-main-stick-meta":"","header-below-stick-meta":"","astra-migrate-meta-layouts":"default","ast-page-background-enabled":"default","ast-page-background-meta":{"desktop":{"background-color":"var(--ast-global-color-4)","background-image":"","background-repeat":"repeat","background-position":"center center","background-size":"auto","background-attachment":"scroll","background-type":"","background-media":"","overlay-type":"","overlay-color":"","overlay-opacity":"","overlay-gradient":""},"tablet":{"background-color":"","background-image":"","background-repeat":"repeat","background-position":"center center","background-size":"auto","background-attachment":"scroll","background-type":"","background-media":"","overlay-type":"","overlay-color":"","overlay-opacity":"","overlay-gradient":""},"mobile":{"background-color":"","background-image":"","background-repeat":"repeat","background-position":"center center","background-size":"auto","background-attachment":"scroll","background-type":"","background-media":"","overlay-type":"","overlay-color":"","overlay-opacity":"","overlay-gradient":""}},"ast-content-background-meta":{"desktop":{"background-color":"var(--ast-global-color-5)","background-image":"","background-repeat":"repeat","background-position":"center center","background-size":"auto","background-attachment":"scroll","background-type":"","background-media":"","overlay-type":"","overlay-color":"","overlay-opacity":"","overlay-gradient":""},"tablet":{"background-color":"var(--ast-global-color-5)","background-image":"","background-repeat":"repeat","background-position":"center center","background-size":"auto","background-attachment":"scroll","background-type":"","background-media":"","overlay-type":"","overlay-color":"","overlay-opacity":"","overlay-gradient":""},"mobile":{"background-color":"var(--ast-global-color-5)","background-image":"","background-repeat":"repeat","background-position":"center center","background-size":"auto","background-attachment":"scroll","background-type":"","background-media":"","overlay-type":"","overlay-color":"","overlay-opacity":"","overlay-gradient":""}},"footnotes":""},"categories":[278,66],"tags":[],"class_list":["post-11118","post","type-post","status-publish","format-standard","has-post-thumbnail","hentry","category-activitats","category-dinamitzacio"],"post_mailing_queue_ids":[],"_links":{"self":[{"href":"https:\/\/serveiseducatius.xtec.cat\/lescorts\/wp-json\/wp\/v2\/posts\/11118","targetHints":{"allow":["GET"]}}],"collection":[{"href":"https:\/\/serveiseducatius.xtec.cat\/lescorts\/wp-json\/wp\/v2\/posts"}],"about":[{"href":"https:\/\/serveiseducatius.xtec.cat\/lescorts\/wp-json\/wp\/v2\/types\/post"}],"author":[{"embeddable":true,"href":"https:\/\/serveiseducatius.xtec.cat\/lescorts\/wp-json\/wp\/v2\/users\/1"}],"replies":[{"embeddable":true,"href":"https:\/\/serveiseducatius.xtec.cat\/lescorts\/wp-json\/wp\/v2\/comments?post=11118"}],"version-history":[{"count":4,"href":"https:\/\/serveiseducatius.xtec.cat\/lescorts\/wp-json\/wp\/v2\/posts\/11118\/revisions"}],"predecessor-version":[{"id":12264,"href":"https:\/\/serveiseducatius.xtec.cat\/lescorts\/wp-json\/wp\/v2\/posts\/11118\/revisions\/12264"}],"wp:featuredmedia":[{"embeddable":true,"href":"https:\/\/serveiseducatius.xtec.cat\/lescorts\/wp-json\/wp\/v2\/media\/8212"}],"wp:attachment":[{"href":"https:\/\/serveiseducatius.xtec.cat\/lescorts\/wp-json\/wp\/v2\/media?parent=11118"}],"wp:term":[{"taxonomy":"category","embeddable":true,"href":"https:\/\/serveiseducatius.xtec.cat\/lescorts\/wp-json\/wp\/v2\/categories?post=11118"},{"taxonomy":"post_tag","embeddable":true,"href":"https:\/\/serveiseducatius.xtec.cat\/lescorts\/wp-json\/wp\/v2\/tags?post=11118"}],"curies":[{"name":"wp","href":"https:\/\/api.w.org\/{rel}","templated":true}]}}