{"id":11048,"date":"2018-11-22T12:07:24","date_gmt":"2018-11-22T11:07:24","guid":{"rendered":"http:\/\/serveiseducatius.xtec.cat\/lescorts\/?p=11048"},"modified":"2018-11-22T12:25:00","modified_gmt":"2018-11-22T11:25:00","slug":"curs-aprenentatge-i-servei-comunitari","status":"publish","type":"post","link":"https:\/\/serveiseducatius.xtec.cat\/lescorts\/portada\/curs-aprenentatge-i-servei-comunitari\/","title":{"rendered":"CURS (II): Aprenentatge i Servei Comunitari"},"content":{"rendered":"<h3>Curs Inicial d&#8217;APSC<\/h3>\n<p>Curs destinat a centres i entitats que encara no estan fent projectes d&#8217;APSC, o a professorat o professionals que no s&#8217;hagin format mai en el tema. El curs aportar\u00e0 les bases te\u00f2riques i unes propostes pr\u00e0ctiques de la posada a la pr\u00e0ctica APSC.<\/p>\n<p><a href=\"https:\/\/serveiseducatius.xtec.cat\/lescorts\/wp-content\/uploads\/usu1169\/2018\/11\/logo_apsc.png\"><img loading=\"lazy\" decoding=\"async\" class=\"wp-image-11050 aligncenter\" src=\"https:\/\/serveiseducatius.xtec.cat\/lescorts\/wp-content\/uploads\/usu1169\/2018\/11\/logo_apsc.png\" alt=\"\" width=\"255\" height=\"108\" srcset=\"https:\/\/serveiseducatius.xtec.cat\/lescorts\/wp-content\/uploads\/usu1169\/2018\/11\/logo_apsc.png 500w, https:\/\/serveiseducatius.xtec.cat\/lescorts\/wp-content\/uploads\/usu1169\/2018\/11\/logo_apsc-300x127.png 300w\" sizes=\"auto, (max-width: 255px) 100vw, 255px\" \/><\/a><\/p>\n<p><img loading=\"lazy\" decoding=\"async\" class=\"Emoji Emoji--forText alignnone\" title=\"Calendario arrancable\" draggable=\"false\" src=\"https:\/\/abs.twimg.com\/emoji\/v2\/72x72\/1f4c6.png\" alt=\"?\" width=\"24\" height=\"24\" aria-label=\"Emoji: Calendario arrancable\" \/>\u00a0<b>De 24 de Gener a 14 de mar\u00e7 de 2019<\/b><\/p>\n<p><img loading=\"lazy\" decoding=\"async\" class=\"Emoji Emoji--forText\" title=\"Cara de reloj a las seis y media\" draggable=\"false\" src=\"https:\/\/abs.twimg.com\/emoji\/v2\/72x72\/1f561.png\" alt=\"?\" width=\"24\" height=\"24\" aria-label=\"Emoji: Cara de reloj a las seis y media\" \/><strong>\u00a0Els dijous de 17:30 a 19:30<\/strong><\/p>\n<p><img loading=\"lazy\" decoding=\"async\" class=\"Emoji Emoji--forText\" title=\"Tachuela redonda\" draggable=\"false\" src=\"https:\/\/abs.twimg.com\/emoji\/v2\/72x72\/1f4cd.png\" alt=\"?\" width=\"23\" height=\"23\" aria-label=\"Emoji: Tachuela redonda\" \/>\u00a0<strong>CRP Les Corts (Carrer Galileu, n\u00ba229, 08028, Barcelona)<\/strong><\/p>\n<h5 style=\"text-align: center;\"><strong>Feu click al seg\u00fcent ella\u00e7 per inscriure-us!<\/strong><\/h5>\n<p style=\"text-align: center;\"><em>*Inscripcions fins al 26 de Setembre<\/em><\/p>\n<div class=\"mceTemp\"><\/div>\n<h5 style=\"text-align: center;\"><strong><a href=\"https:\/\/aplicacions.gestioeducativa.gencat.cat\/pls\/soloas\/pk_for_mod_ins.p_for_cons_activitats?p_any=2018-2019&amp;p_codi=1040101104\">Inscripci\u00f3 \u00a0professorat\u00a0<\/a><\/strong><\/h5>\n<p style=\"text-align: center;\"><a href=\"https:\/\/docs.google.com\/forms\/d\/e\/1FAIpQLSez-JAt1AG7dfbylqU8FHeG2eTLqdKi7vU208VFPFRqIxSh_Q\/viewform\"><strong>Inscripci\u00f3\u00a0entitats<\/strong><\/a><\/p>\n","protected":false},"excerpt":{"rendered":"<p>Curs destinat a centres i entitats que encara no estan fent projectes d&#8217;APSC, o a professorat o professionals que no s&#8217;hagin format mai en el tema. El curs aportar\u00e0 les bases te\u00f2riques i unes propostes pr\u00e0ctiques de la posada a la pr\u00e0ctica APSC.<\/p>\n","protected":false},"author":1,"featured_media":11050,"comment_status":"closed","ping_status":"closed","sticky":false,"template":"","format":"standard","meta":{"_bbp_topic_count":0,"_bbp_reply_count":0,"_bbp_total_topic_count":0,"_bbp_total_reply_count":0,"_bbp_voice_count":0,"_bbp_anonymous_reply_count":0,"_bbp_topic_count_hidden":0,"_bbp_reply_count_hidden":0,"_bbp_forum_subforum_count":0,"site-sidebar-layout":"default","site-content-layout":"","ast-site-content-layout":"","site-content-style":"default","site-sidebar-style":"default","ast-global-header-display":"","ast-banner-title-visibility":"","ast-main-header-display":"","ast-hfb-above-header-display":"","ast-hfb-below-header-display":"","ast-hfb-mobile-header-display":"","site-post-title":"","ast-breadcrumbs-content":"","ast-featured-img":"","footer-sml-layout":"","theme-transparent-header-meta":"","adv-header-id-meta":"","stick-header-meta":"","header-above-stick-meta":"","header-main-stick-meta":"","header-below-stick-meta":"","astra-migrate-meta-layouts":"default","ast-page-background-enabled":"default","ast-page-background-meta":{"desktop":{"background-color":"var(--ast-global-color-4)","background-image":"","background-repeat":"repeat","background-position":"center center","background-size":"auto","background-attachment":"scroll","background-type":"","background-media":"","overlay-type":"","overlay-color":"","overlay-opacity":"","overlay-gradient":""},"tablet":{"background-color":"","background-image":"","background-repeat":"repeat","background-position":"center center","background-size":"auto","background-attachment":"scroll","background-type":"","background-media":"","overlay-type":"","overlay-color":"","overlay-opacity":"","overlay-gradient":""},"mobile":{"background-color":"","background-image":"","background-repeat":"repeat","background-position":"center center","background-size":"auto","background-attachment":"scroll","background-type":"","background-media":"","overlay-type":"","overlay-color":"","overlay-opacity":"","overlay-gradient":""}},"ast-content-background-meta":{"desktop":{"background-color":"var(--ast-global-color-5)","background-image":"","background-repeat":"repeat","background-position":"center center","background-size":"auto","background-attachment":"scroll","background-type":"","background-media":"","overlay-type":"","overlay-color":"","overlay-opacity":"","overlay-gradient":""},"tablet":{"background-color":"var(--ast-global-color-5)","background-image":"","background-repeat":"repeat","background-position":"center center","background-size":"auto","background-attachment":"scroll","background-type":"","background-media":"","overlay-type":"","overlay-color":"","overlay-opacity":"","overlay-gradient":""},"mobile":{"background-color":"var(--ast-global-color-5)","background-image":"","background-repeat":"repeat","background-position":"center center","background-size":"auto","background-attachment":"scroll","background-type":"","background-media":"","overlay-type":"","overlay-color":"","overlay-opacity":"","overlay-gradient":""}},"footnotes":""},"categories":[29],"tags":[294,293,226],"class_list":["post-11048","post","type-post","status-publish","format-standard","has-post-thumbnail","hentry","category-portada","tag-aprenentatge-servei","tag-apsc","tag-formacio"],"post_mailing_queue_ids":[],"_links":{"self":[{"href":"https:\/\/serveiseducatius.xtec.cat\/lescorts\/wp-json\/wp\/v2\/posts\/11048","targetHints":{"allow":["GET"]}}],"collection":[{"href":"https:\/\/serveiseducatius.xtec.cat\/lescorts\/wp-json\/wp\/v2\/posts"}],"about":[{"href":"https:\/\/serveiseducatius.xtec.cat\/lescorts\/wp-json\/wp\/v2\/types\/post"}],"author":[{"embeddable":true,"href":"https:\/\/serveiseducatius.xtec.cat\/lescorts\/wp-json\/wp\/v2\/users\/1"}],"replies":[{"embeddable":true,"href":"https:\/\/serveiseducatius.xtec.cat\/lescorts\/wp-json\/wp\/v2\/comments?post=11048"}],"version-history":[{"count":3,"href":"https:\/\/serveiseducatius.xtec.cat\/lescorts\/wp-json\/wp\/v2\/posts\/11048\/revisions"}],"predecessor-version":[{"id":11052,"href":"https:\/\/serveiseducatius.xtec.cat\/lescorts\/wp-json\/wp\/v2\/posts\/11048\/revisions\/11052"}],"wp:featuredmedia":[{"embeddable":true,"href":"https:\/\/serveiseducatius.xtec.cat\/lescorts\/wp-json\/wp\/v2\/media\/11050"}],"wp:attachment":[{"href":"https:\/\/serveiseducatius.xtec.cat\/lescorts\/wp-json\/wp\/v2\/media?parent=11048"}],"wp:term":[{"taxonomy":"category","embeddable":true,"href":"https:\/\/serveiseducatius.xtec.cat\/lescorts\/wp-json\/wp\/v2\/categories?post=11048"},{"taxonomy":"post_tag","embeddable":true,"href":"https:\/\/serveiseducatius.xtec.cat\/lescorts\/wp-json\/wp\/v2\/tags?post=11048"}],"curies":[{"name":"wp","href":"https:\/\/api.w.org\/{rel}","templated":true}]}}