{"id":10626,"date":"2018-07-05T11:29:23","date_gmt":"2018-07-05T09:29:23","guid":{"rendered":"http:\/\/serveiseducatius.xtec.cat\/lescorts\/?p=10626"},"modified":"2018-07-05T11:29:23","modified_gmt":"2018-07-05T09:29:23","slug":"convocatoria-premis-aprenentatge-servei","status":"publish","type":"post","link":"https:\/\/serveiseducatius.xtec.cat\/lescorts\/portada\/convocatoria-premis-aprenentatge-servei\/","title":{"rendered":"Convocat\u00f2ria PREMIS APRENENTATGE SERVEI"},"content":{"rendered":"<h1 class=\"entry-title\"><\/h1>\n<div class=\"entry-content\">\n<p>La\u00a0<strong>Red Espa\u00f1ola de Aprendizaje-Servicio<\/strong>, la\u00a0<strong>Fundaci\u00f3 Educo<\/strong>\u00a0i\u00a0<strong>Editorial Edeb\u00e9<\/strong>\u00a0tornen a impulsar la convocat\u00f2ria de car\u00e0cter estatal\u00a0<strong>Premio Aprendizaje-Servicio 2018<\/strong>, adre\u00e7ada a entitats socials, centres d\u2019educaci\u00f3\u00a0<strong>Infantil-Prim\u00e0ria, ESO-Batxillerat i Formaci\u00f3 Professional<\/strong>\u00a0i Ocupacional,\u00a0 que estiguin desenvolupant pr\u00e0ctiques de aprenentatge servei.<\/p>\n<p>S\u00f3n pr\u00e0ctiques que uneixen \u00e8xit educatiu i comprom\u00eds social. En elles, nens, nenes i joves s\u2019impliquen en accions solid\u00e0ries destinades a millorar el seu entorn al mateix temps que enforteixen coneixements, habilitats, actituds i valors: aprenen tot fent un servei a la comunitat.<\/p>\n<p>Els projectes es poden presentar en catal\u00e0, euskera, gallec i castell\u00e0.\u00a0\u00a0<strong>Hi ha temps fins al 30 de setembre 2018<\/strong>.<\/p>\n<p><a href=\"http:\/\/aprendizajeservicio.com\/\">M\u00e9s informaci\u00f3<\/a><\/p>\n<p><a href=\"http:\/\/aprendizajeservicio.com\/inscripcion\/\">Inscripci\u00f3<\/a><\/p>\n<\/div>\n","protected":false},"excerpt":{"rendered":"<p>La\u00a0Red Espa\u00f1ola de Aprendizaje-Servicio, la\u00a0Fundaci\u00f3 Educo\u00a0i\u00a0Editorial Edeb\u00e9\u00a0tornen a impulsar la convocat\u00f2ria de car\u00e0cter estatal\u00a0Premio Aprendizaje-Servicio 2018, adre\u00e7ada a entitats socials, centres d\u2019educaci\u00f3\u00a0Infantil-Prim\u00e0ria, ESO-Batxillerat i Formaci\u00f3 Professional\u00a0i Ocupacional,\u00a0 que estiguin desenvolupant pr\u00e0ctiques de aprenentatge servei. S\u00f3n pr\u00e0ctiques que uneixen \u00e8xit educatiu i comprom\u00eds social. En elles, nens, nenes i joves s\u2019impliquen en accions solid\u00e0ries destinades a [&hellip;]<\/p>\n","protected":false},"author":1,"featured_media":0,"comment_status":"closed","ping_status":"closed","sticky":false,"template":"","format":"standard","meta":{"_bbp_topic_count":0,"_bbp_reply_count":0,"_bbp_total_topic_count":0,"_bbp_total_reply_count":0,"_bbp_voice_count":0,"_bbp_anonymous_reply_count":0,"_bbp_topic_count_hidden":0,"_bbp_reply_count_hidden":0,"_bbp_forum_subforum_count":0,"site-sidebar-layout":"default","site-content-layout":"","ast-site-content-layout":"","site-content-style":"default","site-sidebar-style":"default","ast-global-header-display":"","ast-banner-title-visibility":"","ast-main-header-display":"","ast-hfb-above-header-display":"","ast-hfb-below-header-display":"","ast-hfb-mobile-header-display":"","site-post-title":"","ast-breadcrumbs-content":"","ast-featured-img":"","footer-sml-layout":"","theme-transparent-header-meta":"","adv-header-id-meta":"","stick-header-meta":"","header-above-stick-meta":"","header-main-stick-meta":"","header-below-stick-meta":"","astra-migrate-meta-layouts":"default","ast-page-background-enabled":"default","ast-page-background-meta":{"desktop":{"background-color":"var(--ast-global-color-4)","background-image":"","background-repeat":"repeat","background-position":"center center","background-size":"auto","background-attachment":"scroll","background-type":"","background-media":"","overlay-type":"","overlay-color":"","overlay-opacity":"","overlay-gradient":""},"tablet":{"background-color":"","background-image":"","background-repeat":"repeat","background-position":"center center","background-size":"auto","background-attachment":"scroll","background-type":"","background-media":"","overlay-type":"","overlay-color":"","overlay-opacity":"","overlay-gradient":""},"mobile":{"background-color":"","background-image":"","background-repeat":"repeat","background-position":"center center","background-size":"auto","background-attachment":"scroll","background-type":"","background-media":"","overlay-type":"","overlay-color":"","overlay-opacity":"","overlay-gradient":""}},"ast-content-background-meta":{"desktop":{"background-color":"var(--ast-global-color-5)","background-image":"","background-repeat":"repeat","background-position":"center center","background-size":"auto","background-attachment":"scroll","background-type":"","background-media":"","overlay-type":"","overlay-color":"","overlay-opacity":"","overlay-gradient":""},"tablet":{"background-color":"var(--ast-global-color-5)","background-image":"","background-repeat":"repeat","background-position":"center center","background-size":"auto","background-attachment":"scroll","background-type":"","background-media":"","overlay-type":"","overlay-color":"","overlay-opacity":"","overlay-gradient":""},"mobile":{"background-color":"var(--ast-global-color-5)","background-image":"","background-repeat":"repeat","background-position":"center center","background-size":"auto","background-attachment":"scroll","background-type":"","background-media":"","overlay-type":"","overlay-color":"","overlay-opacity":"","overlay-gradient":""}},"footnotes":""},"categories":[29],"tags":[],"class_list":["post-10626","post","type-post","status-publish","format-standard","hentry","category-portada"],"post_mailing_queue_ids":[],"_links":{"self":[{"href":"https:\/\/serveiseducatius.xtec.cat\/lescorts\/wp-json\/wp\/v2\/posts\/10626","targetHints":{"allow":["GET"]}}],"collection":[{"href":"https:\/\/serveiseducatius.xtec.cat\/lescorts\/wp-json\/wp\/v2\/posts"}],"about":[{"href":"https:\/\/serveiseducatius.xtec.cat\/lescorts\/wp-json\/wp\/v2\/types\/post"}],"author":[{"embeddable":true,"href":"https:\/\/serveiseducatius.xtec.cat\/lescorts\/wp-json\/wp\/v2\/users\/1"}],"replies":[{"embeddable":true,"href":"https:\/\/serveiseducatius.xtec.cat\/lescorts\/wp-json\/wp\/v2\/comments?post=10626"}],"version-history":[{"count":1,"href":"https:\/\/serveiseducatius.xtec.cat\/lescorts\/wp-json\/wp\/v2\/posts\/10626\/revisions"}],"predecessor-version":[{"id":10627,"href":"https:\/\/serveiseducatius.xtec.cat\/lescorts\/wp-json\/wp\/v2\/posts\/10626\/revisions\/10627"}],"wp:attachment":[{"href":"https:\/\/serveiseducatius.xtec.cat\/lescorts\/wp-json\/wp\/v2\/media?parent=10626"}],"wp:term":[{"taxonomy":"category","embeddable":true,"href":"https:\/\/serveiseducatius.xtec.cat\/lescorts\/wp-json\/wp\/v2\/categories?post=10626"},{"taxonomy":"post_tag","embeddable":true,"href":"https:\/\/serveiseducatius.xtec.cat\/lescorts\/wp-json\/wp\/v2\/tags?post=10626"}],"curies":[{"name":"wp","href":"https:\/\/api.w.org\/{rel}","templated":true}]}}