{"id":10212,"date":"2018-01-25T13:39:02","date_gmt":"2018-01-25T12:39:02","guid":{"rendered":"http:\/\/serveiseducatius.xtec.cat\/lescorts\/?p=10212"},"modified":"2018-01-25T13:39:02","modified_gmt":"2018-01-25T12:39:02","slug":"obrim-el-debat-educacio-i-mitjans-de-comunicacio","status":"publish","type":"post","link":"https:\/\/serveiseducatius.xtec.cat\/lescorts\/general\/obrim-el-debat-educacio-i-mitjans-de-comunicacio\/","title":{"rendered":"OBRIM EL DEBAT. Educaci\u00f3 i mitjans de comunicaci\u00f3."},"content":{"rendered":"<h2>Debat inaugural + Seminari de Pedagogia<\/h2>\n<p><strong>Adre\u00e7at a mestres del darrer cicle d\u2019Educaci\u00f3 Prim\u00e0ria i professors de secund\u00e0ria. Professionals de l\u2019ensenyament.<\/strong><\/p>\n<p><strong>\u00a0<\/strong><\/p>\n<p><strong>Debat inaugural. UNA ALTRA VIDA A LA XARXA<\/strong><\/p>\n<p><strong>Els nostres alumnes hi s\u00f3n.<\/strong><\/p>\n<p>28 de febrer de 2018\u00a0 a les 18:00h<\/p>\n<p>A \u00a0la seu de l\u2019Institut d\u2019Estudis Catalans (<a href=\"https:\/\/maps.google.com\/?q=C.+Carme,+47,+Barcelona&amp;entry=gmail&amp;source=g\" data-saferedirecturl=\"https:\/\/www.google.com\/url?hl=ca&amp;q=https:\/\/maps.google.com\/?q%3DC.%2BCarme,%2B47,%2BBarcelona%26entry%3Dgmail%26source%3Dg&amp;source=gmail&amp;ust=1516968733748000&amp;usg=AFQjCNGGsKafm1HvnrB5przsVZoSbW1wkw\">C. Carme, 47, Barcelona<\/a>)<\/p>\n<p><strong>Seminari de Pedagogia.<\/strong><u><\/u><u><\/u><\/p>\n<p><strong>ENTRE L\u2019ESCOLA I LES PANTALLES<\/strong>\u00a0\u00a0\u00a0\u00a0\u00a0\u00a0\u00a0\u00a0\u00a0\u00a0\u00a0\u00a0\u00a0\u00a0\u00a0\u00a0\u00a0\u00a0\u00a0\u00a0\u00a0<wbr \/>\u00a0\u00a0\u00a0\u00a0\u00a0\u00a0\u00a0\u00a0\u00a0\u00a0\u00a0\u00a0\u00a0\u00a0\u00a0\u00a0\u00a0\u00a0\u00a0\u00a0\u00a0\u00a0\u00a0\u00a0\u00a0\u00a0\u00a0\u00a0\u00a0\u00a0<wbr \/>\u00a0\u00a0\u00a0\u00a0\u00a0\u00a0<u><\/u><u><\/u><\/p>\n<p>14 i 15 de mar\u00e7 a les 17:30h<u><\/u><u><\/u><\/p>\n<p>A la seu de l\u2019Institut d\u2019Estudis Catalans<\/p>\n<p><a href=\"http:\/\/blogs.iec.cat\/scp\/2017\/10\/03\/educacio-i-mitjans-de-comunicacio-inaguracio-de-curs-seminari-de-pedagogia\/\">Programa<\/a><\/p>\n<p><a href=\"http:\/\/www.iec.cat\/jornades\/cicleformatiu2017.asp\">Inscripcions<\/a><\/p>\n","protected":false},"excerpt":{"rendered":"<p>Debat inaugural + Seminari de Pedagogia Adre\u00e7at a mestres del darrer cicle d\u2019Educaci\u00f3 Prim\u00e0ria i professors de secund\u00e0ria. Professionals de l\u2019ensenyament. \u00a0 Debat inaugural. UNA ALTRA VIDA A LA XARXA Els nostres alumnes hi s\u00f3n. 28 de febrer de 2018\u00a0 a les 18:00h A \u00a0la seu de l\u2019Institut d\u2019Estudis Catalans (C. Carme, 47, Barcelona) Seminari [&hellip;]<\/p>\n","protected":false},"author":1,"featured_media":0,"comment_status":"closed","ping_status":"closed","sticky":false,"template":"","format":"standard","meta":{"_bbp_topic_count":0,"_bbp_reply_count":0,"_bbp_total_topic_count":0,"_bbp_total_reply_count":0,"_bbp_voice_count":0,"_bbp_anonymous_reply_count":0,"_bbp_topic_count_hidden":0,"_bbp_reply_count_hidden":0,"_bbp_forum_subforum_count":0,"site-sidebar-layout":"default","site-content-layout":"","ast-site-content-layout":"","site-content-style":"default","site-sidebar-style":"default","ast-global-header-display":"","ast-banner-title-visibility":"","ast-main-header-display":"","ast-hfb-above-header-display":"","ast-hfb-below-header-display":"","ast-hfb-mobile-header-display":"","site-post-title":"","ast-breadcrumbs-content":"","ast-featured-img":"","footer-sml-layout":"","theme-transparent-header-meta":"","adv-header-id-meta":"","stick-header-meta":"","header-above-stick-meta":"","header-main-stick-meta":"","header-below-stick-meta":"","astra-migrate-meta-layouts":"default","ast-page-background-enabled":"default","ast-page-background-meta":{"desktop":{"background-color":"var(--ast-global-color-4)","background-image":"","background-repeat":"repeat","background-position":"center center","background-size":"auto","background-attachment":"scroll","background-type":"","background-media":"","overlay-type":"","overlay-color":"","overlay-opacity":"","overlay-gradient":""},"tablet":{"background-color":"","background-image":"","background-repeat":"repeat","background-position":"center center","background-size":"auto","background-attachment":"scroll","background-type":"","background-media":"","overlay-type":"","overlay-color":"","overlay-opacity":"","overlay-gradient":""},"mobile":{"background-color":"","background-image":"","background-repeat":"repeat","background-position":"center center","background-size":"auto","background-attachment":"scroll","background-type":"","background-media":"","overlay-type":"","overlay-color":"","overlay-opacity":"","overlay-gradient":""}},"ast-content-background-meta":{"desktop":{"background-color":"var(--ast-global-color-5)","background-image":"","background-repeat":"repeat","background-position":"center center","background-size":"auto","background-attachment":"scroll","background-type":"","background-media":"","overlay-type":"","overlay-color":"","overlay-opacity":"","overlay-gradient":""},"tablet":{"background-color":"var(--ast-global-color-5)","background-image":"","background-repeat":"repeat","background-position":"center center","background-size":"auto","background-attachment":"scroll","background-type":"","background-media":"","overlay-type":"","overlay-color":"","overlay-opacity":"","overlay-gradient":""},"mobile":{"background-color":"var(--ast-global-color-5)","background-image":"","background-repeat":"repeat","background-position":"center center","background-size":"auto","background-attachment":"scroll","background-type":"","background-media":"","overlay-type":"","overlay-color":"","overlay-opacity":"","overlay-gradient":""}},"footnotes":""},"categories":[1],"tags":[],"class_list":["post-10212","post","type-post","status-publish","format-standard","hentry","category-general"],"post_mailing_queue_ids":[],"_links":{"self":[{"href":"https:\/\/serveiseducatius.xtec.cat\/lescorts\/wp-json\/wp\/v2\/posts\/10212","targetHints":{"allow":["GET"]}}],"collection":[{"href":"https:\/\/serveiseducatius.xtec.cat\/lescorts\/wp-json\/wp\/v2\/posts"}],"about":[{"href":"https:\/\/serveiseducatius.xtec.cat\/lescorts\/wp-json\/wp\/v2\/types\/post"}],"author":[{"embeddable":true,"href":"https:\/\/serveiseducatius.xtec.cat\/lescorts\/wp-json\/wp\/v2\/users\/1"}],"replies":[{"embeddable":true,"href":"https:\/\/serveiseducatius.xtec.cat\/lescorts\/wp-json\/wp\/v2\/comments?post=10212"}],"version-history":[{"count":1,"href":"https:\/\/serveiseducatius.xtec.cat\/lescorts\/wp-json\/wp\/v2\/posts\/10212\/revisions"}],"predecessor-version":[{"id":10213,"href":"https:\/\/serveiseducatius.xtec.cat\/lescorts\/wp-json\/wp\/v2\/posts\/10212\/revisions\/10213"}],"wp:attachment":[{"href":"https:\/\/serveiseducatius.xtec.cat\/lescorts\/wp-json\/wp\/v2\/media?parent=10212"}],"wp:term":[{"taxonomy":"category","embeddable":true,"href":"https:\/\/serveiseducatius.xtec.cat\/lescorts\/wp-json\/wp\/v2\/categories?post=10212"},{"taxonomy":"post_tag","embeddable":true,"href":"https:\/\/serveiseducatius.xtec.cat\/lescorts\/wp-json\/wp\/v2\/tags?post=10212"}],"curies":[{"name":"wp","href":"https:\/\/api.w.org\/{rel}","templated":true}]}}