{"id":8606,"date":"2016-07-11T13:28:47","date_gmt":"2016-07-11T12:28:47","guid":{"rendered":"http:\/\/serveiseducatius.xtec.cat\/hospitalet\/?p=8606"},"modified":"2016-07-11T13:35:46","modified_gmt":"2016-07-11T12:35:46","slug":"materials-per-a-la-coeducacio-pagina-de-rosa-sanchis","status":"publish","type":"post","link":"https:\/\/serveiseducatius.xtec.cat\/hospitalet\/recursos\/coeducacio\/materials-per-a-la-coeducacio-pagina-de-rosa-sanchis\/","title":{"rendered":"Materials per a la coeducaci\u00f3. P\u00e0gina de Rosa Sanchis."},"content":{"rendered":"<p><a href=\"http:\/\/www.rosasanchis.com\/\" target=\"_blank\"><img loading=\"lazy\" decoding=\"async\" class=\"alignnone size-full wp-image-8607\" src=\"http:\/\/serveiseducatius.xtec.cat\/hospitalet\/wp-content\/uploads\/usu542\/2016\/07\/coedu6.jpg\" alt=\"coedu6\" width=\"563\" height=\"90\" srcset=\"https:\/\/serveiseducatius.xtec.cat\/hospitalet\/wp-content\/uploads\/usu542\/2016\/07\/coedu6.jpg 563w, https:\/\/serveiseducatius.xtec.cat\/hospitalet\/wp-content\/uploads\/usu542\/2016\/07\/coedu6-300x48.jpg 300w\" sizes=\"auto, (max-width: 563px) 100vw, 563px\" \/><\/a><\/p>\n<p><big><span lang=\"CA\">S\u00f3c professora de Valenci\u00e0 a l&#8217;<\/span><a href=\"http:\/\/villenasolidario.wordpress.com\/author\/villenasolidario\/\"><span lang=\"CA\">IES Isabel de Villena<\/span><\/a><span lang=\"CA\"> de Val\u00e8ncia i des de fa m\u00e9s de quinze anys impartisc educaci\u00f3 afectivosexual al meu alumnat de Secund\u00e0ria i Batxillerat i, de tant en tant, cursos de formaci\u00f3 per al professorat. <\/span><\/big><\/p>\n<p><span lang=\"CA\"> S\u00f3c coautora de <\/span><a href=\"http:\/\/www.rosasanchis.cat\/llibres_rsanchis\/sinopsi_sexualidad_adolescencia.pdf\"><i><span lang=\"CA\">Sexualidad y adolescencia<\/span><\/i><\/a> <span lang=\"CA\">(Rialla, 2005) i de l&#8217;assaig sobre la sexualitat <\/span><a href=\"http:\/\/www.rosasanchis.cat\/llibres_rsanchis\/que_tinc_aci_baix.html\"><i><span lang=\"CA\">Qu\u00e8 tinc ac\u00ed baix?<\/span><\/i><\/a><span lang=\"CA\"> (Bullent, 2005), dirigit al p\u00fablic adolescent i publicat tamb\u00e9 <\/span><a href=\"http:\/\/www.rosasanchis.cat\/llibres_rsanchis\/que_tengo_aqui_abajo.html\"><span lang=\"CA\">en castell\u00e0<\/span><\/a><span lang=\"CA\">.<\/span><\/p>\n<p><span lang=\"CA\"> Amb <\/span><a href=\"http:\/\/www.rosasanchis.cat\/llibres_rsanchis\/tot_per_amor.html\"><i><span lang=\"CA\">Tot per amor? Una experi\u00e8ncia educativa contra la viol\u00e8ncia a la dona<\/span><\/i><\/a><span lang=\"CA\"> (Rosa Sensat, 2006) vaig guanyar el Premi de Pedagogia Rosa Sensat 2005 i el IX Premi Melchor Botella de Renovaci\u00f3 Pedag\u00f2gica. L\u2019obra est\u00e0 tamb\u00e9 publicada <\/span><a href=\"http:\/\/www.rosasanchis.cat\/llibres_rsanchis\/todo_por_amor.html\"><span lang=\"CA\">en castell\u00e0 a Octaedro<\/span><\/a><span lang=\"CA\">. <\/span><\/p>\n<p><a href=\"http:\/\/www.rosasanchis.cat\/llibres_rsanchis\/abril_no_es_un_mes.html\"><i><span lang=\"CA\">Abril no \u00e9s un m\u00e9s<\/span><\/i><\/a><span lang=\"CA\"> (T\u00e0ndem, 2008) i <\/span><a href=\"http:\/\/www.rosasanchis.cat\/llibres_rsanchis\/primavera_per_a_palmer.html\"><i><span lang=\"CA\">Primavera per a Palmer<\/span><\/i> <\/a><span lang=\"CA\">(T\u00e0ndem, 2008) s\u00f3n les meues primeres novel\u00b7les per a adolescents. La primera se centra sobretot en el tema de la sexualitat i de l\u2019apoderament femen\u00ed, i la segona tracta principalment el bullying i l\u2019apoderament mascul\u00ed. <\/span><\/p>\n<p><span lang=\"CA\"> Des de l\u2019any 2009, treballe l&#8217;educaci\u00f3 sexual a trav\u00e9s del <a href=\"http:\/\/karicies.blogspot.com\" target=\"_blank\">blog Karicies<\/a>, que em permet incorporar textos i llenguatges propers a la cultura popular adolescent: can\u00e7ons, s\u00e8ries, pel\u00b7l\u00edcules, esdeveniments de les xarxes socials, etc. Fruit d\u2019aquesta tasca educativa \u00e9s el Premi Enric Soler i Godes 2010, d\u2019Experi\u00e8ncies pedag\u00f2giques a l\u2019escola i la publicaci\u00f3 de l\u2019assaig <\/span><a href=\"http:\/\/www.rosasanchis.cat\/llibres_rsanchis\/karicies_com.html\"><i><span lang=\"CA\">Karicies.com<\/span><\/i><\/a><span lang=\"CA\"> (Edicions 96, 2012). <\/span><\/p>\n","protected":false},"excerpt":{"rendered":"<p>S\u00f3c professora de Valenci\u00e0 a l&#8217;IES Isabel de Villena de Val\u00e8ncia i des de fa m\u00e9s de quinze anys impartisc educaci\u00f3 afectivosexual al meu alumnat de Secund\u00e0ria i Batxillerat i, de tant en tant, cursos de formaci\u00f3 per al professorat. S\u00f3c coautora de Sexualidad y adolescencia (Rialla, 2005) i de l&#8217;assaig sobre la sexualitat Qu\u00e8 [&hellip;]<\/p>\n","protected":false},"author":1,"featured_media":8607,"comment_status":"open","ping_status":"open","sticky":false,"template":"","format":"standard","meta":{"_bbp_topic_count":0,"_bbp_reply_count":0,"_bbp_total_topic_count":0,"_bbp_total_reply_count":0,"_bbp_voice_count":0,"_bbp_anonymous_reply_count":0,"_bbp_topic_count_hidden":0,"_bbp_reply_count_hidden":0,"_bbp_forum_subforum_count":0,"site-sidebar-layout":"default","site-content-layout":"","ast-site-content-layout":"","site-content-style":"default","site-sidebar-style":"default","ast-global-header-display":"","ast-banner-title-visibility":"","ast-main-header-display":"","ast-hfb-above-header-display":"","ast-hfb-below-header-display":"","ast-hfb-mobile-header-display":"","site-post-title":"","ast-breadcrumbs-content":"","ast-featured-img":"","footer-sml-layout":"","theme-transparent-header-meta":"","adv-header-id-meta":"","stick-header-meta":"","header-above-stick-meta":"","header-main-stick-meta":"","header-below-stick-meta":"","astra-migrate-meta-layouts":"default","ast-page-background-enabled":"default","ast-page-background-meta":{"desktop":{"background-color":"var(--ast-global-color-4)","background-image":"","background-repeat":"repeat","background-position":"center center","background-size":"auto","background-attachment":"scroll","background-type":"","background-media":"","overlay-type":"","overlay-color":"","overlay-opacity":"","overlay-gradient":""},"tablet":{"background-color":"","background-image":"","background-repeat":"repeat","background-position":"center center","background-size":"auto","background-attachment":"scroll","background-type":"","background-media":"","overlay-type":"","overlay-color":"","overlay-opacity":"","overlay-gradient":""},"mobile":{"background-color":"","background-image":"","background-repeat":"repeat","background-position":"center center","background-size":"auto","background-attachment":"scroll","background-type":"","background-media":"","overlay-type":"","overlay-color":"","overlay-opacity":"","overlay-gradient":""}},"ast-content-background-meta":{"desktop":{"background-color":"var(--ast-global-color-5)","background-image":"","background-repeat":"repeat","background-position":"center center","background-size":"auto","background-attachment":"scroll","background-type":"","background-media":"","overlay-type":"","overlay-color":"","overlay-opacity":"","overlay-gradient":""},"tablet":{"background-color":"var(--ast-global-color-5)","background-image":"","background-repeat":"repeat","background-position":"center center","background-size":"auto","background-attachment":"scroll","background-type":"","background-media":"","overlay-type":"","overlay-color":"","overlay-opacity":"","overlay-gradient":""},"mobile":{"background-color":"var(--ast-global-color-5)","background-image":"","background-repeat":"repeat","background-position":"center center","background-size":"auto","background-attachment":"scroll","background-type":"","background-media":"","overlay-type":"","overlay-color":"","overlay-opacity":"","overlay-gradient":""}},"footnotes":""},"categories":[267],"tags":[303,336,221,276],"class_list":["post-8606","post","type-post","status-publish","format-standard","has-post-thumbnail","hentry","category-coeducacio","tag-diversitat","tag-educacio-afectivo-sexual","tag-educacio-per-a-la-salut","tag-tutoria"],"post_mailing_queue_ids":[],"_links":{"self":[{"href":"https:\/\/serveiseducatius.xtec.cat\/hospitalet\/wp-json\/wp\/v2\/posts\/8606","targetHints":{"allow":["GET"]}}],"collection":[{"href":"https:\/\/serveiseducatius.xtec.cat\/hospitalet\/wp-json\/wp\/v2\/posts"}],"about":[{"href":"https:\/\/serveiseducatius.xtec.cat\/hospitalet\/wp-json\/wp\/v2\/types\/post"}],"author":[{"embeddable":true,"href":"https:\/\/serveiseducatius.xtec.cat\/hospitalet\/wp-json\/wp\/v2\/users\/1"}],"replies":[{"embeddable":true,"href":"https:\/\/serveiseducatius.xtec.cat\/hospitalet\/wp-json\/wp\/v2\/comments?post=8606"}],"version-history":[{"count":3,"href":"https:\/\/serveiseducatius.xtec.cat\/hospitalet\/wp-json\/wp\/v2\/posts\/8606\/revisions"}],"predecessor-version":[{"id":8611,"href":"https:\/\/serveiseducatius.xtec.cat\/hospitalet\/wp-json\/wp\/v2\/posts\/8606\/revisions\/8611"}],"wp:featuredmedia":[{"embeddable":true,"href":"https:\/\/serveiseducatius.xtec.cat\/hospitalet\/wp-json\/wp\/v2\/media\/8607"}],"wp:attachment":[{"href":"https:\/\/serveiseducatius.xtec.cat\/hospitalet\/wp-json\/wp\/v2\/media?parent=8606"}],"wp:term":[{"taxonomy":"category","embeddable":true,"href":"https:\/\/serveiseducatius.xtec.cat\/hospitalet\/wp-json\/wp\/v2\/categories?post=8606"},{"taxonomy":"post_tag","embeddable":true,"href":"https:\/\/serveiseducatius.xtec.cat\/hospitalet\/wp-json\/wp\/v2\/tags?post=8606"}],"curies":[{"name":"wp","href":"https:\/\/api.w.org\/{rel}","templated":true}]}}