{"id":25320,"date":"2026-09-04T10:48:08","date_gmt":"2026-09-04T08:48:08","guid":{"rendered":"https:\/\/serveiseducatius.xtec.cat\/hospitalet\/?p=25320"},"modified":"2026-09-04T10:48:09","modified_gmt":"2026-09-04T08:48:09","slug":"formacio-en-linia-per-a-la-prevencio-de-lassetjament-escolar","status":"publish","type":"post","link":"https:\/\/serveiseducatius.xtec.cat\/hospitalet\/portada\/formacio-en-linia-per-a-la-prevencio-de-lassetjament-escolar\/","title":{"rendered":"Formaci\u00f3 en l\u00ednia per a la prevenci\u00f3 de l\u2019assetjament escolar"},"content":{"rendered":"\n<div class=\"wp-block-getwid-section alignfull alignfull getwid-section-content-custom-width\"><div class=\"wp-block-getwid-section__wrapper getwid-padding-left-medium getwid-padding-right-medium\"><div class=\"wp-block-getwid-section__inner-wrapper\" style=\"max-width:740px\"><div class=\"wp-block-getwid-section__background-holder\"><div class=\"wp-block-getwid-section__background\"><\/div><div class=\"wp-block-getwid-section__foreground\"><\/div><\/div><div class=\"wp-block-getwid-section__content\"><div class=\"wp-block-getwid-section__inner-content\">\n<div class=\"wp-block-getwid-advanced-heading\" style=\"margin-bottom:0px;margin-top:0px\"><span class=\"wp-block-getwid-advanced-heading__content\" style=\"text-align:center\"><\/span><\/div>\n\n\n\n<div class=\"wp-block-getwid-advanced-heading\" style=\"margin-bottom:50px;margin-top:10px\"><h2 class=\"wp-block-getwid-advanced-heading__content\" style=\"text-align:center\"><strong>#aquiproubullying<\/strong> <\/h2><\/div>\n\n\n\n<figure class=\"wp-block-image alignleft size-full\"><a href=\"https:\/\/serveiseducatius.xtec.cat\/hospitalet\/wp-content\/uploads\/usu542\/2026\/09\/299x299-aqui-prou-bullying.png_30133267-4.png\"><img loading=\"lazy\" decoding=\"async\" width=\"299\" height=\"299\" src=\"https:\/\/serveiseducatius.xtec.cat\/hospitalet\/wp-content\/uploads\/usu542\/2026\/09\/299x299-aqui-prou-bullying.png_30133267-4.png\" alt=\"\" class=\"wp-image-25321\" srcset=\"https:\/\/serveiseducatius.xtec.cat\/hospitalet\/wp-content\/uploads\/usu542\/2026\/09\/299x299-aqui-prou-bullying.png_30133267-4.png 299w, https:\/\/serveiseducatius.xtec.cat\/hospitalet\/wp-content\/uploads\/usu542\/2026\/09\/299x299-aqui-prou-bullying.png_30133267-4-150x150.png 150w\" sizes=\"auto, (max-width: 299px) 100vw, 299px\" \/><\/a><\/figure>\n\n\n\n<p class=\"has-text-color has-medium-font-size\" style=\"color:#000000\">Des de l\u2019equip t\u00e8cnic del programa <strong>#aquiproubullying<\/strong> s\u2019ha impulsat un programa formatiu en l\u00ednia per aprofundir en la <strong>prevenci\u00f3 de l\u2019assetjament escolar<\/strong>.<\/p>\n\n\n\n<p>El programa consta de <strong>dos cursos independents<\/strong>, en format <strong>as\u00edncron<\/strong>, que permeten fer la formaci\u00f3 al propi ritme. Les activitats compten amb l\u2019acompanyament personalitzat d\u2019un tutor o tutora, que orientar\u00e0 i far\u00e0 el seguiment de les tasques lliurades.<\/p>\n\n\n\n<h3 class=\"wp-block-heading\">\ud83d\udfe0 Prevenci\u00f3 de l\u2019assetjament escolar: sensibilitzaci\u00f3 i observaci\u00f3 conscient<\/h3>\n\n\n\n<p>Una formaci\u00f3 per adquirir eines per identificar i prevenir possibles situacions d\u2019assetjament escolar a partir de la sensibilitzaci\u00f3 i l\u2019observaci\u00f3 conscient.<\/p>\n\n\n\n<p><strong>\ud83d\udcc5 Inscripcions:<\/strong> del 4 al 20 de setembre de 2026<br><strong>\ud83d\uddd3\ufe0f Dates del curs:<\/strong> del 20 d\u2019octubre al 17 de novembre de 2026<br><strong>\u23f1\ufe0f Durada:<\/strong> 20 hores<br><strong>\ud83d\udd22 Codi d\u2019activitat:<\/strong> 9002000517<\/p>\n\n\n\n<p>\ud83d\udc49 <strong><a href=\"https:\/\/aplicacions.gestioeducativa.gencat.cat\/ords\/pls\/soloas\/inscripcionsnp?codi=9002000517&amp;curs=2026-2027\">Consulta la informaci\u00f3 i fes la inscripci\u00f3<\/a><\/strong><\/p>\n\n\n\n<h3 class=\"wp-block-heading\">\ud83d\udfe0 Prevenci\u00f3 de l\u2019assetjament escolar: provenci\u00f3<\/h3>\n\n\n\n<p>Una proposta formativa centrada en la <strong>provenci\u00f3<\/strong>, amb estrat\u00e8gies i recursos per afavorir la conviv\u00e8ncia i prevenir situacions d\u2019assetjament escolar.<\/p>\n\n\n\n<p><strong>\ud83d\udcc5 Inscripcions:<\/strong> del 4 al 20 de setembre de 2026<br><strong>\ud83d\uddd3\ufe0f Dates del curs:<\/strong> del 20 d\u2019octubre a l\u20191 de desembre de 2026<br><strong>\u23f1\ufe0f Durada:<\/strong> 30 hores<br><strong>\ud83d\udd22 Codi d\u2019activitat:<\/strong> 9003000517<\/p>\n\n\n\n<p>\ud83d\udc49 <strong><a href=\"https:\/\/aplicacions.gestioeducativa.gencat.cat\/ords\/pls\/soloas\/inscripcionsnp?codi=9003000517&amp;curs=2026-2027\">Consulta la informaci\u00f3 i fes la inscripci\u00f3<\/a><\/strong><\/p>\n\n\n\n<p class=\"has-text-color has-medium-font-size\" style=\"color:#000000\">Una oportunitat per ampliar recursos i estrat\u00e8gies per a la prevenci\u00f3 de l\u2019assetjament escolar i la millora de la conviv\u00e8ncia als centres educatius.<\/p>\n\n\n\n<div class=\"wp-block-getwid-advanced-spacer\" style=\"height:20px\" aria-hidden=\"true\"><\/div>\n<\/div><\/div><\/div><\/div><\/div>\n","protected":false},"excerpt":{"rendered":"<p>Des de l\u2019equip t\u00e8cnic del programa #aquiproubullying s\u2019ha impulsat un programa formatiu en l\u00ednia per aprofundir en la prevenci\u00f3 de l\u2019assetjament escolar.<\/p>\n","protected":false},"author":214,"featured_media":25321,"comment_status":"closed","ping_status":"open","sticky":false,"template":"","format":"standard","meta":{"_bbp_topic_count":0,"_bbp_reply_count":0,"_bbp_total_topic_count":0,"_bbp_total_reply_count":0,"_bbp_voice_count":0,"_bbp_anonymous_reply_count":0,"_bbp_topic_count_hidden":0,"_bbp_reply_count_hidden":0,"_bbp_forum_subforum_count":0,"site-sidebar-layout":"default","site-content-layout":"","ast-site-content-layout":"default","site-content-style":"default","site-sidebar-style":"default","ast-global-header-display":"","ast-banner-title-visibility":"","ast-main-header-display":"","ast-hfb-above-header-display":"","ast-hfb-below-header-display":"","ast-hfb-mobile-header-display":"","site-post-title":"","ast-breadcrumbs-content":"","ast-featured-img":"","footer-sml-layout":"","theme-transparent-header-meta":"","adv-header-id-meta":"","stick-header-meta":"","header-above-stick-meta":"","header-main-stick-meta":"","header-below-stick-meta":"","astra-migrate-meta-layouts":"set","ast-page-background-enabled":"default","ast-page-background-meta":{"desktop":{"background-color":"var(--ast-global-color-4)","background-image":"","background-repeat":"repeat","background-position":"center center","background-size":"auto","background-attachment":"scroll","background-type":"","background-media":"","overlay-type":"","overlay-color":"","overlay-opacity":"","overlay-gradient":""},"tablet":{"background-color":"","background-image":"","background-repeat":"repeat","background-position":"center center","background-size":"auto","background-attachment":"scroll","background-type":"","background-media":"","overlay-type":"","overlay-color":"","overlay-opacity":"","overlay-gradient":""},"mobile":{"background-color":"","background-image":"","background-repeat":"repeat","background-position":"center center","background-size":"auto","background-attachment":"scroll","background-type":"","background-media":"","overlay-type":"","overlay-color":"","overlay-opacity":"","overlay-gradient":""}},"ast-content-background-meta":{"desktop":{"background-color":"var(--ast-global-color-5)","background-image":"","background-repeat":"repeat","background-position":"center center","background-size":"auto","background-attachment":"scroll","background-type":"","background-media":"","overlay-type":"","overlay-color":"","overlay-opacity":"","overlay-gradient":""},"tablet":{"background-color":"var(--ast-global-color-5)","background-image":"","background-repeat":"repeat","background-position":"center center","background-size":"auto","background-attachment":"scroll","background-type":"","background-media":"","overlay-type":"","overlay-color":"","overlay-opacity":"","overlay-gradient":""},"mobile":{"background-color":"var(--ast-global-color-5)","background-image":"","background-repeat":"repeat","background-position":"center center","background-size":"auto","background-attachment":"scroll","background-type":"","background-media":"","overlay-type":"","overlay-color":"","overlay-opacity":"","overlay-gradient":""}},"footnotes":""},"categories":[810,1325,1326,1324,1301,29],"tags":[992],"class_list":["post-25320","post","type-post","status-publish","format-standard","has-post-thumbnail","hentry","category-convivencia","category-educacio-primaria","category-educacio-secundaria","category-etapa","category-formacio","category-portada","tag-aquiproubullying"],"post_mailing_queue_ids":[],"_links":{"self":[{"href":"https:\/\/serveiseducatius.xtec.cat\/hospitalet\/wp-json\/wp\/v2\/posts\/25320","targetHints":{"allow":["GET"]}}],"collection":[{"href":"https:\/\/serveiseducatius.xtec.cat\/hospitalet\/wp-json\/wp\/v2\/posts"}],"about":[{"href":"https:\/\/serveiseducatius.xtec.cat\/hospitalet\/wp-json\/wp\/v2\/types\/post"}],"author":[{"embeddable":true,"href":"https:\/\/serveiseducatius.xtec.cat\/hospitalet\/wp-json\/wp\/v2\/users\/214"}],"replies":[{"embeddable":true,"href":"https:\/\/serveiseducatius.xtec.cat\/hospitalet\/wp-json\/wp\/v2\/comments?post=25320"}],"version-history":[{"count":1,"href":"https:\/\/serveiseducatius.xtec.cat\/hospitalet\/wp-json\/wp\/v2\/posts\/25320\/revisions"}],"predecessor-version":[{"id":25322,"href":"https:\/\/serveiseducatius.xtec.cat\/hospitalet\/wp-json\/wp\/v2\/posts\/25320\/revisions\/25322"}],"wp:featuredmedia":[{"embeddable":true,"href":"https:\/\/serveiseducatius.xtec.cat\/hospitalet\/wp-json\/wp\/v2\/media\/25321"}],"wp:attachment":[{"href":"https:\/\/serveiseducatius.xtec.cat\/hospitalet\/wp-json\/wp\/v2\/media?parent=25320"}],"wp:term":[{"taxonomy":"category","embeddable":true,"href":"https:\/\/serveiseducatius.xtec.cat\/hospitalet\/wp-json\/wp\/v2\/categories?post=25320"},{"taxonomy":"post_tag","embeddable":true,"href":"https:\/\/serveiseducatius.xtec.cat\/hospitalet\/wp-json\/wp\/v2\/tags?post=25320"}],"curies":[{"name":"wp","href":"https:\/\/api.w.org\/{rel}","templated":true}]}}