{"id":25289,"date":"2026-09-02T08:00:00","date_gmt":"2026-09-02T06:00:00","guid":{"rendered":"https:\/\/serveiseducatius.xtec.cat\/hospitalet\/?p=25289"},"modified":"2026-07-14T12:50:05","modified_gmt":"2026-07-14T10:50:05","slug":"art-cultura-i-educacio","status":"publish","type":"post","link":"https:\/\/serveiseducatius.xtec.cat\/hospitalet\/general\/art-cultura-i-educacio\/","title":{"rendered":"Art, cultura i educaci\u00f3"},"content":{"rendered":"\n<div class=\"wp-block-getwid-section alignfull alignfull getwid-section-content-custom-width\"><div class=\"wp-block-getwid-section__wrapper getwid-padding-left-medium getwid-padding-right-medium\"><div class=\"wp-block-getwid-section__inner-wrapper\" style=\"max-width:740px\"><div class=\"wp-block-getwid-section__background-holder\"><div class=\"wp-block-getwid-section__background\"><\/div><div class=\"wp-block-getwid-section__foreground\"><\/div><\/div><div class=\"wp-block-getwid-section__content\"><div class=\"wp-block-getwid-section__inner-content\">\n<div class=\"wp-block-getwid-advanced-heading\" style=\"margin-bottom:0px;margin-top:0px\"><span class=\"wp-block-getwid-advanced-heading__content\" style=\"text-align:center\">Formacions obertes pels docents<\/span><\/div>\n\n\n\n<div class=\"wp-block-getwid-advanced-heading\" style=\"margin-bottom:50px;margin-top:10px\"><h2 class=\"wp-block-getwid-advanced-heading__content\" style=\"text-align:center\"><\/h2><\/div>\n\n\n\n<figure class=\"wp-block-image alignleft size-large is-resized\"><a href=\"https:\/\/serveiseducatius.xtec.cat\/hospitalet\/wp-content\/uploads\/usu542\/2026\/07\/Ha-Ig-2026-07-14T123338.411.png\"><img loading=\"lazy\" decoding=\"async\" width=\"576\" height=\"1024\" src=\"https:\/\/serveiseducatius.xtec.cat\/hospitalet\/wp-content\/uploads\/usu542\/2026\/07\/Ha-Ig-2026-07-14T123338.411-576x1024.png\" alt=\"\" class=\"wp-image-25291\" style=\"width:340px;height:auto\" srcset=\"https:\/\/serveiseducatius.xtec.cat\/hospitalet\/wp-content\/uploads\/usu542\/2026\/07\/Ha-Ig-2026-07-14T123338.411-576x1024.png 576w, https:\/\/serveiseducatius.xtec.cat\/hospitalet\/wp-content\/uploads\/usu542\/2026\/07\/Ha-Ig-2026-07-14T123338.411-169x300.png 169w, https:\/\/serveiseducatius.xtec.cat\/hospitalet\/wp-content\/uploads\/usu542\/2026\/07\/Ha-Ig-2026-07-14T123338.411-768x1365.png 768w, https:\/\/serveiseducatius.xtec.cat\/hospitalet\/wp-content\/uploads\/usu542\/2026\/07\/Ha-Ig-2026-07-14T123338.411-864x1536.png 864w, https:\/\/serveiseducatius.xtec.cat\/hospitalet\/wp-content\/uploads\/usu542\/2026\/07\/Ha-Ig-2026-07-14T123338.411.png 1080w\" sizes=\"auto, (max-width: 576px) 100vw, 576px\" \/><\/a><\/figure>\n\n\n\n<p class=\"has-text-color has-medium-font-size\" style=\"color:#000000\">Aquest 1r torn, el CRP Ciutat de l\u2019Hospitalet de Llobregat ofereix dues propostes formatives adre\u00e7ades a docents d\u2019infantil, prim\u00e0ria i secund\u00e0ria i una presentaci\u00f3 de la maleta pedag\u00f2gica del circ. <\/p>\n\n\n\n<h5 class=\"wp-block-heading has-ast-global-color-1-color has-text-color has-link-color wp-elements-b400c7c4a5a78aeca46cf8311a6a1d16\">Les possibilitats educatives del patrimoni cultural<\/h5>\n\n\n\n<p>\ud83d\udcc5 <strong>Dates:<\/strong> 3, 10 i 24 de novembre de 2026<br>\ud83d\udd52 <strong>Horari:<\/strong> de 17.30 h a 19.30 h<br>\ud83d\udccd <strong>Lloc:<\/strong> Museu Can Riera de l\u2019Hospitalet<br>\ud83c\udf93 <strong>Durada:<\/strong> 6 hores<br>\ud83d\udccc <strong>Format:<\/strong> presencial<\/p>\n\n\n\n<p>Aquesta formaci\u00f3 convida a incorporar el patrimoni \u2014material i immaterial\u2014 com a recurs pedag\u00f2gic actiu i significatiu. Permet treballar l\u2019esperit cr\u00edtic, la vinculaci\u00f3 amb l\u2019entorn i el desenvolupament de projectes interdisciplinaris i competencials.<\/p>\n\n\n\n<p>Les sessions es duran a terme en un equipament patrimonial del territori, facilitant una aproximaci\u00f3 pr\u00e0ctica i transferible a l\u2019aula.<\/p>\n\n\n\n<h5 class=\"wp-block-heading has-ast-global-color-1-color has-text-color has-link-color wp-elements-d6bf777e06f0a669c880f294be7a426e\">El teatre: un recurs per promoure la cohesi\u00f3, la creativitat i l\u2019escolta activa a l\u2019aula<\/h5>\n\n\n\n<p>\ud83d\udcc5 <strong>Dates:<\/strong> 29 d\u2019octubre, 12 i 19 de novembre de 2026<br>\ud83d\udd52 <strong>Horari:<\/strong> de 17.30 h a 19.30 h<br>\ud83d\udccd <strong>Lloc:<\/strong> a concretar<br>\ud83c\udf93 <strong>Durada:<\/strong> 6 hores<br>\ud83d\udccc <strong>Format:<\/strong> presencial<\/p>\n\n\n\n<p>Aquesta formaci\u00f3 planteja el teatre com una eina vivencial per desenvolupar compet\u00e8ncies personals i socials a l\u2019aula. A trav\u00e9s d\u2019una metodologia pr\u00e0ctica, els docents experimentaran en primera persona el potencial del joc teatral.<\/p>\n\n\n\n<p>El treball esc\u00e8nic permet activar la mirada i l\u2019escolta, afavorir la cohesi\u00f3 de grup i potenciar la creativitat, entenent el teatre com un proc\u00e9s d\u2019aprenentatge m\u00e9s enll\u00e0 de la representaci\u00f3 final.<\/p>\n\n\n\n<p>\ud83d\udcdd <strong>Inscripci\u00f3 a ambdues activitats:<\/strong> del 4 al 20 de setembre de 2026<\/p>\n\n\n\n<h5 class=\"wp-block-heading has-ast-global-color-1-color has-text-color has-link-color wp-elements-6bc15b1b7218ae2b70de71f29b83df89\"><strong>Presentaci\u00f3 de la maleta pedag\u00f2gica del circ<\/strong><\/h5>\n\n\n\n<p>En el marc de la formaci\u00f3 Aprendre amb les arts del circ: desenvolupament competencial i vincle educatiu, curs 2025-2026, es dur\u00e0 a terme la presentaci\u00f3 de la maleta pedag\u00f2gica del circ, un recurs pensat per facilitar la incorporaci\u00f3 de les arts circenses a l\u2019aula.<\/p>\n\n\n\n<p>\ud83d\udcc5 Data: 27 d\u2019octubre<br>\ud83d\udd52 Horari: de 17.15 h a 19.15 h<br>\ud83d\udccd Lloc: Institut Merc\u00e8 Rodoreda<\/p>\n\n\n\n<p>Aquesta sessi\u00f3 permetr\u00e0 con\u00e8ixer els materials i les possibilitats did\u00e0ctiques de la maleta, aix\u00ed com compartir experi\u00e8ncies i propostes d\u2019aplicaci\u00f3 educativa.<\/p>\n\n\n\n<p>La maleta est\u00e0 disponible en servei de pr\u00e9stec al CRP de L\u2019Hospitalet i es pot reservar pels centres educatius interessats.<\/p>\n\n\n\n<div class=\"wp-block-getwid-advanced-spacer\" style=\"height:20px\" aria-hidden=\"true\"><\/div>\n\n\n\n<div class=\"wp-block-getwid-button-group\"><div class=\"wp-block-getwid-button-group__wrapper\">\n<div class=\"wp-block-button\"><a class=\"wp-block-button__link wp-element-button\" href=\"https:\/\/aplicacions.gestioeducativa.gencat.cat\/ords\/pls\/soloas\/pk_for_mod_ins.p_for_exhaustiu_activitat?p_header=Detall%20d%27activitat^pk_for_mod_ins.p_for_detall_activitat?p_codi=2005010547%26p_curs=2026-2027%26p_es_inscr=S&amp;p_codi=2005010547&amp;p_curs=2026-2027&amp;p_es_inscr=S\" target=\"_blank\" rel=\"noreferrer noopener\">Les possibilitats educatives del patrimoni cultural<\/a><\/div>\n\n\n\n<div class=\"wp-block-button\"><a class=\"wp-block-button__link wp-element-button\" href=\"https:\/\/aplicacions.gestioeducativa.gencat.cat\/ords\/pls\/soloas\/pk_for_mod_ins.p_for_exhaustiu_activitat?p_header=Detall%20d%27activitat^pk_for_mod_ins.p_for_detall_activitat?p_codi=2005030547%26p_curs=2026-2027%26p_es_inscr=S&amp;p_codi=2005030547&amp;p_curs=2026-2027&amp;p_es_inscr=S\" target=\"_blank\" rel=\"noreferrer noopener\">El teatre: un recurs per promoure la cohesi\u00f3, la creativitat i l\u2019escolta activa a l\u2019aula<\/a><\/div>\n\n\n\n<div class=\"wp-block-button\"><a class=\"wp-block-button__link wp-element-button\" href=\"https:\/\/docs.google.com\/forms\/d\/e\/1FAIpQLSdmADfUtbe2eBHBodF4toZ6kudQEf4sCyoHWuLJufXD5kEHDA\/viewform?usp=publish-editor\" target=\"_blank\" rel=\"noreferrer noopener\">Presentaci\u00f3 de la maleta pedag\u00f2gica del circ<\/a><\/div>\n<\/div><\/div>\n<\/div><\/div><\/div><\/div><\/div>\n","protected":false},"excerpt":{"rendered":"<p>Aquest 1r torn, el CRP Ciutat de l\u2019Hospitalet de Llobregat ofereix dues propostes formatives adre\u00e7ades a docents d\u2019infantil, prim\u00e0ria i secund\u00e0ria i una presentaci\u00f3 de la maleta pedag\u00f2gica del circ. <\/p>\n","protected":false},"author":214,"featured_media":25292,"comment_status":"closed","ping_status":"open","sticky":false,"template":"","format":"standard","meta":{"_bbp_topic_count":0,"_bbp_reply_count":0,"_bbp_total_topic_count":0,"_bbp_total_reply_count":0,"_bbp_voice_count":0,"_bbp_anonymous_reply_count":0,"_bbp_topic_count_hidden":0,"_bbp_reply_count_hidden":0,"_bbp_forum_subforum_count":0,"site-sidebar-layout":"default","site-content-layout":"","ast-site-content-layout":"default","site-content-style":"default","site-sidebar-style":"default","ast-global-header-display":"","ast-banner-title-visibility":"","ast-main-header-display":"","ast-hfb-above-header-display":"","ast-hfb-below-header-display":"","ast-hfb-mobile-header-display":"","site-post-title":"","ast-breadcrumbs-content":"","ast-featured-img":"","footer-sml-layout":"","theme-transparent-header-meta":"","adv-header-id-meta":"","stick-header-meta":"","header-above-stick-meta":"","header-main-stick-meta":"","header-below-stick-meta":"","astra-migrate-meta-layouts":"set","ast-page-background-enabled":"default","ast-page-background-meta":{"desktop":{"background-color":"var(--ast-global-color-4)","background-image":"","background-repeat":"repeat","background-position":"center center","background-size":"auto","background-attachment":"scroll","background-type":"","background-media":"","overlay-type":"","overlay-color":"","overlay-opacity":"","overlay-gradient":""},"tablet":{"background-color":"","background-image":"","background-repeat":"repeat","background-position":"center center","background-size":"auto","background-attachment":"scroll","background-type":"","background-media":"","overlay-type":"","overlay-color":"","overlay-opacity":"","overlay-gradient":""},"mobile":{"background-color":"","background-image":"","background-repeat":"repeat","background-position":"center center","background-size":"auto","background-attachment":"scroll","background-type":"","background-media":"","overlay-type":"","overlay-color":"","overlay-opacity":"","overlay-gradient":""}},"ast-content-background-meta":{"desktop":{"background-color":"var(--ast-global-color-5)","background-image":"","background-repeat":"repeat","background-position":"center center","background-size":"auto","background-attachment":"scroll","background-type":"","background-media":"","overlay-type":"","overlay-color":"","overlay-opacity":"","overlay-gradient":""},"tablet":{"background-color":"var(--ast-global-color-5)","background-image":"","background-repeat":"repeat","background-position":"center center","background-size":"auto","background-attachment":"scroll","background-type":"","background-media":"","overlay-type":"","overlay-color":"","overlay-opacity":"","overlay-gradient":""},"mobile":{"background-color":"var(--ast-global-color-5)","background-image":"","background-repeat":"repeat","background-position":"center center","background-size":"auto","background-attachment":"scroll","background-type":"","background-media":"","overlay-type":"","overlay-color":"","overlay-opacity":"","overlay-gradient":""}},"footnotes":""},"categories":[79,65,264,1325,1326,1324,1301,1,82,153,29,76,1221],"tags":[449,1283,450,827,412],"class_list":["post-25289","post","type-post","status-publish","format-standard","has-post-thumbnail","hentry","category-apadrinem-el-nostre-patrimoni","category-crp","category-infantil-0-6","category-educacio-primaria","category-educacio-secundaria","category-etapa","category-formacio","category-general","category-maletes-pedagogiques","category-pfz","category-portada","category-recursos","category-servei-educatiu","tag-art","tag-circ","tag-cultura","tag-patrimoni","tag-teatre"],"post_mailing_queue_ids":[],"_links":{"self":[{"href":"https:\/\/serveiseducatius.xtec.cat\/hospitalet\/wp-json\/wp\/v2\/posts\/25289","targetHints":{"allow":["GET"]}}],"collection":[{"href":"https:\/\/serveiseducatius.xtec.cat\/hospitalet\/wp-json\/wp\/v2\/posts"}],"about":[{"href":"https:\/\/serveiseducatius.xtec.cat\/hospitalet\/wp-json\/wp\/v2\/types\/post"}],"author":[{"embeddable":true,"href":"https:\/\/serveiseducatius.xtec.cat\/hospitalet\/wp-json\/wp\/v2\/users\/214"}],"replies":[{"embeddable":true,"href":"https:\/\/serveiseducatius.xtec.cat\/hospitalet\/wp-json\/wp\/v2\/comments?post=25289"}],"version-history":[{"count":2,"href":"https:\/\/serveiseducatius.xtec.cat\/hospitalet\/wp-json\/wp\/v2\/posts\/25289\/revisions"}],"predecessor-version":[{"id":25293,"href":"https:\/\/serveiseducatius.xtec.cat\/hospitalet\/wp-json\/wp\/v2\/posts\/25289\/revisions\/25293"}],"wp:featuredmedia":[{"embeddable":true,"href":"https:\/\/serveiseducatius.xtec.cat\/hospitalet\/wp-json\/wp\/v2\/media\/25292"}],"wp:attachment":[{"href":"https:\/\/serveiseducatius.xtec.cat\/hospitalet\/wp-json\/wp\/v2\/media?parent=25289"}],"wp:term":[{"taxonomy":"category","embeddable":true,"href":"https:\/\/serveiseducatius.xtec.cat\/hospitalet\/wp-json\/wp\/v2\/categories?post=25289"},{"taxonomy":"post_tag","embeddable":true,"href":"https:\/\/serveiseducatius.xtec.cat\/hospitalet\/wp-json\/wp\/v2\/tags?post=25289"}],"curies":[{"name":"wp","href":"https:\/\/api.w.org\/{rel}","templated":true}]}}