{"id":25254,"date":"2026-09-01T09:00:00","date_gmt":"2026-09-01T07:00:00","guid":{"rendered":"https:\/\/serveiseducatius.xtec.cat\/hospitalet\/?p=25254"},"modified":"2026-07-15T14:41:07","modified_gmt":"2026-07-15T12:41:07","slug":"pla-de-formacio-de-zona-2026-2027","status":"publish","type":"post","link":"https:\/\/serveiseducatius.xtec.cat\/hospitalet\/portada\/pla-de-formacio-de-zona-2026-2027\/","title":{"rendered":"Pla de Formaci\u00f3 de Zona 2026\/2027"},"content":{"rendered":"\n<div class=\"wp-block-getwid-section alignfull alignfull getwid-section-content-custom-width\"><div class=\"wp-block-getwid-section__wrapper getwid-padding-left-medium getwid-padding-right-medium\"><div class=\"wp-block-getwid-section__inner-wrapper\" style=\"max-width:740px\"><div class=\"wp-block-getwid-section__background-holder\"><div class=\"wp-block-getwid-section__background\"><\/div><div class=\"wp-block-getwid-section__foreground\"><\/div><\/div><div class=\"wp-block-getwid-section__content\"><div class=\"wp-block-getwid-section__inner-content\">\n<div class=\"wp-block-getwid-advanced-heading\" style=\"margin-bottom:0px;margin-top:0px\"><span class=\"wp-block-getwid-advanced-heading__content\" style=\"text-align:center\"><\/span><\/div>\n\n\n\n<div class=\"wp-block-getwid-advanced-heading\" style=\"margin-bottom:50px;margin-top:10px\"><h2 class=\"wp-block-getwid-advanced-heading__content\" style=\"text-align:center\"><\/h2><\/div>\n\n\n\n<figure class=\"wp-block-image alignleft size-full is-resized\"><a href=\"https:\/\/serveiseducatius.xtec.cat\/hospitalet\/wp-content\/uploads\/usu542\/2026\/07\/images-2.jpg\"><img loading=\"lazy\" decoding=\"async\" width=\"299\" height=\"247\" src=\"https:\/\/serveiseducatius.xtec.cat\/hospitalet\/wp-content\/uploads\/usu542\/2026\/07\/images-2.jpg\" alt=\"\" class=\"wp-image-25197\" style=\"width:187px;height:auto\"\/><\/a><\/figure>\n\n\n\n<p class=\"has-text-color has-medium-font-size\" style=\"color:#000000\">Des del Servei Educatiu us donem la benvinguda a un nou curs ple d\u2019oportunitats, reptes i aprenentatges compartits.<\/p>\n\n\n\n<p class=\"has-text-color has-medium-font-size\" style=\"color:#000000\">Us recordem que el Servei Educatiu trasllada la seva ubicaci\u00f3 a l\u2019edifici municipal del CEMFO:<\/p>\n\n\n\n<p class=\"has-text-color has-medium-font-size\" style=\"color:#000000\">\ud83d\udccd Ctra. del Mig, 85-87<br>08907 L\u2019Hospitalet de Llobregat (Barcelona)<\/p>\n\n\n\n<p class=\"has-text-color has-medium-font-size\" style=\"color:#000000\">D&#8217;altra banda, ja s\u2019ha publicat el Pla de Formaci\u00f3 de Zona (PFZ) de la ciutat de l\u2019Hospitalet per al curs 2026-2027, una proposta formativa adre\u00e7ada al professorat amb l\u2019objectiu de donar resposta a les necessitats dels centres i afavorir la millora de la pr\u00e0ctica educativa.<\/p>\n\n\n\n<p>\ud83d\udd17 <a href=\"https:\/\/serveiseducatius.xtec.cat\/hospitalet\/activitats\/\" target=\"_blank\" rel=\"noreferrer noopener\">Consulta el PFZ de l\u2019Hospitalet 2026-2027<\/a><br>\ud83d\udcc5 El per\u00edode d\u2019inscripci\u00f3 \u00e9s del 4 al 20 de setembre de 2026<br>\ud83d\udccc A partir del 6 d\u2019octubre es podr\u00e0 consultar l\u2019adjudicaci\u00f3 de places<\/p>\n\n\n\n<p>Aquest curs, el PFZ incorpora activitats diverses que promouen l\u2019intercanvi d\u2019experi\u00e8ncies entre docents i el treball compartit entre centres, amb una mirada centrada en la millora educativa.<\/p>\n\n\n\n<p>A m\u00e9s, des del CRP, tamb\u00e9 us oferim c\u00e0psules formatives per a centres, pensades per donar suport al desplegament del curr\u00edculum i enriquir les pr\u00e0ctiques pedag\u00f2giques.<\/p>\n\n\n\n<p>\ud83d\udd17 <a href=\"https:\/\/serveiseducatius.xtec.cat\/hospitalet\/capsules-formatives-2\/\" target=\"_blank\" rel=\"noreferrer noopener\">C\u00e0psules disponibles:<\/a><\/p>\n\n\n\n<ul class=\"wp-block-list\">\n<li>Situacions d\u2019aprenentatge<\/li>\n\n\n\n<li>Cicle de l\u2019aprenentatge<\/li>\n\n\n\n<li>Com ens pot ajudar la IAG com a docents?<\/li>\n\n\n\n<li>Rutines de pensament<\/li>\n\n\n\n<li>Organitzadors gr\u00e0fics<\/li>\n\n\n\n<li>Aprenentatge basat en jocs<\/li>\n\n\n\n<li>Canva educatiu<\/li>\n\n\n\n<li>Observaci\u00f3 entre iguals<\/li>\n\n\n\n<li>Avaluaci\u00f3 formativa<\/li>\n\n\n\n<li>Networking creatiu per transformar<\/li>\n<\/ul>\n\n\n\n<p>\ud83d\udcdd <a href=\"https:\/\/serveiseducatius.xtec.cat\/hospitalet\/capsules-formatives-2\/#\">Reserva la c\u00e0psula formativa<\/a>: Aquest<a href=\"http:\/\/xn--aquest%20formulari%20est%20adreat%20exclusivament%20a%20lequip%20directiu%20del%20centre%20educatiu%20i%20permet%20sollicitar%20una%20cpsula%20formativa-hyg390dbd40cu8655a.\/\">&nbsp;<\/a>formulari&nbsp;est\u00e0 adre\u00e7at&nbsp;exclusivament a l\u2019equip directiu del centre educatiu.<\/p>\n\n\n\n<p>Durant els pr\u00f2xims dies anirem publicant les confer\u00e8ncies, ja que encara estem treballant en la definici\u00f3 de l\u2019oferta formativa.<\/p>\n\n\n\n<p>Mentrestant, us recordem que esteu convidats a la trobada pedag\u00f2gica <strong>\u201cPotenciar el benestar docent: constru\u00efm aules que cuiden\u201d<\/strong>, a c\u00e0rrec de Rafael Bisquerra, referent en educaci\u00f3 emocional, el dia 8 d&#8217;octubre a les 17.30 h al CC Bellvitge. <\/p>\n\n\n\n<p><\/p>\n\n\n\n<div class=\"wp-block-getwid-button-group\"><div class=\"wp-block-getwid-button-group__wrapper\">\n<div class=\"wp-block-button\"><a class=\"wp-block-button__link wp-element-button\" href=\"https:\/\/serveiseducatius.xtec.cat\/hospitalet\/activitats\/\" target=\"_blank\" rel=\"noreferrer noopener\">Consulta PFZ<\/a><\/div>\n\n\n\n<div class=\"wp-block-button\"><a class=\"wp-block-button__link wp-element-button\" href=\"https:\/\/serveiseducatius.xtec.cat\/hospitalet\/capsules-formatives-2\/\" target=\"_blank\" rel=\"noreferrer noopener\">Consulta C\u00e0psules formatives<\/a><\/div>\n\n\n\n<div class=\"wp-block-button\"><a class=\"wp-block-button__link wp-element-button\" href=\"https:\/\/serveiseducatius.xtec.cat\/hospitalet\/portada\/potenciem-el-benestar-docent-construint-aules-que-cuiden\/\" target=\"_blank\" rel=\"noreferrer noopener\">Trobada Pedag\u00f2gica<\/a><\/div>\n<\/div><\/div>\n\n\n\n<div class=\"wp-block-getwid-advanced-spacer\" style=\"height:20px\" aria-hidden=\"true\"><\/div>\n<\/div><\/div><\/div><\/div><\/div>\n","protected":false},"excerpt":{"rendered":"<p>Ja s\u2019ha publicat el Pla de Formaci\u00f3 de Zona (PFZ) de la ciutat de l\u2019Hospitalet per al curs 2026-2027, una proposta formativa adre\u00e7ada al professorat amb l\u2019objectiu de donar resposta a les necessitats dels centres i afavorir la millora de la pr\u00e0ctica educativa.<\/p>\n","protected":false},"author":214,"featured_media":25197,"comment_status":"closed","ping_status":"open","sticky":false,"template":"","format":"standard","meta":{"_bbp_topic_count":0,"_bbp_reply_count":0,"_bbp_total_topic_count":0,"_bbp_total_reply_count":0,"_bbp_voice_count":0,"_bbp_anonymous_reply_count":0,"_bbp_topic_count_hidden":0,"_bbp_reply_count_hidden":0,"_bbp_forum_subforum_count":0,"site-sidebar-layout":"default","site-content-layout":"","ast-site-content-layout":"default","site-content-style":"default","site-sidebar-style":"default","ast-global-header-display":"","ast-banner-title-visibility":"","ast-main-header-display":"","ast-hfb-above-header-display":"","ast-hfb-below-header-display":"","ast-hfb-mobile-header-display":"","site-post-title":"","ast-breadcrumbs-content":"","ast-featured-img":"","footer-sml-layout":"","theme-transparent-header-meta":"","adv-header-id-meta":"","stick-header-meta":"","header-above-stick-meta":"","header-main-stick-meta":"","header-below-stick-meta":"","astra-migrate-meta-layouts":"set","ast-page-background-enabled":"default","ast-page-background-meta":{"desktop":{"background-color":"var(--ast-global-color-4)","background-image":"","background-repeat":"repeat","background-position":"center center","background-size":"auto","background-attachment":"scroll","background-type":"","background-media":"","overlay-type":"","overlay-color":"","overlay-opacity":"","overlay-gradient":""},"tablet":{"background-color":"","background-image":"","background-repeat":"repeat","background-position":"center center","background-size":"auto","background-attachment":"scroll","background-type":"","background-media":"","overlay-type":"","overlay-color":"","overlay-opacity":"","overlay-gradient":""},"mobile":{"background-color":"","background-image":"","background-repeat":"repeat","background-position":"center center","background-size":"auto","background-attachment":"scroll","background-type":"","background-media":"","overlay-type":"","overlay-color":"","overlay-opacity":"","overlay-gradient":""}},"ast-content-background-meta":{"desktop":{"background-color":"var(--ast-global-color-5)","background-image":"","background-repeat":"repeat","background-position":"center center","background-size":"auto","background-attachment":"scroll","background-type":"","background-media":"","overlay-type":"","overlay-color":"","overlay-opacity":"","overlay-gradient":""},"tablet":{"background-color":"var(--ast-global-color-5)","background-image":"","background-repeat":"repeat","background-position":"center center","background-size":"auto","background-attachment":"scroll","background-type":"","background-media":"","overlay-type":"","overlay-color":"","overlay-opacity":"","overlay-gradient":""},"mobile":{"background-color":"var(--ast-global-color-5)","background-image":"","background-repeat":"repeat","background-position":"center center","background-size":"auto","background-attachment":"scroll","background-type":"","background-media":"","overlay-type":"","overlay-color":"","overlay-opacity":"","overlay-gradient":""}},"footnotes":""},"categories":[1327,1340,1339,65,264,1325,1326,1324,1301,153,29,1221],"tags":[226,225],"class_list":["post-25254","post","type-post","status-publish","format-standard","has-post-thumbnail","hentry","category-batxiller","category-cee","category-cfa","category-crp","category-infantil-0-6","category-educacio-primaria","category-educacio-secundaria","category-etapa","category-formacio","category-pfz","category-portada","category-servei-educatiu","tag-formacio","tag-pfz"],"post_mailing_queue_ids":[],"_links":{"self":[{"href":"https:\/\/serveiseducatius.xtec.cat\/hospitalet\/wp-json\/wp\/v2\/posts\/25254","targetHints":{"allow":["GET"]}}],"collection":[{"href":"https:\/\/serveiseducatius.xtec.cat\/hospitalet\/wp-json\/wp\/v2\/posts"}],"about":[{"href":"https:\/\/serveiseducatius.xtec.cat\/hospitalet\/wp-json\/wp\/v2\/types\/post"}],"author":[{"embeddable":true,"href":"https:\/\/serveiseducatius.xtec.cat\/hospitalet\/wp-json\/wp\/v2\/users\/214"}],"replies":[{"embeddable":true,"href":"https:\/\/serveiseducatius.xtec.cat\/hospitalet\/wp-json\/wp\/v2\/comments?post=25254"}],"version-history":[{"count":4,"href":"https:\/\/serveiseducatius.xtec.cat\/hospitalet\/wp-json\/wp\/v2\/posts\/25254\/revisions"}],"predecessor-version":[{"id":25299,"href":"https:\/\/serveiseducatius.xtec.cat\/hospitalet\/wp-json\/wp\/v2\/posts\/25254\/revisions\/25299"}],"wp:featuredmedia":[{"embeddable":true,"href":"https:\/\/serveiseducatius.xtec.cat\/hospitalet\/wp-json\/wp\/v2\/media\/25197"}],"wp:attachment":[{"href":"https:\/\/serveiseducatius.xtec.cat\/hospitalet\/wp-json\/wp\/v2\/media?parent=25254"}],"wp:term":[{"taxonomy":"category","embeddable":true,"href":"https:\/\/serveiseducatius.xtec.cat\/hospitalet\/wp-json\/wp\/v2\/categories?post=25254"},{"taxonomy":"post_tag","embeddable":true,"href":"https:\/\/serveiseducatius.xtec.cat\/hospitalet\/wp-json\/wp\/v2\/tags?post=25254"}],"curies":[{"name":"wp","href":"https:\/\/api.w.org\/{rel}","templated":true}]}}