{"id":24816,"date":"2026-04-29T08:00:00","date_gmt":"2026-04-29T06:00:00","guid":{"rendered":"https:\/\/serveiseducatius.xtec.cat\/hospitalet\/?p=24816"},"modified":"2026-04-22T08:31:08","modified_gmt":"2026-04-22T06:31:08","slug":"deteccio-de-necessitats-pfz","status":"publish","type":"post","link":"https:\/\/serveiseducatius.xtec.cat\/hospitalet\/formacio\/deteccio-de-necessitats-pfz\/","title":{"rendered":"Detecci\u00f3 de necessitats PFZ"},"content":{"rendered":"\n<div class=\"wp-block-getwid-section alignfull alignfull getwid-section-content-custom-width\"><div class=\"wp-block-getwid-section__wrapper getwid-padding-left-medium getwid-padding-right-medium\"><div class=\"wp-block-getwid-section__inner-wrapper\" style=\"max-width:740px\"><div class=\"wp-block-getwid-section__background-holder\"><div class=\"wp-block-getwid-section__background\"><\/div><div class=\"wp-block-getwid-section__foreground\"><\/div><\/div><div class=\"wp-block-getwid-section__content\"><div class=\"wp-block-getwid-section__inner-content\">\n<div class=\"wp-block-getwid-advanced-heading\" style=\"margin-bottom:0px;margin-top:0px\"><span class=\"wp-block-getwid-advanced-heading__content\" style=\"text-align:center\"><\/span><\/div>\n\n\n\n<div class=\"wp-block-getwid-advanced-heading\" style=\"margin-bottom:50px;margin-top:10px\"><h2 class=\"wp-block-getwid-advanced-heading__content\" style=\"text-align:center\"><\/h2><\/div>\n\n\n\n<p class=\"has-text-color has-medium-font-size\" style=\"color:#000000\">El <strong>Pla de Formaci\u00f3 de Zona (PFZ) de l\u2019Hospitalet de Llobregat<\/strong> \u00e9s l\u2019eina que organitza i concreta la formaci\u00f3 a nivell de ciutat. El PFZ inclou tant la formaci\u00f3 que es fa als centres com altres activitats obertes a tot el professorat del territori.<\/p>\n\n\n\n<p class=\"has-text-color has-medium-font-size\" style=\"color:#000000\">Els centres i els docents hi tenen un paper clau: participen en la detecci\u00f3 de necessitats formatives i tamb\u00e9 a trav\u00e9s de la representaci\u00f3 a la comissi\u00f3 del PFZ, que ajuda a definir i orientar l\u2019oferta formativa de la ciutat.<\/p>\n\n\n\n<p>Durant el mes d\u2019abril s\u2019inicia el proc\u00e9s de <strong>detecci\u00f3 de necessitats formatives a L\u2019Hospitalet de Llobregat (PFZ)<\/strong> per al curs 2026-2027.<\/p>\n\n\n\n<p>En aquest per\u00edode, es concretar\u00e0 tamb\u00e9 una <strong>reuni\u00f3 amb els centres<\/strong> per parlar del proc\u00e9s de detecci\u00f3 de necessitats i oferir-vos assessorament i orientacions.<\/p>\n\n\n\n<p>Si voleu fer-nos arribar les vostres propostes formatives, podeu fer-ho a trav\u00e9s dels formularis seg\u00fcents:<\/p>\n\n\n\n<p>\ud83d\udd39<a href=\"https:\/\/docs.google.com\/forms\/d\/e\/1FAIpQLScUgLOdxfUh2AEX_VD_vzUIly7f3v3QH6_GzF9RPyrN9rKZVg\/viewform?usp=dialog\"> <strong>Formaci\u00f3 en centre<\/strong> <\/a><em>(nom\u00e9s per a equips directius)<\/em><br>Ompliu i envieu el formulari de sol\u00b7licitud de formaci\u00f3 en centre.<br>Tamb\u00e9 podeu consultar les diferents <a href=\"https:\/\/serveiseducatius.xtec.cat\/hospitalet\/modalitats_formacio\/\">modalitats de formaci\u00f3 <\/a>en centre disponibles.<\/p>\n\n\n\n<p>\ud83d\udd39<a href=\"https:\/\/forms.gle\/8Vg5Pd7v3F3WfJHN9\"> <strong>Formaci\u00f3 individual<\/strong><\/a><br>Per fer propostes a t\u00edtol individual, cal omplir i enviar el formulari de formaci\u00f3 individual.<\/p>\n\n\n\n<p>Un cop finalitzat el termini de presentaci\u00f3, la persona referent del CRP es posar\u00e0 en contacte amb vosaltres.<\/p>\n\n\n\n<hr class=\"wp-block-separator has-alpha-channel-opacity\"\/>\n\n\n\n<h3 class=\"wp-block-heading\">\ud83d\udd01 Segon torn (octubre)<\/h3>\n\n\n\n<p>Durant el mes d\u2019octubre s\u2019obrir\u00e0 un segon proc\u00e9s de detecci\u00f3 de necessitats formatives per al curs 2026-2027.<\/p>\n\n\n\n<p>\ud83d\udd39<a href=\"https:\/\/docs.google.com\/forms\/d\/e\/1FAIpQLSee0AvfyNpVCgjVdsoldtf-mW4SmA71Rs7cIXtY3KT3s7GzCQ\/viewform?usp=dialog\"> <strong>Formaci\u00f3 en centre \u2013 2n torn<\/strong><\/a> <em>(nom\u00e9s per a equips directius)<\/em><br>Caldr\u00e0 omplir i enviar el formulari corresponent de sol\u00b7licitud.<\/p>\n\n\n\n<div class=\"wp-block-getwid-advanced-spacer\" style=\"height:20px\" aria-hidden=\"true\"><\/div>\n<\/div><\/div><\/div><\/div><\/div>\n","protected":false},"excerpt":{"rendered":"<p>Durant el mes d\u2019abril s\u2019inicia el proc\u00e9s de detecci\u00f3 de necessitats formatives a L\u2019Hospitalet de Llobregat (PFZ) per al curs 2026-2027.<\/p>\n","protected":false},"author":214,"featured_media":22423,"comment_status":"closed","ping_status":"open","sticky":false,"template":"","format":"standard","meta":{"_bbp_topic_count":0,"_bbp_reply_count":0,"_bbp_total_topic_count":0,"_bbp_total_reply_count":0,"_bbp_voice_count":0,"_bbp_anonymous_reply_count":0,"_bbp_topic_count_hidden":0,"_bbp_reply_count_hidden":0,"_bbp_forum_subforum_count":0,"site-sidebar-layout":"default","site-content-layout":"","ast-site-content-layout":"default","site-content-style":"default","site-sidebar-style":"default","ast-global-header-display":"","ast-banner-title-visibility":"","ast-main-header-display":"","ast-hfb-above-header-display":"","ast-hfb-below-header-display":"","ast-hfb-mobile-header-display":"","site-post-title":"","ast-breadcrumbs-content":"","ast-featured-img":"","footer-sml-layout":"","theme-transparent-header-meta":"","adv-header-id-meta":"","stick-header-meta":"","header-above-stick-meta":"","header-main-stick-meta":"","header-below-stick-meta":"","astra-migrate-meta-layouts":"set","ast-page-background-enabled":"default","ast-page-background-meta":{"desktop":{"background-color":"var(--ast-global-color-4)","background-image":"","background-repeat":"repeat","background-position":"center center","background-size":"auto","background-attachment":"scroll","background-type":"","background-media":"","overlay-type":"","overlay-color":"","overlay-opacity":"","overlay-gradient":""},"tablet":{"background-color":"","background-image":"","background-repeat":"repeat","background-position":"center center","background-size":"auto","background-attachment":"scroll","background-type":"","background-media":"","overlay-type":"","overlay-color":"","overlay-opacity":"","overlay-gradient":""},"mobile":{"background-color":"","background-image":"","background-repeat":"repeat","background-position":"center center","background-size":"auto","background-attachment":"scroll","background-type":"","background-media":"","overlay-type":"","overlay-color":"","overlay-opacity":"","overlay-gradient":""}},"ast-content-background-meta":{"desktop":{"background-color":"var(--ast-global-color-5)","background-image":"","background-repeat":"repeat","background-position":"center center","background-size":"auto","background-attachment":"scroll","background-type":"","background-media":"","overlay-type":"","overlay-color":"","overlay-opacity":"","overlay-gradient":""},"tablet":{"background-color":"var(--ast-global-color-5)","background-image":"","background-repeat":"repeat","background-position":"center center","background-size":"auto","background-attachment":"scroll","background-type":"","background-media":"","overlay-type":"","overlay-color":"","overlay-opacity":"","overlay-gradient":""},"mobile":{"background-color":"var(--ast-global-color-5)","background-image":"","background-repeat":"repeat","background-position":"center center","background-size":"auto","background-attachment":"scroll","background-type":"","background-media":"","overlay-type":"","overlay-color":"","overlay-opacity":"","overlay-gradient":""}},"footnotes":""},"categories":[1337,1301],"tags":[946,226,225],"class_list":["post-24816","post","type-post","status-publish","format-standard","has-post-thumbnail","hentry","category-deteccio-de-necessitats","category-formacio","tag-deteccio-necessitats-formatives","tag-formacio","tag-pfz"],"post_mailing_queue_ids":[],"_links":{"self":[{"href":"https:\/\/serveiseducatius.xtec.cat\/hospitalet\/wp-json\/wp\/v2\/posts\/24816","targetHints":{"allow":["GET"]}}],"collection":[{"href":"https:\/\/serveiseducatius.xtec.cat\/hospitalet\/wp-json\/wp\/v2\/posts"}],"about":[{"href":"https:\/\/serveiseducatius.xtec.cat\/hospitalet\/wp-json\/wp\/v2\/types\/post"}],"author":[{"embeddable":true,"href":"https:\/\/serveiseducatius.xtec.cat\/hospitalet\/wp-json\/wp\/v2\/users\/214"}],"replies":[{"embeddable":true,"href":"https:\/\/serveiseducatius.xtec.cat\/hospitalet\/wp-json\/wp\/v2\/comments?post=24816"}],"version-history":[{"count":1,"href":"https:\/\/serveiseducatius.xtec.cat\/hospitalet\/wp-json\/wp\/v2\/posts\/24816\/revisions"}],"predecessor-version":[{"id":24818,"href":"https:\/\/serveiseducatius.xtec.cat\/hospitalet\/wp-json\/wp\/v2\/posts\/24816\/revisions\/24818"}],"wp:featuredmedia":[{"embeddable":true,"href":"https:\/\/serveiseducatius.xtec.cat\/hospitalet\/wp-json\/wp\/v2\/media\/22423"}],"wp:attachment":[{"href":"https:\/\/serveiseducatius.xtec.cat\/hospitalet\/wp-json\/wp\/v2\/media?parent=24816"}],"wp:term":[{"taxonomy":"category","embeddable":true,"href":"https:\/\/serveiseducatius.xtec.cat\/hospitalet\/wp-json\/wp\/v2\/categories?post=24816"},{"taxonomy":"post_tag","embeddable":true,"href":"https:\/\/serveiseducatius.xtec.cat\/hospitalet\/wp-json\/wp\/v2\/tags?post=24816"}],"curies":[{"name":"wp","href":"https:\/\/api.w.org\/{rel}","templated":true}]}}