{"id":24033,"date":"2025-12-12T13:52:56","date_gmt":"2025-12-12T12:52:56","guid":{"rendered":"https:\/\/serveiseducatius.xtec.cat\/hospitalet\/?p=24033"},"modified":"2025-12-12T13:52:58","modified_gmt":"2025-12-12T12:52:58","slug":"jornada-intelligencia-emocional-a-laula","status":"publish","type":"post","link":"https:\/\/serveiseducatius.xtec.cat\/hospitalet\/portada\/jornada-intelligencia-emocional-a-laula\/","title":{"rendered":"Jornada: Intel\u00b7lig\u00e8ncia emocional a l\u2019aula"},"content":{"rendered":"\n<div class=\"wp-block-getwid-section alignfull alignfull getwid-section-content-custom-width\"><div class=\"wp-block-getwid-section__wrapper getwid-padding-left-medium getwid-padding-right-medium\"><div class=\"wp-block-getwid-section__inner-wrapper\" style=\"max-width:740px\"><div class=\"wp-block-getwid-section__background-holder\"><div class=\"wp-block-getwid-section__background\"><\/div><div class=\"wp-block-getwid-section__foreground\"><\/div><\/div><div class=\"wp-block-getwid-section__content\"><div class=\"wp-block-getwid-section__inner-content\">\n<div class=\"wp-block-getwid-advanced-heading\" style=\"margin-bottom:0px;margin-top:0px\"><span class=\"wp-block-getwid-advanced-heading__content\" style=\"text-align:center\">Recursos per educadors\/es, infants i joves i per al benestar personal<\/span><\/div>\n\n\n\n<div class=\"wp-block-getwid-advanced-heading\" style=\"margin-bottom:50px;margin-top:10px\"><h2 class=\"wp-block-getwid-advanced-heading__content\" style=\"text-align:center\"><\/h2><\/div>\n\n\n\n<figure class=\"wp-block-image alignleft size-large is-resized\"><a href=\"https:\/\/serveiseducatius.xtec.cat\/hospitalet\/wp-content\/uploads\/usu542\/2025\/12\/Cartell-Intelligencia-emocional-a-laula._page-0001.jpg\"><img loading=\"lazy\" decoding=\"async\" width=\"724\" height=\"1024\" src=\"https:\/\/serveiseducatius.xtec.cat\/hospitalet\/wp-content\/uploads\/usu542\/2025\/12\/Cartell-Intelligencia-emocional-a-laula._page-0001-724x1024.jpg\" alt=\"\" class=\"wp-image-24034\" style=\"width:232px;height:auto\" srcset=\"https:\/\/serveiseducatius.xtec.cat\/hospitalet\/wp-content\/uploads\/usu542\/2025\/12\/Cartell-Intelligencia-emocional-a-laula._page-0001-724x1024.jpg 724w, https:\/\/serveiseducatius.xtec.cat\/hospitalet\/wp-content\/uploads\/usu542\/2025\/12\/Cartell-Intelligencia-emocional-a-laula._page-0001-212x300.jpg 212w, https:\/\/serveiseducatius.xtec.cat\/hospitalet\/wp-content\/uploads\/usu542\/2025\/12\/Cartell-Intelligencia-emocional-a-laula._page-0001-768x1086.jpg 768w, https:\/\/serveiseducatius.xtec.cat\/hospitalet\/wp-content\/uploads\/usu542\/2025\/12\/Cartell-Intelligencia-emocional-a-laula._page-0001-1086x1536.jpg 1086w, https:\/\/serveiseducatius.xtec.cat\/hospitalet\/wp-content\/uploads\/usu542\/2025\/12\/Cartell-Intelligencia-emocional-a-laula._page-0001.jpg 1241w\" sizes=\"auto, (max-width: 724px) 100vw, 724px\" \/><\/a><\/figure>\n\n\n\n<p class=\"has-text-color has-medium-font-size\" style=\"color:#000000\">L&#8217;Ajuntament de L\u2019Hospitalet, en el marc del Pla Estrat\u00e8gic de Divulgaci\u00f3 Cient\u00edfica (LHCi\u00e8ncia), continua impulsant el benestar emocional de la comunitat educativa i organitza la jornada:<\/p>\n\n\n\n<p>\ud83e\udde0 <strong>Intel\u00b7lig\u00e8ncia emocional a l\u2019aula: Recursos per educadors\/es, infants i joves i el benestar personal<\/strong><br><strong>Facilitador:<\/strong> Sergi Vidal, mestre, psicopedagog i investigador internacional.<br>\ud83d\udcc5 <strong>Dimecres 14 de gener, 17:30 h<\/strong><br>\ud83d\udccd <strong>Auditori Barradas<\/strong><br>\ud83d\udcdd <strong><a href=\"https:\/\/forms.office.com\/pages\/responsepage.aspx?id=Hg-4RvHwYEGAd5vTlHrjMJjAnD1wNypAlh4w4u5jhHVUQzRXREVVSkk0SDg0TEJHSlBHSTcxVUdVUC4u&amp;route=shorturl\">Cal inscripci\u00f3 pr\u00e8via<\/a><\/strong><\/p>\n\n\n\n<p>La intel\u00b7lig\u00e8ncia emocional \u00e9s clau per reduir conflictes, millorar el clima d\u2019aula i afavorir l\u2019aprenentatge. Quan infants i joves aprenen a regular-se, aprenen millor.<\/p>\n\n\n\n<p>Sergi Vidal lidera el projecte <strong>Educaci\u00f3 amb Emoci\u00f3<\/strong>, basat en el test <strong>AV-25<\/strong>, una eina psicom\u00e8trica que avalua cinc dimensions socioemocionals: autoconeixement, autocontrol, motivaci\u00f3, empatia i habilitats socials.<br>L\u2019AV-25 s\u2019ha aplicat a m\u00e9s de <strong>7.000 participants de 9 pa\u00efsos<\/strong>, amb resultats significatius i reconeixement internacional: <strong>guanyador de Learn Up 2025<\/strong> i <strong>semifinalista dels Premis MasHumano 2025<\/strong>.<\/p>\n\n\n\n<p>Els centres i entitats educatives podran disposar d\u2019aquesta eina diagn\u00f2stica i del suport del seu autor per implementar-la.<br>Els centres del programa <strong>Fem Comunitat Educativa LH<\/strong> tamb\u00e9 podran utilitzar l\u2019AV-25 com a recurs complementari a la tasca dels equips de terapeutes familiars socioeducatives.<\/p>\n\n\n\n<p class=\"has-text-color has-medium-font-size\" style=\"color:#000000\">\ud83d\udcd8 <em>Alfabetitzem emocionalment i posem les emocions al servei de l\u2019aprenentatge.<\/em><\/p>\n\n\n\n<div class=\"wp-block-getwid-advanced-spacer\" style=\"height:20px\" aria-hidden=\"true\"><\/div>\n\n\n\n<div class=\"wp-block-button aligncenter\"><a class=\"wp-block-button__link has-text-color has-background wp-element-button\" href=\"https:\/\/eu-central-1.protection.sophos.com\/?d=office.com&amp;u=aHR0cHM6Ly9mb3Jtcy5vZmZpY2UuY29tL2UvNnljTEZqQ2tCRw==&amp;i=NWNhNzE0ODZhODEyNzAxMzNkNzRlMGM4&amp;t=UitkV2hhOURGWSt0NFdYeWlNUjBpNGZZb2xoa0lVRGUxTmJzbzBlNU1kWT0=&amp;h=24c3a2070848450eb35666062b9bf3ad&amp;s=AVNPUEhUT0NFTkNSWVBUSVZAanS8uXHZoQ8rvLfzaqn6vHJDOZjIhHjFGwWuHAmb2g\" style=\"color:#ffffff;background-color:#000000\">Inscripci\u00f3<\/a><\/div>\n<\/div><\/div><\/div><\/div><\/div>\n\n\n\n<p><\/p>\n","protected":false},"excerpt":{"rendered":"<p>\ud83e\udde0 Intel\u00b7lig\u00e8ncia emocional a l\u2019aula: Recursos per educadors\/es, infants i joves i el benestar personal<\/p>\n","protected":false},"author":214,"featured_media":24034,"comment_status":"closed","ping_status":"open","sticky":false,"template":"","format":"standard","meta":{"_bbp_topic_count":0,"_bbp_reply_count":0,"_bbp_total_topic_count":0,"_bbp_total_reply_count":0,"_bbp_voice_count":0,"_bbp_anonymous_reply_count":0,"_bbp_topic_count_hidden":0,"_bbp_reply_count_hidden":0,"_bbp_forum_subforum_count":0,"site-sidebar-layout":"default","site-content-layout":"","ast-site-content-layout":"default","site-content-style":"default","site-sidebar-style":"default","ast-global-header-display":"","ast-banner-title-visibility":"","ast-main-header-display":"","ast-hfb-above-header-display":"","ast-hfb-below-header-display":"","ast-hfb-mobile-header-display":"","site-post-title":"","ast-breadcrumbs-content":"","ast-featured-img":"","footer-sml-layout":"","theme-transparent-header-meta":"","adv-header-id-meta":"","stick-header-meta":"","header-above-stick-meta":"","header-main-stick-meta":"","header-below-stick-meta":"","astra-migrate-meta-layouts":"set","ast-page-background-enabled":"default","ast-page-background-meta":{"desktop":{"background-color":"var(--ast-global-color-4)","background-image":"","background-repeat":"repeat","background-position":"center center","background-size":"auto","background-attachment":"scroll","background-type":"","background-media":"","overlay-type":"","overlay-color":"","overlay-opacity":"","overlay-gradient":""},"tablet":{"background-color":"","background-image":"","background-repeat":"repeat","background-position":"center center","background-size":"auto","background-attachment":"scroll","background-type":"","background-media":"","overlay-type":"","overlay-color":"","overlay-opacity":"","overlay-gradient":""},"mobile":{"background-color":"","background-image":"","background-repeat":"repeat","background-position":"center center","background-size":"auto","background-attachment":"scroll","background-type":"","background-media":"","overlay-type":"","overlay-color":"","overlay-opacity":"","overlay-gradient":""}},"ast-content-background-meta":{"desktop":{"background-color":"var(--ast-global-color-5)","background-image":"","background-repeat":"repeat","background-position":"center center","background-size":"auto","background-attachment":"scroll","background-type":"","background-media":"","overlay-type":"","overlay-color":"","overlay-opacity":"","overlay-gradient":""},"tablet":{"background-color":"var(--ast-global-color-5)","background-image":"","background-repeat":"repeat","background-position":"center center","background-size":"auto","background-attachment":"scroll","background-type":"","background-media":"","overlay-type":"","overlay-color":"","overlay-opacity":"","overlay-gradient":""},"mobile":{"background-color":"var(--ast-global-color-5)","background-image":"","background-repeat":"repeat","background-position":"center center","background-size":"auto","background-attachment":"scroll","background-type":"","background-media":"","overlay-type":"","overlay-color":"","overlay-opacity":"","overlay-gradient":""}},"footnotes":""},"categories":[1285,65,29],"tags":[1208,1286],"class_list":["post-24033","post","type-post","status-publish","format-standard","has-post-thumbnail","hentry","category-ciutat-educadora","category-crp","category-portada","tag-ciutat-educadora","tag-intelligencia-emocional"],"post_mailing_queue_ids":[],"_links":{"self":[{"href":"https:\/\/serveiseducatius.xtec.cat\/hospitalet\/wp-json\/wp\/v2\/posts\/24033","targetHints":{"allow":["GET"]}}],"collection":[{"href":"https:\/\/serveiseducatius.xtec.cat\/hospitalet\/wp-json\/wp\/v2\/posts"}],"about":[{"href":"https:\/\/serveiseducatius.xtec.cat\/hospitalet\/wp-json\/wp\/v2\/types\/post"}],"author":[{"embeddable":true,"href":"https:\/\/serveiseducatius.xtec.cat\/hospitalet\/wp-json\/wp\/v2\/users\/214"}],"replies":[{"embeddable":true,"href":"https:\/\/serveiseducatius.xtec.cat\/hospitalet\/wp-json\/wp\/v2\/comments?post=24033"}],"version-history":[{"count":1,"href":"https:\/\/serveiseducatius.xtec.cat\/hospitalet\/wp-json\/wp\/v2\/posts\/24033\/revisions"}],"predecessor-version":[{"id":24035,"href":"https:\/\/serveiseducatius.xtec.cat\/hospitalet\/wp-json\/wp\/v2\/posts\/24033\/revisions\/24035"}],"wp:featuredmedia":[{"embeddable":true,"href":"https:\/\/serveiseducatius.xtec.cat\/hospitalet\/wp-json\/wp\/v2\/media\/24034"}],"wp:attachment":[{"href":"https:\/\/serveiseducatius.xtec.cat\/hospitalet\/wp-json\/wp\/v2\/media?parent=24033"}],"wp:term":[{"taxonomy":"category","embeddable":true,"href":"https:\/\/serveiseducatius.xtec.cat\/hospitalet\/wp-json\/wp\/v2\/categories?post=24033"},{"taxonomy":"post_tag","embeddable":true,"href":"https:\/\/serveiseducatius.xtec.cat\/hospitalet\/wp-json\/wp\/v2\/tags?post=24033"}],"curies":[{"name":"wp","href":"https:\/\/api.w.org\/{rel}","templated":true}]}}