{"id":24015,"date":"2025-12-11T08:56:11","date_gmt":"2025-12-11T07:56:11","guid":{"rendered":"https:\/\/serveiseducatius.xtec.cat\/hospitalet\/?p=24015"},"modified":"2025-12-11T09:05:20","modified_gmt":"2025-12-11T08:05:20","slug":"aprendre-amb-les-arts-del-circ-desenvolupament-competencial-i-vincle-educatiu","status":"publish","type":"post","link":"https:\/\/serveiseducatius.xtec.cat\/hospitalet\/portada\/aprendre-amb-les-arts-del-circ-desenvolupament-competencial-i-vincle-educatiu\/","title":{"rendered":"Aprendre amb les arts del circ: desenvolupament competencial i vincle educatiu"},"content":{"rendered":"\n<div class=\"wp-block-getwid-section alignfull alignfull getwid-section-content-custom-width\"><div class=\"wp-block-getwid-section__wrapper getwid-padding-left-medium getwid-padding-right-medium\"><div class=\"wp-block-getwid-section__inner-wrapper\" style=\"max-width:740px\"><div class=\"wp-block-getwid-section__background-holder\"><div class=\"wp-block-getwid-section__background\"><\/div><div class=\"wp-block-getwid-section__foreground\"><\/div><\/div><div class=\"wp-block-getwid-section__content\"><div class=\"wp-block-getwid-section__inner-content\">\n<div class=\"wp-block-getwid-advanced-heading\" style=\"margin-bottom:0px;margin-top:0px\"><span class=\"wp-block-getwid-advanced-heading__content\" style=\"text-align:center\">De l\u201911 de febrer al 4 de mar\u00e7 de 2026<\/span><\/div>\n\n\n\n<div class=\"wp-block-getwid-advanced-heading\" style=\"margin-bottom:50px;margin-top:10px\"><h2 class=\"wp-block-getwid-advanced-heading__content\" style=\"text-align:center\">Formaci\u00f3 acreditada pels docents<\/h2><\/div>\n\n\n\n<figure class=\"wp-block-image alignleft size-full is-resized\"><a href=\"https:\/\/serveiseducatius.xtec.cat\/hospitalet\/wp-content\/uploads\/usu542\/2025\/12\/unnamed-3.jpg\"><img loading=\"lazy\" decoding=\"async\" width=\"945\" height=\"630\" src=\"https:\/\/serveiseducatius.xtec.cat\/hospitalet\/wp-content\/uploads\/usu542\/2025\/12\/unnamed-3.jpg\" alt=\"\" class=\"wp-image-24016\" style=\"width:356px;height:auto\" srcset=\"https:\/\/serveiseducatius.xtec.cat\/hospitalet\/wp-content\/uploads\/usu542\/2025\/12\/unnamed-3.jpg 945w, https:\/\/serveiseducatius.xtec.cat\/hospitalet\/wp-content\/uploads\/usu542\/2025\/12\/unnamed-3-300x200.jpg 300w, https:\/\/serveiseducatius.xtec.cat\/hospitalet\/wp-content\/uploads\/usu542\/2025\/12\/unnamed-3-768x512.jpg 768w\" sizes=\"auto, (max-width: 945px) 100vw, 945px\" \/><\/a><\/figure>\n\n\n\n<p>La cultura circense ofereix un context ric, interdisciplinari i ple de possibilitats pedag\u00f2giques. Les seves t\u00e8cniques i llenguatges permeten treballar compet\u00e8ncies transversals, potenciar un clima emocional positiu i afavorir la inclusi\u00f3 educativa. A m\u00e9s, generen espais de vincle i confian\u00e7a que reforcen la relaci\u00f3 entre el centre educatiu i el territori.<\/p>\n\n\n\n<p>La formaci\u00f3 proposa descobrir i experimentar elements del circ per codissenyar situacions d\u2019aprenentatge que incorporin aquest llenguatge art\u00edstic. Tamb\u00e9 busca dotar els docents d\u2019eines per enfortir l\u2019autoestima de l\u2019alumnat, la cohesi\u00f3 grupal i el sentit de comunitat a l\u2019aula.<\/p>\n\n\n\n<p>La metodologia del curs \u00e9s <strong>activa i participativa<\/strong>, basada en evid\u00e8ncies i en els principis de l\u2019aprenentatge cooperatiu i la indagaci\u00f3. Totes les sessions es duran a terme en <strong>codoc\u00e8ncia<\/strong> amb professionals de l\u2019\u00e0mbit educatiu i circense.<\/p>\n\n\n\n<p>La formaci\u00f3 es dur\u00e0 a terme al <strong>Centre Cultural Bellvitge-Gornal<\/strong> (Pla\u00e7a de la Cultura, 1 \u2013 L\u2019Hospitalet de Llobregat) entre l\u2019<strong>11 de febrer i el 4 de mar\u00e7<\/strong>, els <strong>dimecres de 17.00 h a 19.30 h<\/strong>.<br>El curs t\u00e9 una durada total de <strong>15 hores<\/strong> (10 presencials + 5 de treball aut\u00f2nom), \u00e9s <strong>gratu\u00eft<\/strong> i compta amb <strong>places limitades<\/strong>.<\/p>\n\n\n\n<hr class=\"wp-block-separator has-alpha-channel-opacity\"\/>\n\n\n\n<h2 class=\"wp-block-heading\"><strong>Programa de la formaci\u00f3<\/strong><\/h2>\n\n\n\n<h3 class=\"wp-block-heading\"><strong>Sessi\u00f3 1 \u2014 11\/02\/2026<\/strong><\/h3>\n\n\n\n<p><strong>L\u2019art de fer circ: dimensi\u00f3 cultural, educativa i social<\/strong><\/p>\n\n\n\n<ul class=\"wp-block-list\">\n<li>Les arts del circ com a llenguatge interdisciplinari<\/li>\n\n\n\n<li>Beneficis pedag\u00f2gics i psicosocials<\/li>\n\n\n\n<li>T\u00e8cniques b\u00e0siques i aplicaci\u00f3 pedag\u00f2gica<\/li>\n<\/ul>\n\n\n\n<h3 class=\"wp-block-heading\"><strong>Sessi\u00f3 2 \u2014 18\/02\/2026<\/strong><\/h3>\n\n\n\n<p><strong>El circ i el desenvolupament d\u2019aprenentatges<\/strong><\/p>\n\n\n\n<ul class=\"wp-block-list\">\n<li>Circ i compet\u00e8ncies transversals<\/li>\n\n\n\n<li>Recursos i exemples en diverses \u00e0rees curriculars<\/li>\n\n\n\n<li>T\u00e8cniques b\u00e0siques amb aplicaci\u00f3 pedag\u00f2gica<\/li>\n<\/ul>\n\n\n\n<h3 class=\"wp-block-heading\"><strong>Sessi\u00f3 3 \u2014 25\/02\/2026<\/strong><\/h3>\n\n\n\n<p><strong>El circ com l\u2019art de crear vincles<\/strong><\/p>\n\n\n\n<ul class=\"wp-block-list\">\n<li>Pr\u00e0ctiques circenses per al vincle educatiu i la conviv\u00e8ncia<\/li>\n\n\n\n<li>Relaci\u00f3 escola-territori a trav\u00e9s del circ<\/li>\n\n\n\n<li>T\u00e8cniques b\u00e0siques amb aplicaci\u00f3 pedag\u00f2gica<\/li>\n<\/ul>\n\n\n\n<h3 class=\"wp-block-heading\"><strong>Sessi\u00f3 4 \u2014 04\/03\/2026<\/strong><\/h3>\n\n\n\n<p><strong>Les arts del circ com a escenari educatiu<\/strong><\/p>\n\n\n\n<ul class=\"wp-block-list\">\n<li>Taller de codisseny amb artistes de circ<\/li>\n\n\n\n<li>Experi\u00e8ncies d\u2019innovaci\u00f3 socioeducativa<\/li>\n\n\n\n<li><em>Carpa de complicitats<\/em>: din\u00e0mica grupal i berenar networking per teixir aliances<\/li>\n<\/ul>\n\n\n\n<hr class=\"wp-block-separator has-alpha-channel-opacity\"\/>\n\n\n\n<h2 class=\"wp-block-heading\">\ud83d\udcdd <strong>Inscripcions<\/strong><\/h2>\n\n\n\n<p>Les inscripcions estaran obertes fins al <strong>4 de febrer<\/strong>.<br>\ud83d\udc49 <strong>Reserva la teva pla\u00e7a aqu\u00ed:<\/strong> <strong><a href=\"https:\/\/aplicacions.gestioeducativa.gencat.cat\/ords\/pls\/soloas\/pk_for_mod_ins.p_for_cons_activitats?p_any=2025-2026&amp;p_codi=2005470547&amp;p_totes=S\">Formulari d\u2019inscripci\u00f3<\/a><\/strong><\/p>\n\n\n\n<hr class=\"wp-block-separator has-alpha-channel-opacity\"\/>\n\n\n\n<h2 class=\"wp-block-heading\"><strong>Equip formatiu<\/strong><\/h2>\n\n\n\n<ul class=\"wp-block-list\">\n<li><strong>Montse Boher Gen\u00eds<\/strong> \u2013 Humanitats, Did\u00e0ctica de les Ci\u00e8ncies Socials, M\u00e0ster en Psicologia de l\u2019Educaci\u00f3. Direcci\u00f3 de projectes a Eduxarxa.<\/li>\n\n\n\n<li><strong>Gerard Guimer\u00e0 Ballesta<\/strong> \u2013 Professor de Did\u00e0ctica (UB) i t\u00e8cnic de projectes a Eduxarxa.<\/li>\n\n\n\n<li><strong>Andrea Mart\u00ednez Calzado<\/strong> \u2013 T\u00e8cnica en Animaci\u00f3 Sociocultural, artista i formadora de circ. Cofundadora d\u2019Encirca\u2019t i CIPAC.<\/li>\n\n\n\n<li><strong>Pilar Serrat Aymerich<\/strong> \u2013 Professora de circ. Graduada en Antropologia Social i Cultural i M\u00e0ster en Identitats Culturals (UB).<\/li>\n<\/ul>\n\n\n\n<p class=\"has-text-color has-medium-font-size\" style=\"color:#000000\">Aquesta formaci\u00f3 s\u2019impulsa en el marc del <strong>Pla d\u2019Impuls del Circ de Catalunya (2023\u20132026)<\/strong> amb el lideratge d\u2019Eduxarxa i la participaci\u00f3 de l\u2019<strong>APCC<\/strong>, i compta amb la col\u00b7laboraci\u00f3 del <strong>Departament d\u2019Educaci\u00f3<\/strong>.<\/p>\n\n\n\n<div class=\"wp-block-getwid-advanced-spacer\" style=\"height:20px\" aria-hidden=\"true\"><\/div>\n\n\n\n<div class=\"wp-block-button aligncenter\"><a class=\"wp-block-button__link has-text-color has-background wp-element-button\" href=\"https:\/\/drive.google.com\/file\/d\/1D5Sa4AiXjhSLYxIaGgAL4WH3X53zR1Hg\/view?usp=sharing\" style=\"color:#ffffff;background-color:#000000\" target=\"_blank\" rel=\"noreferrer noopener\">M\u00e9s informaci\u00f3<\/a><\/div>\n<\/div><\/div><\/div><\/div><\/div>\n\n\n\n<p><\/p>\n","protected":false},"excerpt":{"rendered":"<p>La formaci\u00f3 es dur\u00e0 a terme al Centre Cultural Bellvitge-Gornal (Pla\u00e7a de la Cultura, 1 \u2013 L\u2019Hospitalet de Llobregat) entre l\u201911 de febrer i el 4 de mar\u00e7, els dimecres de 17.00 h a 19.30 h.<br \/>\nEl curs t\u00e9 una durada total de 15 hores (10 presencials + 5 de treball aut\u00f2nom), \u00e9s gratu\u00eft i compta amb places limitades.<\/p>\n","protected":false},"author":214,"featured_media":24016,"comment_status":"closed","ping_status":"open","sticky":false,"template":"","format":"standard","meta":{"_bbp_topic_count":0,"_bbp_reply_count":0,"_bbp_total_topic_count":0,"_bbp_total_reply_count":0,"_bbp_voice_count":0,"_bbp_anonymous_reply_count":0,"_bbp_topic_count_hidden":0,"_bbp_reply_count_hidden":0,"_bbp_forum_subforum_count":0,"site-sidebar-layout":"default","site-content-layout":"","ast-site-content-layout":"default","site-content-style":"default","site-sidebar-style":"default","ast-global-header-display":"","ast-banner-title-visibility":"","ast-main-header-display":"","ast-hfb-above-header-display":"","ast-hfb-below-header-display":"","ast-hfb-mobile-header-display":"","site-post-title":"","ast-breadcrumbs-content":"","ast-featured-img":"","footer-sml-layout":"","theme-transparent-header-meta":"","adv-header-id-meta":"","stick-header-meta":"","header-above-stick-meta":"","header-main-stick-meta":"","header-below-stick-meta":"","astra-migrate-meta-layouts":"set","ast-page-background-enabled":"default","ast-page-background-meta":{"desktop":{"background-color":"var(--ast-global-color-4)","background-image":"","background-repeat":"repeat","background-position":"center center","background-size":"auto","background-attachment":"scroll","background-type":"","background-media":"","overlay-type":"","overlay-color":"","overlay-opacity":"","overlay-gradient":""},"tablet":{"background-color":"","background-image":"","background-repeat":"repeat","background-position":"center center","background-size":"auto","background-attachment":"scroll","background-type":"","background-media":"","overlay-type":"","overlay-color":"","overlay-opacity":"","overlay-gradient":""},"mobile":{"background-color":"","background-image":"","background-repeat":"repeat","background-position":"center center","background-size":"auto","background-attachment":"scroll","background-type":"","background-media":"","overlay-type":"","overlay-color":"","overlay-opacity":"","overlay-gradient":""}},"ast-content-background-meta":{"desktop":{"background-color":"var(--ast-global-color-5)","background-image":"","background-repeat":"repeat","background-position":"center center","background-size":"auto","background-attachment":"scroll","background-type":"","background-media":"","overlay-type":"","overlay-color":"","overlay-opacity":"","overlay-gradient":""},"tablet":{"background-color":"var(--ast-global-color-5)","background-image":"","background-repeat":"repeat","background-position":"center center","background-size":"auto","background-attachment":"scroll","background-type":"","background-media":"","overlay-type":"","overlay-color":"","overlay-opacity":"","overlay-gradient":""},"mobile":{"background-color":"var(--ast-global-color-5)","background-image":"","background-repeat":"repeat","background-position":"center center","background-size":"auto","background-attachment":"scroll","background-type":"","background-media":"","overlay-type":"","overlay-color":"","overlay-opacity":"","overlay-gradient":""}},"footnotes":""},"categories":[65,642,29],"tags":[449,1283,1198,226],"class_list":["post-24015","post","type-post","status-publish","format-standard","has-post-thumbnail","hentry","category-crp","category-ef","category-portada","tag-art","tag-circ","tag-educacio-artistica","tag-formacio"],"post_mailing_queue_ids":[],"_links":{"self":[{"href":"https:\/\/serveiseducatius.xtec.cat\/hospitalet\/wp-json\/wp\/v2\/posts\/24015","targetHints":{"allow":["GET"]}}],"collection":[{"href":"https:\/\/serveiseducatius.xtec.cat\/hospitalet\/wp-json\/wp\/v2\/posts"}],"about":[{"href":"https:\/\/serveiseducatius.xtec.cat\/hospitalet\/wp-json\/wp\/v2\/types\/post"}],"author":[{"embeddable":true,"href":"https:\/\/serveiseducatius.xtec.cat\/hospitalet\/wp-json\/wp\/v2\/users\/214"}],"replies":[{"embeddable":true,"href":"https:\/\/serveiseducatius.xtec.cat\/hospitalet\/wp-json\/wp\/v2\/comments?post=24015"}],"version-history":[{"count":1,"href":"https:\/\/serveiseducatius.xtec.cat\/hospitalet\/wp-json\/wp\/v2\/posts\/24015\/revisions"}],"predecessor-version":[{"id":24017,"href":"https:\/\/serveiseducatius.xtec.cat\/hospitalet\/wp-json\/wp\/v2\/posts\/24015\/revisions\/24017"}],"wp:featuredmedia":[{"embeddable":true,"href":"https:\/\/serveiseducatius.xtec.cat\/hospitalet\/wp-json\/wp\/v2\/media\/24016"}],"wp:attachment":[{"href":"https:\/\/serveiseducatius.xtec.cat\/hospitalet\/wp-json\/wp\/v2\/media?parent=24015"}],"wp:term":[{"taxonomy":"category","embeddable":true,"href":"https:\/\/serveiseducatius.xtec.cat\/hospitalet\/wp-json\/wp\/v2\/categories?post=24015"},{"taxonomy":"post_tag","embeddable":true,"href":"https:\/\/serveiseducatius.xtec.cat\/hospitalet\/wp-json\/wp\/v2\/tags?post=24015"}],"curies":[{"name":"wp","href":"https:\/\/api.w.org\/{rel}","templated":true}]}}