{"id":23570,"date":"2025-10-31T14:33:39","date_gmt":"2025-10-31T13:33:39","guid":{"rendered":"https:\/\/serveiseducatius.xtec.cat\/hospitalet\/?p=23570"},"modified":"2025-10-31T14:33:39","modified_gmt":"2025-10-31T13:33:39","slug":"laula-dacollida-intensiva-un-recurs-per-afavorir-la-integracio-de-lalumnat-nouvingut","status":"publish","type":"post","link":"https:\/\/serveiseducatius.xtec.cat\/hospitalet\/servei-educatiu\/elic\/laula-dacollida-intensiva-un-recurs-per-afavorir-la-integracio-de-lalumnat-nouvingut\/","title":{"rendered":"L\u2019aula d\u2019acollida intensiva, un recurs per afavorir la integraci\u00f3 de l\u2019alumnat nouvingut"},"content":{"rendered":"\n<p>Ens fem ress\u00f2 de l&#8217;article que publica L&#8217;Hdigital sobre l&#8217;aula d&#8217;acollida intensiva municipal, que nom\u00e9s funciona a l\u2019institut Torras i Bages i que es va posar en marxa el curs passat. Podeu accedir a la not\u00edcia i al v\u00eddeo <a href=\"https:\/\/lhdigital.cat\/noticies\/els-professors-demanen-mes-aules-dacollida-intensiva-a-lhospitalet\/\" data-type=\"link\" data-id=\"https:\/\/lhdigital.cat\/noticies\/els-professors-demanen-mes-aules-dacollida-intensiva-a-lhospitalet\/\">en aquest enlla\u00e7<\/a>.<\/p>\n\n\n\n<p>Les aules d&#8217;acollida intensives s\u00f3n una estrat\u00e8gia organitzativa i metodol\u00f2gica per atendre l\u2019alumnat nouvingut quan arriba al sistema educatiu de Catalunya, especialment de l&#8217;alumnat procedent de cultures llunyanes. T\u00e9 una doble finalitat: en primer lloc, que l\u2019alumne\/a se senti ben at\u00e8s i valorat en els aspectes emocionals i, en segon lloc, que disposi de les eines b\u00e0siques per iniciar, al m\u00e9s aviat possible i en les millors condicions, el seu proc\u00e9s d\u2019aprenentatge en el sistema educatiu a Catalunya, a partir de l&#8217;adquisici\u00f3 del catal\u00e0.<\/p>\n\n\n\n<p><\/p>\n","protected":false},"excerpt":{"rendered":"<p>Ens fem ress\u00f2 de l&#8217;article que publica L&#8217;Hdigital sobre l&#8217;aula d&#8217;acollida intensiva municipal, que nom\u00e9s funciona a l\u2019institut Torras i Bages i que es va posar en marxa el curs passat. Podeu accedir a la not\u00edcia i al v\u00eddeo en aquest enlla\u00e7. Les aules d&#8217;acollida intensives s\u00f3n una estrat\u00e8gia organitzativa i metodol\u00f2gica per atendre l\u2019alumnat [&hellip;]<\/p>\n","protected":false},"author":212,"featured_media":0,"comment_status":"closed","ping_status":"open","sticky":false,"template":"","format":"standard","meta":{"_bbp_topic_count":0,"_bbp_reply_count":0,"_bbp_total_topic_count":0,"_bbp_total_reply_count":0,"_bbp_voice_count":0,"_bbp_anonymous_reply_count":0,"_bbp_topic_count_hidden":0,"_bbp_reply_count_hidden":0,"_bbp_forum_subforum_count":0,"site-sidebar-layout":"default","site-content-layout":"","ast-site-content-layout":"default","site-content-style":"default","site-sidebar-style":"default","ast-global-header-display":"","ast-banner-title-visibility":"","ast-main-header-display":"","ast-hfb-above-header-display":"","ast-hfb-below-header-display":"","ast-hfb-mobile-header-display":"","site-post-title":"","ast-breadcrumbs-content":"","ast-featured-img":"","footer-sml-layout":"","theme-transparent-header-meta":"","adv-header-id-meta":"","stick-header-meta":"","header-above-stick-meta":"","header-main-stick-meta":"","header-below-stick-meta":"","astra-migrate-meta-layouts":"set","ast-page-background-enabled":"default","ast-page-background-meta":{"desktop":{"background-color":"var(--ast-global-color-4)","background-image":"","background-repeat":"repeat","background-position":"center center","background-size":"auto","background-attachment":"scroll","background-type":"","background-media":"","overlay-type":"","overlay-color":"","overlay-opacity":"","overlay-gradient":""},"tablet":{"background-color":"","background-image":"","background-repeat":"repeat","background-position":"center center","background-size":"auto","background-attachment":"scroll","background-type":"","background-media":"","overlay-type":"","overlay-color":"","overlay-opacity":"","overlay-gradient":""},"mobile":{"background-color":"","background-image":"","background-repeat":"repeat","background-position":"center center","background-size":"auto","background-attachment":"scroll","background-type":"","background-media":"","overlay-type":"","overlay-color":"","overlay-opacity":"","overlay-gradient":""}},"ast-content-background-meta":{"desktop":{"background-color":"var(--ast-global-color-5)","background-image":"","background-repeat":"repeat","background-position":"center center","background-size":"auto","background-attachment":"scroll","background-type":"","background-media":"","overlay-type":"","overlay-color":"","overlay-opacity":"","overlay-gradient":""},"tablet":{"background-color":"var(--ast-global-color-5)","background-image":"","background-repeat":"repeat","background-position":"center center","background-size":"auto","background-attachment":"scroll","background-type":"","background-media":"","overlay-type":"","overlay-color":"","overlay-opacity":"","overlay-gradient":""},"mobile":{"background-color":"var(--ast-global-color-5)","background-image":"","background-repeat":"repeat","background-position":"center center","background-size":"auto","background-attachment":"scroll","background-type":"","background-media":"","overlay-type":"","overlay-color":"","overlay-opacity":"","overlay-gradient":""}},"footnotes":""},"categories":[68],"tags":[],"class_list":["post-23570","post","type-post","status-publish","format-standard","hentry","category-elic"],"post_mailing_queue_ids":[],"_links":{"self":[{"href":"https:\/\/serveiseducatius.xtec.cat\/hospitalet\/wp-json\/wp\/v2\/posts\/23570","targetHints":{"allow":["GET"]}}],"collection":[{"href":"https:\/\/serveiseducatius.xtec.cat\/hospitalet\/wp-json\/wp\/v2\/posts"}],"about":[{"href":"https:\/\/serveiseducatius.xtec.cat\/hospitalet\/wp-json\/wp\/v2\/types\/post"}],"author":[{"embeddable":true,"href":"https:\/\/serveiseducatius.xtec.cat\/hospitalet\/wp-json\/wp\/v2\/users\/212"}],"replies":[{"embeddable":true,"href":"https:\/\/serveiseducatius.xtec.cat\/hospitalet\/wp-json\/wp\/v2\/comments?post=23570"}],"version-history":[{"count":2,"href":"https:\/\/serveiseducatius.xtec.cat\/hospitalet\/wp-json\/wp\/v2\/posts\/23570\/revisions"}],"predecessor-version":[{"id":23572,"href":"https:\/\/serveiseducatius.xtec.cat\/hospitalet\/wp-json\/wp\/v2\/posts\/23570\/revisions\/23572"}],"wp:attachment":[{"href":"https:\/\/serveiseducatius.xtec.cat\/hospitalet\/wp-json\/wp\/v2\/media?parent=23570"}],"wp:term":[{"taxonomy":"category","embeddable":true,"href":"https:\/\/serveiseducatius.xtec.cat\/hospitalet\/wp-json\/wp\/v2\/categories?post=23570"},{"taxonomy":"post_tag","embeddable":true,"href":"https:\/\/serveiseducatius.xtec.cat\/hospitalet\/wp-json\/wp\/v2\/tags?post=23570"}],"curies":[{"name":"wp","href":"https:\/\/api.w.org\/{rel}","templated":true}]}}