{"id":23516,"date":"2025-10-22T13:48:54","date_gmt":"2025-10-22T11:48:54","guid":{"rendered":"https:\/\/serveiseducatius.xtec.cat\/hospitalet\/?p=23516"},"modified":"2025-10-27T08:41:10","modified_gmt":"2025-10-27T07:41:10","slug":"conferencia-educacio-inclusiva-i-mesures-i-suports-universals","status":"publish","type":"post","link":"https:\/\/serveiseducatius.xtec.cat\/hospitalet\/portada\/conferencia-educacio-inclusiva-i-mesures-i-suports-universals\/","title":{"rendered":"Confer\u00e8ncia: Educaci\u00f3 inclusiva i Mesures i Suports Universals"},"content":{"rendered":"\n<div class=\"wp-block-getwid-section alignfull alignfull getwid-section-content-custom-width\"><div class=\"wp-block-getwid-section__wrapper getwid-padding-left-medium getwid-padding-right-medium\"><div class=\"wp-block-getwid-section__inner-wrapper\" style=\"max-width:740px\"><div class=\"wp-block-getwid-section__background-holder\"><div class=\"wp-block-getwid-section__background\"><\/div><div class=\"wp-block-getwid-section__foreground\"><\/div><\/div><div class=\"wp-block-getwid-section__content\"><div class=\"wp-block-getwid-section__inner-content\">\n<div class=\"wp-block-getwid-advanced-heading\" style=\"margin-bottom:0px;margin-top:0px\"><span class=\"wp-block-getwid-advanced-heading__content\" style=\"text-align:center\"><\/span><\/div>\n\n\n\n<div class=\"wp-block-getwid-advanced-heading\" style=\"margin-bottom:50px;margin-top:10px\"><h2 class=\"wp-block-getwid-advanced-heading__content\" style=\"text-align:center\"><\/h2><\/div>\n\n\n\n<figure class=\"wp-block-image alignleft size-full\"><a href=\"https:\/\/serveiseducatius.xtec.cat\/hospitalet\/wp-content\/uploads\/usu542\/2025\/10\/imatge-DEI-1.png\"><img decoding=\"async\" src=\"https:\/\/serveiseducatius.xtec.cat\/hospitalet\/wp-content\/uploads\/usu542\/2025\/10\/imatge-DEI-1.png\" alt=\"\" class=\"wp-image-23517\"\/><\/a><\/figure>\n\n\n\n<p><\/p>\n\n\n\n<h3 class=\"wp-block-heading\">Educaci\u00f3 inclusiva i Mesures i suports universals<\/h3>\n\n\n\n<h5 class=\"wp-block-heading\"><em>M\u00e9s enll\u00e0 dels recursos: quines actuacions coordinades podem impulsar des del centre per afavorir la inclusi\u00f3?<\/em><\/h5>\n\n\n\n<p class=\"has-text-color\" style=\"color:#000000;font-size:25px\">\ud83d\udccd <strong>CRP de l\u2019Hospitalet de Llobregat<\/strong><br>\ud83d\udcc5 <strong>20 de novembre de 2025<\/strong>, de <strong>17.30 a 19.30 h<\/strong><br>\ud83d\udc69\u200d\ud83c\udfeb <strong>Pon\u00e8ncia a c\u00e0rrec de:<\/strong> <em>Anna Castellvell Guijarro<\/em><\/p>\n\n\n\n<p>El <strong>CRP de l\u2019Hospitalet de Llobregat<\/strong> organitza aquesta <strong>confer\u00e8ncia sobre educaci\u00f3 inclusiva<\/strong>, adre\u00e7ada a docents i professionals de l\u2019\u00e0mbit educatiu interessats a aprofundir en les <strong>Mesures i Suports Universals<\/strong> per afavorir la <strong>pres\u00e8ncia, la participaci\u00f3 i el progr\u00e9s<\/strong> de tot l\u2019alumnat.<\/p>\n\n\n\n<h4 class=\"wp-block-heading\">Objectius<\/h4>\n\n\n\n<ul class=\"wp-block-list\">\n<li>Con\u00e8ixer les barreres m\u00e9s habituals que dificulten l\u2019acc\u00e9s a l\u2019aprenentatge, per tal de minimitzar-les.<\/li>\n\n\n\n<li>Compartir estrat\u00e8gies per aplicar les <strong>Mesures i Suports Universals<\/strong>, contribuint a un sistema educatiu realment inclusiu.<\/li>\n<\/ul>\n\n\n\n<h4 class=\"wp-block-heading\">Continguts de la confer\u00e8ncia<\/h4>\n\n\n\n<ol class=\"wp-block-list\">\n<li><strong>Marc normatiu:<\/strong> Decret 150\/2017, de 17 d\u2019octubre, sobre l\u2019atenci\u00f3 educativa a l\u2019alumnat en el marc d\u2019un sistema educatiu inclusiu.<\/li>\n\n\n\n<li><strong>Les 3 Ps:<\/strong> pres\u00e8ncia, participaci\u00f3 i progr\u00e9s.<\/li>\n\n\n\n<li><strong>Disseny Universal per a l\u2019Aprenentatge (DUA):<\/strong>\n<ul class=\"wp-block-list\">\n<li>Exemples pr\u00e0ctics de barreres a l\u2019aprenentatge.<\/li>\n\n\n\n<li>Idees per afavorir l\u2019accessibilitat i la participaci\u00f3.<\/li>\n<\/ul>\n<\/li>\n\n\n\n<li><strong>Mesures i Suports Universals:<\/strong>\n<ul class=\"wp-block-list\">\n<li>Personalitzaci\u00f3 de l\u2019aprenentatge.<\/li>\n\n\n\n<li>Organitzaci\u00f3 flexible.<\/li>\n\n\n\n<li>Avaluaci\u00f3 formativa i formadora.<\/li>\n\n\n\n<li>Acci\u00f3 tutorial i orientaci\u00f3 educativa.<\/li>\n<\/ul>\n<\/li>\n<\/ol>\n\n\n\n<p class=\"has-text-color has-medium-font-size\" style=\"color:#000000\">Les inscripcions estan obertes fins al <strong>18 de novembre de 2025<\/strong> a trav\u00e9s del seg\u00fcent enlla\u00e7:<br>\ud83d\udc49<a href=\"https:\/\/ja.cat\/bgVRT\"> <strong>Formulari d\u2019inscripci\u00f3<\/strong><\/a><\/p>\n\n\n\n<p><\/p>\n\n\n\n<figure class=\"wp-block-image size-full is-resized\"><a href=\"https:\/\/serveiseducatius.xtec.cat\/hospitalet\/wp-content\/uploads\/usu542\/2025\/10\/Captura-de-pantalla-2025-10-27-082953.png\"><img loading=\"lazy\" decoding=\"async\" width=\"469\" height=\"304\" src=\"https:\/\/serveiseducatius.xtec.cat\/hospitalet\/wp-content\/uploads\/usu542\/2025\/10\/Captura-de-pantalla-2025-10-27-082953.png\" alt=\"\" class=\"wp-image-23548\" style=\"width:720px;height:auto\" srcset=\"https:\/\/serveiseducatius.xtec.cat\/hospitalet\/wp-content\/uploads\/usu542\/2025\/10\/Captura-de-pantalla-2025-10-27-082953.png 469w, https:\/\/serveiseducatius.xtec.cat\/hospitalet\/wp-content\/uploads\/usu542\/2025\/10\/Captura-de-pantalla-2025-10-27-082953-300x194.png 300w\" sizes=\"auto, (max-width: 469px) 100vw, 469px\" \/><\/a><\/figure>\n<\/div><\/div><\/div><\/div><\/div>\n","protected":false},"excerpt":{"rendered":"","protected":false},"author":214,"featured_media":23517,"comment_status":"closed","ping_status":"open","sticky":false,"template":"","format":"standard","meta":{"_bbp_topic_count":0,"_bbp_reply_count":0,"_bbp_total_topic_count":0,"_bbp_total_reply_count":0,"_bbp_voice_count":0,"_bbp_anonymous_reply_count":0,"_bbp_topic_count_hidden":0,"_bbp_reply_count_hidden":0,"_bbp_forum_subforum_count":0,"site-sidebar-layout":"default","site-content-layout":"","ast-site-content-layout":"default","site-content-style":"default","site-sidebar-style":"default","ast-global-header-display":"","ast-banner-title-visibility":"","ast-main-header-display":"","ast-hfb-above-header-display":"","ast-hfb-below-header-display":"","ast-hfb-mobile-header-display":"","site-post-title":"","ast-breadcrumbs-content":"","ast-featured-img":"","footer-sml-layout":"","theme-transparent-header-meta":"","adv-header-id-meta":"","stick-header-meta":"","header-above-stick-meta":"","header-main-stick-meta":"","header-below-stick-meta":"","astra-migrate-meta-layouts":"set","ast-page-background-enabled":"default","ast-page-background-meta":{"desktop":{"background-color":"var(--ast-global-color-4)","background-image":"","background-repeat":"repeat","background-position":"center center","background-size":"auto","background-attachment":"scroll","background-type":"","background-media":"","overlay-type":"","overlay-color":"","overlay-opacity":"","overlay-gradient":""},"tablet":{"background-color":"","background-image":"","background-repeat":"repeat","background-position":"center center","background-size":"auto","background-attachment":"scroll","background-type":"","background-media":"","overlay-type":"","overlay-color":"","overlay-opacity":"","overlay-gradient":""},"mobile":{"background-color":"","background-image":"","background-repeat":"repeat","background-position":"center center","background-size":"auto","background-attachment":"scroll","background-type":"","background-media":"","overlay-type":"","overlay-color":"","overlay-opacity":"","overlay-gradient":""}},"ast-content-background-meta":{"desktop":{"background-color":"var(--ast-global-color-5)","background-image":"","background-repeat":"repeat","background-position":"center center","background-size":"auto","background-attachment":"scroll","background-type":"","background-media":"","overlay-type":"","overlay-color":"","overlay-opacity":"","overlay-gradient":""},"tablet":{"background-color":"var(--ast-global-color-5)","background-image":"","background-repeat":"repeat","background-position":"center center","background-size":"auto","background-attachment":"scroll","background-type":"","background-media":"","overlay-type":"","overlay-color":"","overlay-opacity":"","overlay-gradient":""},"mobile":{"background-color":"var(--ast-global-color-5)","background-image":"","background-repeat":"repeat","background-position":"center center","background-size":"auto","background-attachment":"scroll","background-type":"","background-media":"","overlay-type":"","overlay-color":"","overlay-opacity":"","overlay-gradient":""}},"footnotes":""},"categories":[65,977,29],"tags":[1271,1272],"class_list":["post-23516","post","type-post","status-publish","format-standard","has-post-thumbnail","hentry","category-crp","category-inclusio","category-portada","tag-educacio-inclusiva","tag-mesures-i-suports-universals"],"post_mailing_queue_ids":[],"_links":{"self":[{"href":"https:\/\/serveiseducatius.xtec.cat\/hospitalet\/wp-json\/wp\/v2\/posts\/23516","targetHints":{"allow":["GET"]}}],"collection":[{"href":"https:\/\/serveiseducatius.xtec.cat\/hospitalet\/wp-json\/wp\/v2\/posts"}],"about":[{"href":"https:\/\/serveiseducatius.xtec.cat\/hospitalet\/wp-json\/wp\/v2\/types\/post"}],"author":[{"embeddable":true,"href":"https:\/\/serveiseducatius.xtec.cat\/hospitalet\/wp-json\/wp\/v2\/users\/214"}],"replies":[{"embeddable":true,"href":"https:\/\/serveiseducatius.xtec.cat\/hospitalet\/wp-json\/wp\/v2\/comments?post=23516"}],"version-history":[{"count":6,"href":"https:\/\/serveiseducatius.xtec.cat\/hospitalet\/wp-json\/wp\/v2\/posts\/23516\/revisions"}],"predecessor-version":[{"id":23550,"href":"https:\/\/serveiseducatius.xtec.cat\/hospitalet\/wp-json\/wp\/v2\/posts\/23516\/revisions\/23550"}],"wp:featuredmedia":[{"embeddable":true,"href":"https:\/\/serveiseducatius.xtec.cat\/hospitalet\/wp-json\/wp\/v2\/media\/23517"}],"wp:attachment":[{"href":"https:\/\/serveiseducatius.xtec.cat\/hospitalet\/wp-json\/wp\/v2\/media?parent=23516"}],"wp:term":[{"taxonomy":"category","embeddable":true,"href":"https:\/\/serveiseducatius.xtec.cat\/hospitalet\/wp-json\/wp\/v2\/categories?post=23516"},{"taxonomy":"post_tag","embeddable":true,"href":"https:\/\/serveiseducatius.xtec.cat\/hospitalet\/wp-json\/wp\/v2\/tags?post=23516"}],"curies":[{"name":"wp","href":"https:\/\/api.w.org\/{rel}","templated":true}]}}