{"id":23272,"date":"2025-09-16T08:42:43","date_gmt":"2025-09-16T06:42:43","guid":{"rendered":"https:\/\/serveiseducatius.xtec.cat\/hospitalet\/?p=23272"},"modified":"2025-09-16T08:49:20","modified_gmt":"2025-09-16T06:49:20","slug":"novetats-al-cesire-connexions-2025-2026-formacions-de-ciencies-naturals-i-de-ciencies-socials","status":"publish","type":"post","link":"https:\/\/serveiseducatius.xtec.cat\/hospitalet\/portada\/novetats-al-cesire-connexions-2025-2026-formacions-de-ciencies-naturals-i-de-ciencies-socials\/","title":{"rendered":"Novetats al Cesire &#8211; Connexions 2025-2026: formacions de ci\u00e8ncies naturals i de ci\u00e8ncies socials"},"content":{"rendered":"\n<div class=\"wp-block-getwid-section alignfull alignfull getwid-section-content-custom-width\"><div class=\"wp-block-getwid-section__wrapper getwid-padding-left-medium getwid-padding-right-medium\"><div class=\"wp-block-getwid-section__inner-wrapper\" style=\"max-width:740px\"><div class=\"wp-block-getwid-section__background-holder\"><div class=\"wp-block-getwid-section__background\"><\/div><div class=\"wp-block-getwid-section__foreground\"><\/div><\/div><div class=\"wp-block-getwid-section__content\"><div class=\"wp-block-getwid-section__inner-content\">\n<div class=\"wp-block-getwid-advanced-heading\" style=\"margin-bottom:0px;margin-top:0px\"><span class=\"wp-block-getwid-advanced-heading__content\" style=\"text-align:center\"><\/span><\/div>\n\n\n\n<div class=\"wp-block-getwid-advanced-heading\" style=\"margin-bottom:50px;margin-top:10px\"><h2 class=\"wp-block-getwid-advanced-heading__content\" style=\"text-align:center\"><\/h2><\/div>\n\n\n\n<figure class=\"wp-block-image alignleft size-full\"><a href=\"https:\/\/serveiseducatius.xtec.cat\/hospitalet\/wp-content\/uploads\/usu542\/2025\/09\/connexions2526.png\"><img loading=\"lazy\" decoding=\"async\" width=\"789\" height=\"242\" src=\"https:\/\/serveiseducatius.xtec.cat\/hospitalet\/wp-content\/uploads\/usu542\/2025\/09\/connexions2526.png\" alt=\"\" class=\"wp-image-23273\" srcset=\"https:\/\/serveiseducatius.xtec.cat\/hospitalet\/wp-content\/uploads\/usu542\/2025\/09\/connexions2526.png 789w, https:\/\/serveiseducatius.xtec.cat\/hospitalet\/wp-content\/uploads\/usu542\/2025\/09\/connexions2526-300x92.png 300w, https:\/\/serveiseducatius.xtec.cat\/hospitalet\/wp-content\/uploads\/usu542\/2025\/09\/connexions2526-768x236.png 768w\" sizes=\"auto, (max-width: 789px) 100vw, 789px\" \/><\/a><\/figure>\n\n\n\n<p class=\"has-text-color has-medium-font-size\" style=\"color:#000000\">Us presentem l\u2019oferta formativa del projecte Connexions del CESIRE per al curs 2025\/2026 amb d\u2019<strong>inscripci\u00f3 oberta<\/strong>&nbsp;en el primer torn del curs. Les formacions estan dissenyades per aprofundir en el treball de les compet\u00e8ncies dels \u00e0mbits natural i social a l\u2019Educaci\u00f3 B\u00e0sica (Prim\u00e0ria i Secund\u00e0ria).<\/p>\n\n\n\n<p>Tot seguit trobareu els t\u00edtols, una breu explicaci\u00f3 de les propostes i l\u2019enlla\u00e7 per inscriure-us on hi ha m\u00e9s informaci\u00f3. Esperem que sigui del vostre inter\u00e8s.<\/p>\n\n\n\n<figure class=\"wp-block-table\"><table class=\"has-fixed-layout\"><tbody><tr><td><strong>Formaci\u00f3<\/strong><\/td><td><strong>Descripci\u00f3<\/strong><\/td><td><strong>&nbsp; &nbsp; Dates<\/strong><\/td><td><strong>Etapa educativa<\/strong><\/td><\/tr><tr><td><strong>Nanoexplorant&nbsp;<\/strong><strong>el futur<\/strong><a href=\"https:\/\/aplicacions.gestioeducativa.gencat.cat\/ords\/pls\/soloas\/pk_for_mod_ins.p_for_detall_activitat?p_codi=9004800532&amp;p_curs=2025-2026&amp;p_es_inscr=S\" target=\"_blank\" rel=\"noreferrer noopener\">INSCRIPCI\u00d3<\/a><\/td><td>Curs semipresencial per aprofundir en l\u2019ensenyament aprenentatge del model mat\u00e8ria a partir de la Nanotecnologia.<\/td><td>Del 7\/10\/2025 al&nbsp; 23\/1\/2026 (20 hores \u2013 3 sessions)<\/td><td>Cicle superior Educaci\u00f3 Prim\u00e0ria<\/td><\/tr><tr><td><strong>Formaci\u00f3 amb pr\u00e9stec de telescopi solar a prim\u00e0ria<\/strong><a href=\"https:\/\/aplicacions.gestioeducativa.gencat.cat\/ords\/pls\/soloas\/pk_for_mod_ins.p_for_detall_activitat?p_codi=9004780532&amp;p_curs=2025-2026&amp;p_es_inscr=S\">INSCRIPCI\u00d3<\/a><\/td><td>Dues sessions per aprendre a fer servir el telescopi solar per a \u00fas educatiu, amb acc\u00e9s a pr\u00e9stec del material utilitzat a la formaci\u00f3 per a les pr\u00e0ctiques d\u2019aula.<\/td><td>Del 15\/11\/2025 al 17\/1\/2026 (10 hores \u2013 2 sessions)<\/td><td>Educaci\u00f3 prim\u00e0ria<\/td><\/tr><tr><td><strong>Reptes socials actuals: propostes educatives des de la just\u00edcia global<\/strong><a href=\"https:\/\/aplicacions.gestioeducativa.gencat.cat\/ords\/pls\/soloas\/pk_for_mod_ins.p_for_detall_activitat?p_codi=9005080532&amp;p_curs=2025-2026&amp;p_es_inscr=S\" target=\"_blank\" rel=\"noreferrer noopener\">INSCRIPCI\u00d3<\/a><\/td><td>Quatre sessions telem\u00e0tiques sobre com treballar reptes socials actuals a l\u2019aula des de la mirada de la Just\u00edcia Global.&nbsp;28 d\u2019octubre del 2025&nbsp;<strong>Presentaci\u00f3 de la Maleta de les llibertats. Eines i recursos per treballar la mem\u00f2ria democr\u00e0tica a l\u2019aula.&nbsp;<\/strong>A c\u00e0rrec del Memorial democr\u00e0tic. Generalitat de Catalunya.18 de novembre del 2025&nbsp;<strong>\u201cEm dol Gaza\u201d: Reflexions, pautes i recursos per educar contra la guerra i el genocidi.&nbsp;<\/strong>A c\u00e0rrec de l\u2019Escola de Cultura de Pau,&nbsp;centre d\u2019investigaci\u00f3 sobre la pau, els conflictes i els drets humans adscrit a la UAB.16 de desembre del 2025&nbsp;<strong>Masculinitats contra l\u2019auge reaccionari: reptes educatius i eines de futur.<\/strong>&nbsp;A c\u00e0rrec de Francesc Mir\u00f3, escriptor i periodista cultural.20 de gener del 2026&nbsp;<strong>Les desigualtats socials i espacials a trav\u00e9s de la cartografia.&nbsp;<\/strong>A c\u00e0rrec de N\u00faria Font, professora de geografia de l\u2019\u00e0rea d\u2019an\u00e0lisi geogr\u00e0fica regional de la UdG.<\/td><td>Del 28\/10\/2025 al 20\/1\/2026 (10 hores \u2013 4 sessions)<\/td><td>Educaci\u00f3 prim\u00e0ria i&nbsp;secund\u00e0ria<\/td><\/tr><tr><td><strong>Programem&nbsp;<\/strong><strong>amb sentit cr\u00edtic&nbsp;<\/strong><strong>les ci\u00e8ncies socials<\/strong><a href=\"https:\/\/aplicacions.gestioeducativa.gencat.cat\/ords\/pls\/soloas\/pk_for_mod_ins.p_for_detall_activitat?p_codi=9005050532&amp;p_curs=2025-2026&amp;p_es_inscr=S\">INSCRIPCI\u00d3<\/a><\/td><td>Grup de treball per la reflexi\u00f3, la formaci\u00f3 docent i la millora dels materials de la formaci\u00f3 \u201cProgramem amb sentit cr\u00edtic les Ci\u00e8ncies Socials\u201d.<\/td><td>Del 7\/10\/2025 al 16\/12\/2025 (30 hores \u2013 6 sessions)<\/td><td>Educaci\u00f3 prim\u00e0ria i&nbsp;secund\u00e0ria<\/td><\/tr><tr><td><strong>Formaci\u00f3 amb pr\u00e9stec de telescopi solar a secund\u00e0ria<\/strong><a href=\"https:\/\/aplicacions.gestioeducativa.gencat.cat\/ords\/pls\/soloas\/pk_for_mod_ins.p_for_detall_activitat?p_codi=9004770532&amp;p_curs=2025-2026&amp;p_es_inscr=S\">INSCRIPCI\u00d3<\/a><\/td><td>Dues sessions per aprendre a fer servir el telescopi solar per a \u00fas educatiu, amb acc\u00e9s a pr\u00e9stec del material utilitzat a la formaci\u00f3 per a les pr\u00e0ctiques d\u2019aula.<\/td><td>Del 22\/11\/2025 al 31\/1\/2026 (10 hores \u2013 2 sessions)<\/td><td>Educaci\u00f3 secund\u00e0ria<\/td><\/tr><\/tbody><\/table><\/figure>\n\n\n\n<p class=\"has-text-color has-medium-font-size\" style=\"color:#000000\">#STEMcat<\/p>\n\n\n\n<div class=\"wp-block-getwid-advanced-spacer\" style=\"height:20px\" aria-hidden=\"true\"><\/div>\n\n\n\n<div class=\"wp-block-button aligncenter\"><a class=\"wp-block-button__link has-text-color has-background wp-element-button\" href=\"https:\/\/serveiseducatius.xtec.cat\/cesire\/connexions-2025-2026-formacions-de-ciencies-naturals-i-de-ciencies-socials\/\" style=\"color:#ffffff;background-color:#000000\">M\u00e9s informaci\u00f3<\/a><\/div>\n<\/div><\/div><\/div><\/div><\/div>\n\n\n\n<p><\/p>\n","protected":false},"excerpt":{"rendered":"","protected":false},"author":214,"featured_media":23273,"comment_status":"closed","ping_status":"open","sticky":false,"template":"","format":"standard","meta":{"_bbp_topic_count":0,"_bbp_reply_count":0,"_bbp_total_topic_count":0,"_bbp_total_reply_count":0,"_bbp_voice_count":0,"_bbp_anonymous_reply_count":0,"_bbp_topic_count_hidden":0,"_bbp_reply_count_hidden":0,"_bbp_forum_subforum_count":0,"site-sidebar-layout":"default","site-content-layout":"","ast-site-content-layout":"default","site-content-style":"default","site-sidebar-style":"default","ast-global-header-display":"","ast-banner-title-visibility":"","ast-main-header-display":"","ast-hfb-above-header-display":"","ast-hfb-below-header-display":"","ast-hfb-mobile-header-display":"","site-post-title":"","ast-breadcrumbs-content":"","ast-featured-img":"","footer-sml-layout":"","theme-transparent-header-meta":"","adv-header-id-meta":"","stick-header-meta":"","header-above-stick-meta":"","header-main-stick-meta":"","header-below-stick-meta":"","astra-migrate-meta-layouts":"set","ast-page-background-enabled":"default","ast-page-background-meta":{"desktop":{"background-color":"var(--ast-global-color-4)","background-image":"","background-repeat":"repeat","background-position":"center center","background-size":"auto","background-attachment":"scroll","background-type":"","background-media":"","overlay-type":"","overlay-color":"","overlay-opacity":"","overlay-gradient":""},"tablet":{"background-color":"","background-image":"","background-repeat":"repeat","background-position":"center center","background-size":"auto","background-attachment":"scroll","background-type":"","background-media":"","overlay-type":"","overlay-color":"","overlay-opacity":"","overlay-gradient":""},"mobile":{"background-color":"","background-image":"","background-repeat":"repeat","background-position":"center center","background-size":"auto","background-attachment":"scroll","background-type":"","background-media":"","overlay-type":"","overlay-color":"","overlay-opacity":"","overlay-gradient":""}},"ast-content-background-meta":{"desktop":{"background-color":"var(--ast-global-color-5)","background-image":"","background-repeat":"repeat","background-position":"center center","background-size":"auto","background-attachment":"scroll","background-type":"","background-media":"","overlay-type":"","overlay-color":"","overlay-opacity":"","overlay-gradient":""},"tablet":{"background-color":"var(--ast-global-color-5)","background-image":"","background-repeat":"repeat","background-position":"center center","background-size":"auto","background-attachment":"scroll","background-type":"","background-media":"","overlay-type":"","overlay-color":"","overlay-opacity":"","overlay-gradient":""},"mobile":{"background-color":"var(--ast-global-color-5)","background-image":"","background-repeat":"repeat","background-position":"center center","background-size":"auto","background-attachment":"scroll","background-type":"","background-media":"","overlay-type":"","overlay-color":"","overlay-opacity":"","overlay-gradient":""}},"footnotes":""},"categories":[65,29],"tags":[615,250,226],"class_list":["post-23272","post","type-post","status-publish","format-standard","has-post-thumbnail","hentry","category-crp","category-portada","tag-cesire","tag-ciencia","tag-formacio"],"post_mailing_queue_ids":[],"_links":{"self":[{"href":"https:\/\/serveiseducatius.xtec.cat\/hospitalet\/wp-json\/wp\/v2\/posts\/23272","targetHints":{"allow":["GET"]}}],"collection":[{"href":"https:\/\/serveiseducatius.xtec.cat\/hospitalet\/wp-json\/wp\/v2\/posts"}],"about":[{"href":"https:\/\/serveiseducatius.xtec.cat\/hospitalet\/wp-json\/wp\/v2\/types\/post"}],"author":[{"embeddable":true,"href":"https:\/\/serveiseducatius.xtec.cat\/hospitalet\/wp-json\/wp\/v2\/users\/214"}],"replies":[{"embeddable":true,"href":"https:\/\/serveiseducatius.xtec.cat\/hospitalet\/wp-json\/wp\/v2\/comments?post=23272"}],"version-history":[{"count":2,"href":"https:\/\/serveiseducatius.xtec.cat\/hospitalet\/wp-json\/wp\/v2\/posts\/23272\/revisions"}],"predecessor-version":[{"id":23275,"href":"https:\/\/serveiseducatius.xtec.cat\/hospitalet\/wp-json\/wp\/v2\/posts\/23272\/revisions\/23275"}],"wp:featuredmedia":[{"embeddable":true,"href":"https:\/\/serveiseducatius.xtec.cat\/hospitalet\/wp-json\/wp\/v2\/media\/23273"}],"wp:attachment":[{"href":"https:\/\/serveiseducatius.xtec.cat\/hospitalet\/wp-json\/wp\/v2\/media?parent=23272"}],"wp:term":[{"taxonomy":"category","embeddable":true,"href":"https:\/\/serveiseducatius.xtec.cat\/hospitalet\/wp-json\/wp\/v2\/categories?post=23272"},{"taxonomy":"post_tag","embeddable":true,"href":"https:\/\/serveiseducatius.xtec.cat\/hospitalet\/wp-json\/wp\/v2\/tags?post=23272"}],"curies":[{"name":"wp","href":"https:\/\/api.w.org\/{rel}","templated":true}]}}