{"id":22672,"date":"2025-06-03T08:23:44","date_gmt":"2025-06-03T06:23:44","guid":{"rendered":"https:\/\/serveiseducatius.xtec.cat\/hospitalet\/?p=22672"},"modified":"2025-06-25T14:04:34","modified_gmt":"2025-06-25T12:04:34","slug":"%f0%9f%8e%99%ef%b8%8f-la-veu-de-la-infancia-la-nova-guia-per-fer-radio-escolar-es-presenta-a-granollers","status":"publish","type":"post","link":"https:\/\/serveiseducatius.xtec.cat\/hospitalet\/portada\/%f0%9f%8e%99%ef%b8%8f-la-veu-de-la-infancia-la-nova-guia-per-fer-radio-escolar-es-presenta-a-granollers\/","title":{"rendered":"\ud83c\udf99\ufe0f &#8220;La veu de la inf\u00e0ncia&#8221;, la nova guia per fer r\u00e0dio escolar, es presenta a Granollers!"},"content":{"rendered":"\n<div class=\"wp-block-getwid-section alignfull alignfull getwid-section-content-custom-width\"><div class=\"wp-block-getwid-section__wrapper getwid-padding-left-medium getwid-padding-right-medium\"><div class=\"wp-block-getwid-section__inner-wrapper\" style=\"max-width:740px\"><div class=\"wp-block-getwid-section__background-holder\"><div class=\"wp-block-getwid-section__background\"><\/div><div class=\"wp-block-getwid-section__foreground\"><\/div><\/div><div class=\"wp-block-getwid-section__content\"><div class=\"wp-block-getwid-section__inner-content\">\n<div class=\"wp-block-getwid-advanced-heading\" style=\"margin-bottom:0px;margin-top:0px\"><span class=\"wp-block-getwid-advanced-heading__content\" style=\"text-align:center\"><\/span><\/div>\n\n\n\n<div class=\"wp-block-getwid-advanced-heading\" style=\"margin-bottom:50px;margin-top:10px\"><h2 class=\"wp-block-getwid-advanced-heading__content\" style=\"text-align:center\"><\/h2><\/div>\n\n\n\n<figure class=\"wp-block-image alignleft size-full is-resized\"><a href=\"https:\/\/serveiseducatius.xtec.cat\/hospitalet\/wp-content\/uploads\/usu542\/2025\/06\/presentacio_guiaradioescolar.png\"><img decoding=\"async\" src=\"https:\/\/serveiseducatius.xtec.cat\/hospitalet\/wp-content\/uploads\/usu542\/2025\/06\/presentacio_guiaradioescolar.png\" alt=\"\" class=\"wp-image-22673\" style=\"width:247px;height:auto\"\/><\/a><\/figure>\n\n\n\n<p class=\"has-text-color has-medium-font-size\" style=\"color:#000000\"><\/p>\n\n\n\n<p>\ud83d\udccd <em>Dimecres 11 de juny \u00b7 17:30h \u00b7 Biblioteca Roca Umbert (Sala 3), Granollers<\/em><br>\ud83d\udcfb En el marc del Mercat Audiovisual de Catalunya (MAC), es presentar\u00e0 <strong>&#8220;La veu de la inf\u00e0ncia. Guia per dinamitzar experi\u00e8ncies de r\u00e0dio escolar&#8221;<\/strong>, una publicaci\u00f3 elaborada per COMSOC &#8211; Comunicaci\u00f3 Social a partir de m\u00e9s de quinze anys d&#8217;experi\u00e8ncia i la participaci\u00f3 de docents i infants de R\u00e0dios Escolars en Xarxa.<\/p>\n\n\n\n<p>\ud83d\udd0a Aquesta guia \u00e9s molt m\u00e9s que un recull t\u00e8cnic: \u00e9s una invitaci\u00f3 a recuperar el valor de la paraula, del relat i de l\u2019escolta. Una eina per <strong>amplificar la veu dels infants i joves<\/strong>, connectar amb l\u2019entorn i donar sentit al treball col\u00b7laboratiu i transformador.<\/p>\n\n\n\n<p>\ud83c\udfa7 La presentaci\u00f3 tindr\u00e0 format radiof\u00f2nic, amb participaci\u00f3 de docents, joves i professionals de diferents territoris. Tamb\u00e9 podeu participar a dist\u00e0ncia amb una nota de veu!<\/p>\n\n\n\n<p>\ud83c\udd93 Activitat gratu\u00efta amb inscripci\u00f3 pr\u00e8via al MAC.<br>\ud83d\udcd8 La guia est\u00e0 disponible en l\u00ednia i ha comptat amb el suport del Departament d\u2019Educaci\u00f3 i l\u2019Institut Inf\u00e0ncia i Adolesc\u00e8ncia de Barcelona.<br>\ud83c\udfb5 I s\u00ed, t\u00e9 rap-himne propi!<\/p>\n\n\n\n<div class=\"wp-block-getwid-advanced-spacer\" style=\"height:20px\" aria-hidden=\"true\"><\/div>\n\n\n\n<div class=\"wp-block-button aligncenter\"><a class=\"wp-block-button__link has-text-color has-background wp-element-button\" href=\"https:\/\/comsoc.cat\/news\/ca\/2025\/05\/07\/0001\/la-guia-de-radio-escolar-la-veu-de-la-infancia-es-presenta-a-granollers\" style=\"color:#ffffff;background-color:#000000\">M\u00e9s informaci\u00f3<\/a><\/div>\n<\/div><\/div><\/div><\/div><\/div>\n","protected":false},"excerpt":{"rendered":"","protected":false},"author":214,"featured_media":22673,"comment_status":"closed","ping_status":"open","sticky":false,"template":"","format":"standard","meta":{"_bbp_topic_count":0,"_bbp_reply_count":0,"_bbp_total_topic_count":0,"_bbp_total_reply_count":0,"_bbp_voice_count":0,"_bbp_anonymous_reply_count":0,"_bbp_topic_count_hidden":0,"_bbp_reply_count_hidden":0,"_bbp_forum_subforum_count":0,"site-sidebar-layout":"default","site-content-layout":"","ast-site-content-layout":"","site-content-style":"default","site-sidebar-style":"default","ast-global-header-display":"","ast-banner-title-visibility":"","ast-main-header-display":"","ast-hfb-above-header-display":"","ast-hfb-below-header-display":"","ast-hfb-mobile-header-display":"","site-post-title":"","ast-breadcrumbs-content":"","ast-featured-img":"","footer-sml-layout":"","theme-transparent-header-meta":"","adv-header-id-meta":"","stick-header-meta":"","header-above-stick-meta":"","header-main-stick-meta":"","header-below-stick-meta":"","astra-migrate-meta-layouts":"default","ast-page-background-enabled":"default","ast-page-background-meta":{"desktop":{"background-color":"var(--ast-global-color-4)","background-image":"","background-repeat":"repeat","background-position":"center center","background-size":"auto","background-attachment":"scroll","background-type":"","background-media":"","overlay-type":"","overlay-color":"","overlay-opacity":"","overlay-gradient":""},"tablet":{"background-color":"","background-image":"","background-repeat":"repeat","background-position":"center center","background-size":"auto","background-attachment":"scroll","background-type":"","background-media":"","overlay-type":"","overlay-color":"","overlay-opacity":"","overlay-gradient":""},"mobile":{"background-color":"","background-image":"","background-repeat":"repeat","background-position":"center center","background-size":"auto","background-attachment":"scroll","background-type":"","background-media":"","overlay-type":"","overlay-color":"","overlay-opacity":"","overlay-gradient":""}},"ast-content-background-meta":{"desktop":{"background-color":"var(--ast-global-color-5)","background-image":"","background-repeat":"repeat","background-position":"center center","background-size":"auto","background-attachment":"scroll","background-type":"","background-media":"","overlay-type":"","overlay-color":"","overlay-opacity":"","overlay-gradient":""},"tablet":{"background-color":"var(--ast-global-color-5)","background-image":"","background-repeat":"repeat","background-position":"center center","background-size":"auto","background-attachment":"scroll","background-type":"","background-media":"","overlay-type":"","overlay-color":"","overlay-opacity":"","overlay-gradient":""},"mobile":{"background-color":"var(--ast-global-color-5)","background-image":"","background-repeat":"repeat","background-position":"center center","background-size":"auto","background-attachment":"scroll","background-type":"","background-media":"","overlay-type":"","overlay-color":"","overlay-opacity":"","overlay-gradient":""}},"footnotes":""},"categories":[65,1090,29],"tags":[37,537],"class_list":["post-22672","post","type-post","status-publish","format-standard","has-post-thumbnail","hentry","category-crp","category-cultura-digital","category-portada","tag-audiovisuals","tag-radio-escolar"],"post_mailing_queue_ids":[],"_links":{"self":[{"href":"https:\/\/serveiseducatius.xtec.cat\/hospitalet\/wp-json\/wp\/v2\/posts\/22672","targetHints":{"allow":["GET"]}}],"collection":[{"href":"https:\/\/serveiseducatius.xtec.cat\/hospitalet\/wp-json\/wp\/v2\/posts"}],"about":[{"href":"https:\/\/serveiseducatius.xtec.cat\/hospitalet\/wp-json\/wp\/v2\/types\/post"}],"author":[{"embeddable":true,"href":"https:\/\/serveiseducatius.xtec.cat\/hospitalet\/wp-json\/wp\/v2\/users\/214"}],"replies":[{"embeddable":true,"href":"https:\/\/serveiseducatius.xtec.cat\/hospitalet\/wp-json\/wp\/v2\/comments?post=22672"}],"version-history":[{"count":1,"href":"https:\/\/serveiseducatius.xtec.cat\/hospitalet\/wp-json\/wp\/v2\/posts\/22672\/revisions"}],"predecessor-version":[{"id":22674,"href":"https:\/\/serveiseducatius.xtec.cat\/hospitalet\/wp-json\/wp\/v2\/posts\/22672\/revisions\/22674"}],"wp:featuredmedia":[{"embeddable":true,"href":"https:\/\/serveiseducatius.xtec.cat\/hospitalet\/wp-json\/wp\/v2\/media\/22673"}],"wp:attachment":[{"href":"https:\/\/serveiseducatius.xtec.cat\/hospitalet\/wp-json\/wp\/v2\/media?parent=22672"}],"wp:term":[{"taxonomy":"category","embeddable":true,"href":"https:\/\/serveiseducatius.xtec.cat\/hospitalet\/wp-json\/wp\/v2\/categories?post=22672"},{"taxonomy":"post_tag","embeddable":true,"href":"https:\/\/serveiseducatius.xtec.cat\/hospitalet\/wp-json\/wp\/v2\/tags?post=22672"}],"curies":[{"name":"wp","href":"https:\/\/api.w.org\/{rel}","templated":true}]}}