{"id":22435,"date":"2025-03-27T08:00:00","date_gmt":"2025-03-27T07:00:00","guid":{"rendered":"https:\/\/serveiseducatius.xtec.cat\/hospitalet\/?p=22435"},"modified":"2025-03-25T17:16:08","modified_gmt":"2025-03-25T16:16:08","slug":"lobservatori-de-la-infancia-de-lhospitalet-coneixement-i-accio-per-a-la-millora-del-benestar-infantil","status":"publish","type":"post","link":"https:\/\/serveiseducatius.xtec.cat\/hospitalet\/portada\/lobservatori-de-la-infancia-de-lhospitalet-coneixement-i-accio-per-a-la-millora-del-benestar-infantil\/","title":{"rendered":"L&#8217;Observatori de la Inf\u00e0ncia de L\u2019Hospitalet: coneixement i acci\u00f3 per a la millora del benestar infantil"},"content":{"rendered":"\n<div class=\"wp-block-getwid-section alignfull alignfull getwid-section-content-custom-width\"><div class=\"wp-block-getwid-section__wrapper getwid-padding-left-medium getwid-padding-right-medium\"><div class=\"wp-block-getwid-section__inner-wrapper\" style=\"max-width:740px\"><div class=\"wp-block-getwid-section__background-holder\"><div class=\"wp-block-getwid-section__background\"><\/div><div class=\"wp-block-getwid-section__foreground\"><\/div><\/div><div class=\"wp-block-getwid-section__content\"><div class=\"wp-block-getwid-section__inner-content\">\n<div class=\"wp-block-getwid-advanced-heading\" style=\"margin-bottom:0px;margin-top:0px\"><span class=\"wp-block-getwid-advanced-heading__content\" style=\"text-align:center\"><\/span><\/div>\n\n\n\n<div class=\"wp-block-getwid-advanced-heading\" style=\"margin-bottom:50px;margin-top:10px\"><h2 class=\"wp-block-getwid-advanced-heading__content\" style=\"text-align:center\"><\/h2><\/div>\n\n\n\n<figure class=\"wp-block-image alignleft size-full is-resized\"><a href=\"https:\/\/serveiseducatius.xtec.cat\/hospitalet\/wp-content\/uploads\/usu542\/2025\/03\/logo_OIH_RGB_v1.png\"><img loading=\"lazy\" decoding=\"async\" width=\"500\" height=\"132\" src=\"https:\/\/serveiseducatius.xtec.cat\/hospitalet\/wp-content\/uploads\/usu542\/2025\/03\/logo_OIH_RGB_v1.png\" alt=\"\" class=\"wp-image-22436\" style=\"width:743px;height:auto\" srcset=\"https:\/\/serveiseducatius.xtec.cat\/hospitalet\/wp-content\/uploads\/usu542\/2025\/03\/logo_OIH_RGB_v1.png 500w, https:\/\/serveiseducatius.xtec.cat\/hospitalet\/wp-content\/uploads\/usu542\/2025\/03\/logo_OIH_RGB_v1-300x79.png 300w\" sizes=\"auto, (max-width: 500px) 100vw, 500px\" \/><\/a><\/figure>\n\n\n\n<p>L&#8217;Observatori de la Inf\u00e0ncia de L\u2019Hospitalet (OIH) \u00e9s una iniciativa dedicada a generar coneixement i fer un seguiment de la situaci\u00f3 de la inf\u00e0ncia i l\u2019adolesc\u00e8ncia a la ciutat. Amb la missi\u00f3 de contribuir a la millora de la qualitat de vida dels infants i adolescents i garantir el respecte als seus drets, l\u2019OIH desenvolupa tres funcions clau:<\/p>\n\n\n\n<p>\u2714\ufe0f <strong>Generar coneixement objectiu i independent<\/strong> sobre la situaci\u00f3 de la inf\u00e0ncia a L\u2019Hospitalet.<br>\u2714\ufe0f <strong>Fonamentar propostes socials i pol\u00edtiques<\/strong> basades en l\u2019evid\u00e8ncia.<br>\u2714\ufe0f <strong>Avaluar les pol\u00edtiques p\u00fabliques<\/strong> destinades a la inf\u00e0ncia i l\u2019adolesc\u00e8ncia.<\/p>\n\n\n\n<p>L\u2019Observatori publica <strong>informes peri\u00f2dics i puntuals<\/strong> sobre diferents aspectes de la realitat infantil i juvenil, com els usos del temps lliure, la salut o els itineraris formatius. Tamb\u00e9 realitza <strong>avaluacions d\u2019impacte<\/strong> de les pol\u00edtiques p\u00fabliques, recull dades a trav\u00e9s d\u2019un <strong>dossier de premsa<\/strong> i organitza <strong>debats<\/strong> sobre temes d\u2019inter\u00e8s.<\/p>\n\n\n\n<p>\ud83d\udccc <strong>\u00daltim estudi publicat<\/strong>:<br><strong>&#8220;Traject\u00f2ries formatives i projectes de futur dels joves d\u2019origen migrant de L\u2019Hospitalet&#8221;<\/strong>, realitzat en col\u00b7laboraci\u00f3 amb la Universitat de Barcelona. L\u2019informe analitza els factors que influeixen en les traject\u00f2ries educatives dels joves migrants i les seves perspectives de futur.<\/p>\n\n\n\n<p>Aquest observatori \u00e9s un recurs valu\u00f3s per a docents, institucions i entitats que treballen amb infants i joves. Us animem a fer-ne \u00fas i a participar en els espais de debat i reflexi\u00f3 que organitza!<\/p>\n\n\n\n<div class=\"wp-block-getwid-advanced-spacer\" style=\"height:21px\" aria-hidden=\"true\"><\/div>\n\n\n\n<div class=\"wp-block-button aligncenter\"><a class=\"wp-block-button__link has-text-color has-background wp-element-button\" href=\"https:\/\/infancialh.cat\/informes-oih\/\" style=\"color:#ffffff;background-color:#000000\">M\u00e9s informaci\u00f3<\/a><\/div>\n<\/div><\/div><\/div><\/div><\/div>\n","protected":false},"excerpt":{"rendered":"<p>L&#8217;Observatori de la Inf\u00e0ncia de L\u2019Hospitalet (OIH) \u00e9s una iniciativa dedicada a generar coneixement i fer un seguiment de la situaci\u00f3 de la inf\u00e0ncia i l\u2019adolesc\u00e8ncia a la ciutat. <\/p>\n","protected":false},"author":214,"featured_media":22436,"comment_status":"closed","ping_status":"open","sticky":false,"template":"","format":"standard","meta":{"_bbp_topic_count":0,"_bbp_reply_count":0,"_bbp_total_topic_count":0,"_bbp_total_reply_count":0,"_bbp_voice_count":0,"_bbp_anonymous_reply_count":0,"_bbp_topic_count_hidden":0,"_bbp_reply_count_hidden":0,"_bbp_forum_subforum_count":0,"site-sidebar-layout":"default","site-content-layout":"","ast-site-content-layout":"","site-content-style":"default","site-sidebar-style":"default","ast-global-header-display":"","ast-banner-title-visibility":"","ast-main-header-display":"","ast-hfb-above-header-display":"","ast-hfb-below-header-display":"","ast-hfb-mobile-header-display":"","site-post-title":"","ast-breadcrumbs-content":"","ast-featured-img":"","footer-sml-layout":"","theme-transparent-header-meta":"","adv-header-id-meta":"","stick-header-meta":"","header-above-stick-meta":"","header-main-stick-meta":"","header-below-stick-meta":"","astra-migrate-meta-layouts":"default","ast-page-background-enabled":"default","ast-page-background-meta":{"desktop":{"background-color":"var(--ast-global-color-4)","background-image":"","background-repeat":"repeat","background-position":"center center","background-size":"auto","background-attachment":"scroll","background-type":"","background-media":"","overlay-type":"","overlay-color":"","overlay-opacity":"","overlay-gradient":""},"tablet":{"background-color":"","background-image":"","background-repeat":"repeat","background-position":"center center","background-size":"auto","background-attachment":"scroll","background-type":"","background-media":"","overlay-type":"","overlay-color":"","overlay-opacity":"","overlay-gradient":""},"mobile":{"background-color":"","background-image":"","background-repeat":"repeat","background-position":"center center","background-size":"auto","background-attachment":"scroll","background-type":"","background-media":"","overlay-type":"","overlay-color":"","overlay-opacity":"","overlay-gradient":""}},"ast-content-background-meta":{"desktop":{"background-color":"var(--ast-global-color-5)","background-image":"","background-repeat":"repeat","background-position":"center center","background-size":"auto","background-attachment":"scroll","background-type":"","background-media":"","overlay-type":"","overlay-color":"","overlay-opacity":"","overlay-gradient":""},"tablet":{"background-color":"var(--ast-global-color-5)","background-image":"","background-repeat":"repeat","background-position":"center center","background-size":"auto","background-attachment":"scroll","background-type":"","background-media":"","overlay-type":"","overlay-color":"","overlay-opacity":"","overlay-gradient":""},"mobile":{"background-color":"var(--ast-global-color-5)","background-image":"","background-repeat":"repeat","background-position":"center center","background-size":"auto","background-attachment":"scroll","background-type":"","background-media":"","overlay-type":"","overlay-color":"","overlay-opacity":"","overlay-gradient":""}},"footnotes":""},"categories":[65,29],"tags":[418,621,940],"class_list":["post-22435","post","type-post","status-publish","format-standard","has-post-thumbnail","hentry","category-crp","category-portada","tag-hospitalet","tag-infancia","tag-observatori-de-la-infancia"],"post_mailing_queue_ids":[],"_links":{"self":[{"href":"https:\/\/serveiseducatius.xtec.cat\/hospitalet\/wp-json\/wp\/v2\/posts\/22435","targetHints":{"allow":["GET"]}}],"collection":[{"href":"https:\/\/serveiseducatius.xtec.cat\/hospitalet\/wp-json\/wp\/v2\/posts"}],"about":[{"href":"https:\/\/serveiseducatius.xtec.cat\/hospitalet\/wp-json\/wp\/v2\/types\/post"}],"author":[{"embeddable":true,"href":"https:\/\/serveiseducatius.xtec.cat\/hospitalet\/wp-json\/wp\/v2\/users\/214"}],"replies":[{"embeddable":true,"href":"https:\/\/serveiseducatius.xtec.cat\/hospitalet\/wp-json\/wp\/v2\/comments?post=22435"}],"version-history":[{"count":1,"href":"https:\/\/serveiseducatius.xtec.cat\/hospitalet\/wp-json\/wp\/v2\/posts\/22435\/revisions"}],"predecessor-version":[{"id":22437,"href":"https:\/\/serveiseducatius.xtec.cat\/hospitalet\/wp-json\/wp\/v2\/posts\/22435\/revisions\/22437"}],"wp:featuredmedia":[{"embeddable":true,"href":"https:\/\/serveiseducatius.xtec.cat\/hospitalet\/wp-json\/wp\/v2\/media\/22436"}],"wp:attachment":[{"href":"https:\/\/serveiseducatius.xtec.cat\/hospitalet\/wp-json\/wp\/v2\/media?parent=22435"}],"wp:term":[{"taxonomy":"category","embeddable":true,"href":"https:\/\/serveiseducatius.xtec.cat\/hospitalet\/wp-json\/wp\/v2\/categories?post=22435"},{"taxonomy":"post_tag","embeddable":true,"href":"https:\/\/serveiseducatius.xtec.cat\/hospitalet\/wp-json\/wp\/v2\/tags?post=22435"}],"curies":[{"name":"wp","href":"https:\/\/api.w.org\/{rel}","templated":true}]}}