{"id":22432,"date":"2025-03-25T11:13:16","date_gmt":"2025-03-25T10:13:16","guid":{"rendered":"https:\/\/serveiseducatius.xtec.cat\/hospitalet\/?p=22432"},"modified":"2025-06-25T14:04:48","modified_gmt":"2025-06-25T12:04:48","slug":"sant-jordi-a-les-ones-i-booktubers-per-celebrar-la-diada-de-sant-jordi-2025","status":"publish","type":"post","link":"https:\/\/serveiseducatius.xtec.cat\/hospitalet\/general\/sant-jordi-a-les-ones-i-booktubers-per-celebrar-la-diada-de-sant-jordi-2025\/","title":{"rendered":"Sant Jordi a les ones i Booktubers per celebrar la diada de Sant Jordi 2025"},"content":{"rendered":"\n<div class=\"wp-block-getwid-section alignfull alignfull getwid-section-content-custom-width\"><div class=\"wp-block-getwid-section__wrapper getwid-padding-left-medium getwid-padding-right-medium\"><div class=\"wp-block-getwid-section__inner-wrapper\" style=\"max-width:740px\"><div class=\"wp-block-getwid-section__background-holder\"><div class=\"wp-block-getwid-section__background\"><\/div><div class=\"wp-block-getwid-section__foreground\"><\/div><\/div><div class=\"wp-block-getwid-section__content\"><div class=\"wp-block-getwid-section__inner-content\">\n<div class=\"wp-block-getwid-advanced-heading\" style=\"margin-bottom:0px;margin-top:0px\"><span class=\"wp-block-getwid-advanced-heading__content\" style=\"text-align:center\"><\/span><\/div>\n\n\n\n<div class=\"wp-block-getwid-advanced-heading\" style=\"margin-bottom:50px;margin-top:10px\"><h2 class=\"wp-block-getwid-advanced-heading__content\" style=\"text-align:center\"><\/h2><\/div>\n\n\n\n<p>Cada&nbsp;<strong>23 d\u2019abril<\/strong>&nbsp;celebrem la&nbsp;<strong>diada de Sant Jordi<\/strong>, una jornada dedicada a la literatura i els llibres de tota mena: els carrers s\u2019omplen de paradetes on es venen llibres i roses, creant un ambient \u00fanic de cultura i tradici\u00f3.<\/p>\n\n\n\n<p>\u00c9s una festa que promou la lectura i l\u2019intercanvi de llibres entre amics, familiars i parelles, convertint-se en&nbsp;<strong>una oportunitat per descobrir nous autors i celebrar la literatura com a eina de coneixement i expressi\u00f3<\/strong>.<\/p>\n\n\n\n<p>La Diada coincideix amb el&nbsp;<strong>Dia Mundial del Llibre<\/strong>, fet que refor\u00e7a el seu valor com una diada que uneix cultura i patrimoni. \u00c9s per aix\u00f2 que des del Grup de Treball de R\u00e0dio i Audiovisuals us presentem:<\/p>\n\n\n\n<ul class=\"wp-block-list\">\n<li>La proposta\u00a0\u00a0<strong>\u201cSant Jordi a les Ones\u201d<\/strong>, on es convida els centres a\u00a0<strong>enregistrar una recomanaci\u00f3 liter\u00e0ria<\/strong>\u00a0<strong>en format sonor.\u00a0<a href=\"https:\/\/docs.google.com\/forms\/d\/e\/1FAIpQLSeW-sG-MGl-x3xusMuU9WpDcgkPj-ycgRC7f6_c0CYglwZKrA\/viewform?usp=sharing\" target=\"_blank\" rel=\"noreferrer noopener\">INSCRIPCI\u00d3<\/a><\/strong><\/li>\n\n\n\n<li>La proposta\u00a0 \u201c<strong>Fem de Booktubers\u201d,\u00a0<\/strong>on es convida els centres a<strong>\u00a0enregistrar una recomanaci\u00f3 liter\u00e0ria en format audiovisual.\u00a0<a href=\"https:\/\/docs.google.com\/forms\/d\/e\/1FAIpQLSeFZu1QYqK6T1LAQoK1gFqlQiFvUtkeSTweDIGAuH7Nq50Gwg\/viewform?usp=sharing\" target=\"_blank\" rel=\"noreferrer noopener\">INSCRIPCI\u00d3 i ENTREGA.<\/a><\/strong><\/li>\n<\/ul>\n\n\n\n<p>Les recomanacions en format sonor ens poden&nbsp;<strong>despertar la curiositat, l\u2019inter\u00e8s, les ganes de llegir un llibre<\/strong>. Per aix\u00f2 \u00e9s necessari que quan ens enregistrem donem la informaci\u00f3 necess\u00e0ria perqu\u00e8 l\u2019oient decideixi si li interessa i pugui buscar el llibre.<\/p>\n\n\n\n<p>Ben aviat podreu sentir les recomanacions al&nbsp;<a href=\"https:\/\/serveiseducatius.xtec.cat\/badalona\/repositori-de-canal-de-reporters\/\" target=\"_blank\" rel=\"noreferrer noopener\">REPOSITORI d\u2019arxius sonors.<\/a><\/p>\n\n\n\n<figure class=\"wp-block-table\"><table><tbody><tr><td><img loading=\"lazy\" decoding=\"async\" src=\"https:\/\/serveiseducatius.xtec.cat\/baixllobregat1\/wp-content\/uploads\/usu767\/2025\/02\/SANT-JORDI-A-LES-ONES-2025-IMATGE-300x75.png\" srcset=\"https:\/\/serveiseducatius.xtec.cat\/baixllobregat1\/wp-content\/uploads\/usu767\/2025\/02\/SANT-JORDI-A-LES-ONES-2025-IMATGE-300x75.png 300w, https:\/\/serveiseducatius.xtec.cat\/baixllobregat1\/wp-content\/uploads\/usu767\/2025\/02\/SANT-JORDI-A-LES-ONES-2025-IMATGE-768x192.png 768w, https:\/\/serveiseducatius.xtec.cat\/baixllobregat1\/wp-content\/uploads\/usu767\/2025\/02\/SANT-JORDI-A-LES-ONES-2025-IMATGE.png 800w\" alt=\"\" width=\"436\" height=\"109\"><\/td><td><img loading=\"lazy\" decoding=\"async\" src=\"https:\/\/serveiseducatius.xtec.cat\/baixllobregat1\/wp-content\/uploads\/usu767\/2025\/02\/FEM-DE-BOOKTUBERS-2025-IMATGE-300x75.png\" srcset=\"https:\/\/serveiseducatius.xtec.cat\/baixllobregat1\/wp-content\/uploads\/usu767\/2025\/02\/FEM-DE-BOOKTUBERS-2025-IMATGE-300x75.png 300w, https:\/\/serveiseducatius.xtec.cat\/baixllobregat1\/wp-content\/uploads\/usu767\/2025\/02\/FEM-DE-BOOKTUBERS-2025-IMATGE-768x192.png 768w, https:\/\/serveiseducatius.xtec.cat\/baixllobregat1\/wp-content\/uploads\/usu767\/2025\/02\/FEM-DE-BOOKTUBERS-2025-IMATGE.png 800w\" alt=\"\" width=\"416\" height=\"104\"><\/td><\/tr><tr><td><strong>\u201cSant Jordi a les ones\u201d<\/strong>Elaborem una recomanaci\u00f3 liter\u00e0ria en format sonor per a la Diada de Sant Jordi.<a href=\"https:\/\/drive.google.com\/file\/d\/1AXLLGI7PPO3Y0zBdSHHWs77xHzUhI5o5\/view?usp=sharing\"><strong>Documentaci\u00f3&nbsp;<\/strong><\/a><a href=\"https:\/\/drive.google.com\/drive\/folders\/13ZvHA6J302XCq14Bw2IG08zzWwv6nwbo?usp=sharing\" target=\"_blank\" rel=\"noreferrer noopener\"><strong>Autoritza<\/strong><strong>cions<\/strong><\/a><a href=\"https:\/\/drive.google.com\/file\/d\/1ugjzF2u-oIk6ZpXrrisXJcNWPxwwHQ2d\/view?usp=drive_link\"><strong>Recomanaci\u00f3 prim\u00e0ria<\/strong><\/a><a href=\"https:\/\/drive.google.com\/file\/d\/18mgoi2f46znYivh_zr4fQbN1AbqZThY4\/view?usp=drive_link\"><strong>Recomanaci\u00f3 secund\u00e0ria<\/strong><\/a><a href=\"https:\/\/docs.google.com\/forms\/d\/e\/1FAIpQLSeW-sG-MGl-x3xusMuU9WpDcgkPj-ycgRC7f6_c0CYglwZKrA\/viewform?usp=sharing\" target=\"_blank\" rel=\"noreferrer noopener\"><strong>Inscripci\u00f3<\/strong><\/a><strong>Entrega dels arxius a trav\u00e9s del correu del CRP<\/strong>&nbsp;<\/td><td><strong>Fem de Booktubers<\/strong>Enregistrar una recomanaci\u00f3 liter\u00e0ria en format audiovisual.<a href=\"https:\/\/drive.google.com\/file\/d\/1gOkRPassF4dBNijYNTfkNanTRI9owTBn\/view?usp=drive_link\"><strong>Documentaci\u00f3&nbsp;<\/strong><\/a><a href=\"https:\/\/drive.google.com\/drive\/folders\/13ZvHA6J302XCq14Bw2IG08zzWwv6nwbo?usp=sharing\" target=\"_blank\" rel=\"noreferrer noopener\"><strong>Autoritzacions<\/strong><\/a><strong><a href=\"https:\/\/docs.google.com\/forms\/d\/e\/1FAIpQLSeFZu1QYqK6T1LAQoK1gFqlQiFvUtkeSTweDIGAuH7Nq50Gwg\/viewform?usp=sharing\" target=\"_blank\" rel=\"noreferrer noopener\">Inscripci\u00f3 i entrega<\/a><\/strong><\/td><\/tr><tr><td><strong>Data d\u2019inici<\/strong><\/td><td>17 de mar\u00e7<\/td><\/tr><tr><td><strong>Data l\u00edmit de lliurament<\/strong><\/td><td>11 d\u2019abril<\/td><\/tr><tr><td><strong>Data d\u2019emissi\u00f3<\/strong><\/td><td>23 d\u2019abril<\/td><\/tr><\/tbody><\/table><\/figure>\n\n\n\n<div class=\"wp-block-getwid-advanced-spacer\" style=\"height:20px\" aria-hidden=\"true\"><\/div>\n<\/div><\/div><\/div><\/div><\/div>\n","protected":false},"excerpt":{"rendered":"<p>Les recomanacions en format sonor ens poden\u00a0despertar la curiositat, l\u2019inter\u00e8s, les ganes de llegir un llibre. Per aix\u00f2 \u00e9s necessari que quan ens enregistrem donem la informaci\u00f3 necess\u00e0ria perqu\u00e8 l\u2019oient decideixi si li interessa i pugui buscar el llibre.<\/p>\n","protected":false},"author":214,"featured_media":22433,"comment_status":"closed","ping_status":"open","sticky":false,"template":"","format":"standard","meta":{"_bbp_topic_count":0,"_bbp_reply_count":0,"_bbp_total_topic_count":0,"_bbp_total_reply_count":0,"_bbp_voice_count":0,"_bbp_anonymous_reply_count":0,"_bbp_topic_count_hidden":0,"_bbp_reply_count_hidden":0,"_bbp_forum_subforum_count":0,"site-sidebar-layout":"default","site-content-layout":"","ast-site-content-layout":"","site-content-style":"default","site-sidebar-style":"default","ast-global-header-display":"","ast-banner-title-visibility":"","ast-main-header-display":"","ast-hfb-above-header-display":"","ast-hfb-below-header-display":"","ast-hfb-mobile-header-display":"","site-post-title":"","ast-breadcrumbs-content":"","ast-featured-img":"","footer-sml-layout":"","theme-transparent-header-meta":"","adv-header-id-meta":"","stick-header-meta":"","header-above-stick-meta":"","header-main-stick-meta":"","header-below-stick-meta":"","astra-migrate-meta-layouts":"default","ast-page-background-enabled":"default","ast-page-background-meta":{"desktop":{"background-color":"var(--ast-global-color-4)","background-image":"","background-repeat":"repeat","background-position":"center center","background-size":"auto","background-attachment":"scroll","background-type":"","background-media":"","overlay-type":"","overlay-color":"","overlay-opacity":"","overlay-gradient":""},"tablet":{"background-color":"","background-image":"","background-repeat":"repeat","background-position":"center center","background-size":"auto","background-attachment":"scroll","background-type":"","background-media":"","overlay-type":"","overlay-color":"","overlay-opacity":"","overlay-gradient":""},"mobile":{"background-color":"","background-image":"","background-repeat":"repeat","background-position":"center center","background-size":"auto","background-attachment":"scroll","background-type":"","background-media":"","overlay-type":"","overlay-color":"","overlay-opacity":"","overlay-gradient":""}},"ast-content-background-meta":{"desktop":{"background-color":"var(--ast-global-color-5)","background-image":"","background-repeat":"repeat","background-position":"center center","background-size":"auto","background-attachment":"scroll","background-type":"","background-media":"","overlay-type":"","overlay-color":"","overlay-opacity":"","overlay-gradient":""},"tablet":{"background-color":"var(--ast-global-color-5)","background-image":"","background-repeat":"repeat","background-position":"center center","background-size":"auto","background-attachment":"scroll","background-type":"","background-media":"","overlay-type":"","overlay-color":"","overlay-opacity":"","overlay-gradient":""},"mobile":{"background-color":"var(--ast-global-color-5)","background-image":"","background-repeat":"repeat","background-position":"center center","background-size":"auto","background-attachment":"scroll","background-type":"","background-media":"","overlay-type":"","overlay-color":"","overlay-opacity":"","overlay-gradient":""}},"footnotes":""},"categories":[65,1,29],"tags":[37,933],"class_list":["post-22432","post","type-post","status-publish","format-standard","has-post-thumbnail","hentry","category-crp","category-general","category-portada","tag-audiovisuals","tag-educacio-audiovisual"],"post_mailing_queue_ids":[],"_links":{"self":[{"href":"https:\/\/serveiseducatius.xtec.cat\/hospitalet\/wp-json\/wp\/v2\/posts\/22432","targetHints":{"allow":["GET"]}}],"collection":[{"href":"https:\/\/serveiseducatius.xtec.cat\/hospitalet\/wp-json\/wp\/v2\/posts"}],"about":[{"href":"https:\/\/serveiseducatius.xtec.cat\/hospitalet\/wp-json\/wp\/v2\/types\/post"}],"author":[{"embeddable":true,"href":"https:\/\/serveiseducatius.xtec.cat\/hospitalet\/wp-json\/wp\/v2\/users\/214"}],"replies":[{"embeddable":true,"href":"https:\/\/serveiseducatius.xtec.cat\/hospitalet\/wp-json\/wp\/v2\/comments?post=22432"}],"version-history":[{"count":1,"href":"https:\/\/serveiseducatius.xtec.cat\/hospitalet\/wp-json\/wp\/v2\/posts\/22432\/revisions"}],"predecessor-version":[{"id":22434,"href":"https:\/\/serveiseducatius.xtec.cat\/hospitalet\/wp-json\/wp\/v2\/posts\/22432\/revisions\/22434"}],"wp:featuredmedia":[{"embeddable":true,"href":"https:\/\/serveiseducatius.xtec.cat\/hospitalet\/wp-json\/wp\/v2\/media\/22433"}],"wp:attachment":[{"href":"https:\/\/serveiseducatius.xtec.cat\/hospitalet\/wp-json\/wp\/v2\/media?parent=22432"}],"wp:term":[{"taxonomy":"category","embeddable":true,"href":"https:\/\/serveiseducatius.xtec.cat\/hospitalet\/wp-json\/wp\/v2\/categories?post=22432"},{"taxonomy":"post_tag","embeddable":true,"href":"https:\/\/serveiseducatius.xtec.cat\/hospitalet\/wp-json\/wp\/v2\/tags?post=22432"}],"curies":[{"name":"wp","href":"https:\/\/api.w.org\/{rel}","templated":true}]}}