{"id":22373,"date":"2025-03-10T12:45:16","date_gmt":"2025-03-10T11:45:16","guid":{"rendered":"https:\/\/serveiseducatius.xtec.cat\/hospitalet\/?p=22373"},"modified":"2025-07-07T09:46:30","modified_gmt":"2025-07-07T07:46:30","slug":"guia-per-a-lacompanyament-a-adolescents-i-joves-amb-discapacitat-en-la-formacio-postobligatoria-i-la-transicio-a-la-vida-adulta","status":"publish","type":"post","link":"https:\/\/serveiseducatius.xtec.cat\/hospitalet\/general\/guia-per-a-lacompanyament-a-adolescents-i-joves-amb-discapacitat-en-la-formacio-postobligatoria-i-la-transicio-a-la-vida-adulta\/","title":{"rendered":"Guia per a l&#8217;acompanyament a adolescents i joves amb discapacitat en la formaci\u00f3 postobligat\u00f2ria i la transici\u00f3 a la vida adulta"},"content":{"rendered":"\n<div class=\"wp-block-getwid-section alignfull alignfull getwid-section-content-custom-width\"><div class=\"wp-block-getwid-section__wrapper getwid-padding-left-medium getwid-padding-right-medium\"><div class=\"wp-block-getwid-section__inner-wrapper\" style=\"max-width:740px\"><div class=\"wp-block-getwid-section__background-holder\"><div class=\"wp-block-getwid-section__background\"><\/div><div class=\"wp-block-getwid-section__foreground\"><\/div><\/div><div class=\"wp-block-getwid-section__content\"><div class=\"wp-block-getwid-section__inner-content\">\n<div class=\"wp-block-getwid-advanced-heading\" style=\"margin-bottom:0px;margin-top:0px\"><span class=\"wp-block-getwid-advanced-heading__content\" style=\"text-align:center\"><\/span><\/div>\n\n\n\n<div class=\"wp-block-getwid-advanced-heading\" style=\"margin-bottom:50px;margin-top:10px\"><h2 class=\"wp-block-getwid-advanced-heading__content\" style=\"text-align:center\"><\/h2><\/div>\n\n\n\n<figure class=\"wp-block-image alignleft size-full\"><a href=\"https:\/\/serveiseducatius.xtec.cat\/hospitalet\/wp-content\/uploads\/usu542\/2025\/03\/Captura-de-pantalla-2025-03-10-124410.png\"><img loading=\"lazy\" decoding=\"async\" width=\"322\" height=\"244\" src=\"https:\/\/serveiseducatius.xtec.cat\/hospitalet\/wp-content\/uploads\/usu542\/2025\/03\/Captura-de-pantalla-2025-03-10-124410.png\" alt=\"\" class=\"wp-image-22374\" srcset=\"https:\/\/serveiseducatius.xtec.cat\/hospitalet\/wp-content\/uploads\/usu542\/2025\/03\/Captura-de-pantalla-2025-03-10-124410.png 322w, https:\/\/serveiseducatius.xtec.cat\/hospitalet\/wp-content\/uploads\/usu542\/2025\/03\/Captura-de-pantalla-2025-03-10-124410-300x227.png 300w\" sizes=\"auto, (max-width: 322px) 100vw, 322px\" \/><\/a><\/figure>\n\n\n\n<p>Aquesta guia pret\u00e9n ser un cat\u00e0leg de l&#8217;oferta actual de les opcions de formaci\u00f3 i transici\u00f3 a la vida adulta del Departament d&#8217;Educaci\u00f3 i Formaci\u00f3 Professional, el Departament d&#8217;Empresa i Treball, el Departament de Drets Socials i Inclusi\u00f3, i el Departament de Recerca i Universitats.<\/p>\n\n\n\n<p>\u00c9s una eina per acompanyar les persones amb discapacitat i les seves fam\u00edlies en l&#8217;elecci\u00f3 d&#8217;un itinerari i en la cerca de recursos, aix\u00ed com per proporcionar un directori de recursos exhaustiu als orientadors i les orientadores.<\/p>\n\n\n\n<p>Es presenta la informaci\u00f3 agrupada en itineraris formatius, laborals i d&#8217;atenci\u00f3 di\u00fcrna. En cada un dels itineraris o serveis hi trobareu enlla\u00e7os als llocs web de refer\u00e8ncia dels diversos departaments, de forma que permetin trobar informaci\u00f3 actualitzada.<\/p>\n\n\n\n<ul class=\"wp-block-list\">\n<li><img decoding=\"async\" src=\"https:\/\/educacio.gencat.cat\/web\/resources\/fwkResponsive\/fpca_article\/img\/icona-24-dark-chevron-right-thin-b.svg\" alt=\"\"><a href=\"https:\/\/educacio.gencat.cat\/web\/.content\/home\/departament\/publicacions\/colleccions\/inclusio\/acompanyament-adolescents-joves-discapacitat\/acompanyament-adolescents-joves-discapacitat.pdf\">Guia per a l\u2019acompanyament a adolescents i joves amb discapacitat en la formaci\u00f3 postobligat\u00f2ria i la transici\u00f3 a la vida adulta\u00a0(Tipus de fitxer pdf)(Pes del fitxer)[20 Bytes]<\/a><\/li>\n\n\n\n<li><img decoding=\"async\" src=\"https:\/\/educacio.gencat.cat\/web\/resources\/fwkResponsive\/fpca_article\/img\/icona-24-dark-chevron-right-thin-b.svg\" alt=\"\"><a href=\"https:\/\/educacio.gencat.cat\/web\/.content\/home\/departament\/publicacions\/colleccions\/inclusio\/acompanyament-adolescents-joves-discapacitat\/infografia-acompanyament-discapacitat.pdf\" target=\"_blank\" rel=\"noreferrer noopener\">Infografia: resum de la Guia\u00a0(Tipus de fitxer pdf)(Pes del fitxer)[20 Bytes]<\/a><\/li>\n<\/ul>\n\n\n\n<div class=\"wp-block-getwid-advanced-spacer\" style=\"height:20px\" aria-hidden=\"true\"><\/div>\n\n\n\n<div class=\"wp-block-button aligncenter\"><a class=\"wp-block-button__link has-text-color has-background wp-element-button\" href=\"https:\/\/educacio.gencat.cat\/ca\/departament\/publicacions\/colleccions\/inclusio\/acompanyament-adolescents-joves-discapacitat\/\" style=\"color:#ffffff;background-color:#000000\">M\u00e9s informaci\u00f3<\/a><\/div>\n<\/div><\/div><\/div><\/div><\/div>\n","protected":false},"excerpt":{"rendered":"<p>Aquesta guia pret\u00e9n ser un cat\u00e0leg de l&#8217;oferta actual de les opcions de formaci\u00f3 i transici\u00f3 a la vida adulta del Departament d&#8217;Educaci\u00f3 i Formaci\u00f3 Professional, el Departament d&#8217;Empresa i Treball, el Departament de Drets Socials i Inclusi\u00f3, i el Departament de Recerca i Universitats.<\/p>\n","protected":false},"author":214,"featured_media":22374,"comment_status":"closed","ping_status":"open","sticky":false,"template":"","format":"standard","meta":{"_bbp_topic_count":0,"_bbp_reply_count":0,"_bbp_total_topic_count":0,"_bbp_total_reply_count":0,"_bbp_voice_count":0,"_bbp_anonymous_reply_count":0,"_bbp_topic_count_hidden":0,"_bbp_reply_count_hidden":0,"_bbp_forum_subforum_count":0,"site-sidebar-layout":"default","site-content-layout":"","ast-site-content-layout":"","site-content-style":"default","site-sidebar-style":"default","ast-global-header-display":"","ast-banner-title-visibility":"","ast-main-header-display":"","ast-hfb-above-header-display":"","ast-hfb-below-header-display":"","ast-hfb-mobile-header-display":"","site-post-title":"","ast-breadcrumbs-content":"","ast-featured-img":"","footer-sml-layout":"","theme-transparent-header-meta":"","adv-header-id-meta":"","stick-header-meta":"","header-above-stick-meta":"","header-main-stick-meta":"","header-below-stick-meta":"","astra-migrate-meta-layouts":"default","ast-page-background-enabled":"default","ast-page-background-meta":{"desktop":{"background-color":"var(--ast-global-color-4)","background-image":"","background-repeat":"repeat","background-position":"center center","background-size":"auto","background-attachment":"scroll","background-type":"","background-media":"","overlay-type":"","overlay-color":"","overlay-opacity":"","overlay-gradient":""},"tablet":{"background-color":"","background-image":"","background-repeat":"repeat","background-position":"center center","background-size":"auto","background-attachment":"scroll","background-type":"","background-media":"","overlay-type":"","overlay-color":"","overlay-opacity":"","overlay-gradient":""},"mobile":{"background-color":"","background-image":"","background-repeat":"repeat","background-position":"center center","background-size":"auto","background-attachment":"scroll","background-type":"","background-media":"","overlay-type":"","overlay-color":"","overlay-opacity":"","overlay-gradient":""}},"ast-content-background-meta":{"desktop":{"background-color":"var(--ast-global-color-5)","background-image":"","background-repeat":"repeat","background-position":"center center","background-size":"auto","background-attachment":"scroll","background-type":"","background-media":"","overlay-type":"","overlay-color":"","overlay-opacity":"","overlay-gradient":""},"tablet":{"background-color":"var(--ast-global-color-5)","background-image":"","background-repeat":"repeat","background-position":"center center","background-size":"auto","background-attachment":"scroll","background-type":"","background-media":"","overlay-type":"","overlay-color":"","overlay-opacity":"","overlay-gradient":""},"mobile":{"background-color":"var(--ast-global-color-5)","background-image":"","background-repeat":"repeat","background-position":"center center","background-size":"auto","background-attachment":"scroll","background-type":"","background-media":"","overlay-type":"","overlay-color":"","overlay-opacity":"","overlay-gradient":""}},"footnotes":""},"categories":[65,1,977,29],"tags":[88,303,937,226],"class_list":["post-22373","post","type-post","status-publish","format-standard","has-post-thumbnail","hentry","category-crp","category-general","category-inclusio","category-portada","tag-discapacitat","tag-diversitat","tag-ensenyaments-superiors","tag-formacio"],"post_mailing_queue_ids":[],"_links":{"self":[{"href":"https:\/\/serveiseducatius.xtec.cat\/hospitalet\/wp-json\/wp\/v2\/posts\/22373","targetHints":{"allow":["GET"]}}],"collection":[{"href":"https:\/\/serveiseducatius.xtec.cat\/hospitalet\/wp-json\/wp\/v2\/posts"}],"about":[{"href":"https:\/\/serveiseducatius.xtec.cat\/hospitalet\/wp-json\/wp\/v2\/types\/post"}],"author":[{"embeddable":true,"href":"https:\/\/serveiseducatius.xtec.cat\/hospitalet\/wp-json\/wp\/v2\/users\/214"}],"replies":[{"embeddable":true,"href":"https:\/\/serveiseducatius.xtec.cat\/hospitalet\/wp-json\/wp\/v2\/comments?post=22373"}],"version-history":[{"count":2,"href":"https:\/\/serveiseducatius.xtec.cat\/hospitalet\/wp-json\/wp\/v2\/posts\/22373\/revisions"}],"predecessor-version":[{"id":22376,"href":"https:\/\/serveiseducatius.xtec.cat\/hospitalet\/wp-json\/wp\/v2\/posts\/22373\/revisions\/22376"}],"wp:featuredmedia":[{"embeddable":true,"href":"https:\/\/serveiseducatius.xtec.cat\/hospitalet\/wp-json\/wp\/v2\/media\/22374"}],"wp:attachment":[{"href":"https:\/\/serveiseducatius.xtec.cat\/hospitalet\/wp-json\/wp\/v2\/media?parent=22373"}],"wp:term":[{"taxonomy":"category","embeddable":true,"href":"https:\/\/serveiseducatius.xtec.cat\/hospitalet\/wp-json\/wp\/v2\/categories?post=22373"},{"taxonomy":"post_tag","embeddable":true,"href":"https:\/\/serveiseducatius.xtec.cat\/hospitalet\/wp-json\/wp\/v2\/tags?post=22373"}],"curies":[{"name":"wp","href":"https:\/\/api.w.org\/{rel}","templated":true}]}}