{"id":22254,"date":"2025-01-24T11:07:49","date_gmt":"2025-01-24T10:07:49","guid":{"rendered":"https:\/\/serveiseducatius.xtec.cat\/hospitalet\/?p=22254"},"modified":"2025-01-30T08:38:02","modified_gmt":"2025-01-30T07:38:02","slug":"participa-com-a-aplicador-a-o-corrector-a-a-les-pau-2025","status":"publish","type":"post","link":"https:\/\/serveiseducatius.xtec.cat\/hospitalet\/portada\/participa-com-a-aplicador-a-o-corrector-a-a-les-pau-2025\/","title":{"rendered":"Participa com a aplicador\/a o corrector\/a a les PAU 2025"},"content":{"rendered":"\n<div class=\"wp-block-getwid-section alignfull alignfull getwid-section-content-custom-width\"><div class=\"wp-block-getwid-section__wrapper getwid-padding-left-medium getwid-padding-right-medium\"><div class=\"wp-block-getwid-section__inner-wrapper\" style=\"max-width:740px\"><div class=\"wp-block-getwid-section__background-holder\"><div class=\"wp-block-getwid-section__background\"><\/div><div class=\"wp-block-getwid-section__foreground\"><\/div><\/div><div class=\"wp-block-getwid-section__content\"><div class=\"wp-block-getwid-section__inner-content\">\n<div class=\"wp-block-getwid-advanced-heading\" style=\"margin-bottom:0px;margin-top:0px\"><span class=\"wp-block-getwid-advanced-heading__content\" style=\"text-align:center\"><\/span><\/div>\n\n\n\n<div class=\"wp-block-getwid-advanced-heading\" style=\"margin-bottom:50px;margin-top:10px\"><h2 class=\"wp-block-getwid-advanced-heading__content\" style=\"text-align:center\"><\/h2><\/div>\n\n\n\n<figure class=\"wp-block-image alignleft size-full\"><a href=\"https:\/\/serveiseducatius.xtec.cat\/hospitalet\/wp-content\/uploads\/usu542\/2025\/01\/calendari_300x225px.jpg_1658547991.jpg\"><img loading=\"lazy\" decoding=\"async\" width=\"300\" height=\"225\" src=\"https:\/\/serveiseducatius.xtec.cat\/hospitalet\/wp-content\/uploads\/usu542\/2025\/01\/calendari_300x225px.jpg_1658547991.jpg\" alt=\"\" class=\"wp-image-22255\" srcset=\"https:\/\/serveiseducatius.xtec.cat\/hospitalet\/wp-content\/uploads\/usu542\/2025\/01\/calendari_300x225px.jpg_1658547991.jpg 300w, https:\/\/serveiseducatius.xtec.cat\/hospitalet\/wp-content\/uploads\/usu542\/2025\/01\/calendari_300x225px.jpg_1658547991-200x150.jpg 200w\" sizes=\"auto, (max-width: 300px) 100vw, 300px\" \/><\/a><\/figure>\n\n\n\n<p>El professorat interessat a participar en les Proves d\u2019Acc\u00e9s a la Universitat (PAU) o en les Proves d\u2019Aptitud Personal (PAP) ja pot inscriure\u2019s com a aplicador\/a o corrector\/a. Aquesta \u00e9s una oportunitat per col\u00b7laborar en un proc\u00e9s clau per als estudiants que finalitzen el batxillerat i aspiren a accedir a la universitat.<\/p>\n\n\n\n<p>La inscripci\u00f3 est\u00e0 oberta per al professorat en actiu dels centres educatius. Les tasques a realitzar poden incloure la vigil\u00e0ncia de les proves (aplicador\/a) o la correcci\u00f3 dels ex\u00e0mens (corrector\/a), segons el perfil escollit.<\/p>\n\n\n\n<p><strong>Passos per inscriure\u2019s:<\/strong><\/p>\n\n\n\n<ol class=\"wp-block-list\">\n<li>Accediu al portal oficial de les PAU del Departament d\u2019Universitats: <a href=\"https:\/\/universitats.gencat.cat\/ca\/proves-acces-PAU-PAP\/professorat-vol-participar-PAU\/\">enlla\u00e7 al portal<\/a>.<\/li>\n\n\n\n<li>Consulteu els requisits i criteris per formar part de l\u2019equip de correctors\/es o aplicadors\/es.<\/li>\n\n\n\n<li>Ompliu el formulari de sol\u00b7licitud dins el termini establert.<\/li>\n<\/ol>\n\n\n\n<p><strong>Beneficis de participar:<\/strong><\/p>\n\n\n\n<ul class=\"wp-block-list\">\n<li>Formar part d\u2019un proc\u00e9s educatiu d\u2019alta rellev\u00e0ncia.<\/li>\n\n\n\n<li>Con\u00e8ixer de prop el funcionament de les proves.<\/li>\n\n\n\n<li>Rebre una compensaci\u00f3 econ\u00f2mica per la col\u00b7laboraci\u00f3.<\/li>\n<\/ul>\n\n\n\n<p>El per\u00edode d\u2019inscripci\u00f3 \u00e9s limitat, aix\u00ed que no deixeu passar aquesta oportunitat. Per a m\u00e9s informaci\u00f3, podeu contactar amb el vostre CRP o consultar la p\u00e0gina oficial.<\/p>\n\n\n\n<div class=\"wp-block-getwid-advanced-spacer\" style=\"height:20px\" aria-hidden=\"true\"><\/div>\n\n\n\n<div class=\"wp-block-button aligncenter\"><a class=\"wp-block-button__link has-text-color has-background wp-element-button\" href=\"https:\/\/universitats.gencat.cat\/ca\/proves-acces-PAU-PAP\/professorat-vol-participar-PAU\/\" style=\"color:#ffffff;background-color:#000000\">M\u00e9s informaci\u00f3<\/a><\/div>\n<\/div><\/div><\/div><\/div><\/div>\n","protected":false},"excerpt":{"rendered":"<p>El professorat interessat a participar en les Proves d\u2019Acc\u00e9s a la Universitat (PAU) o en les Proves d\u2019Aptitud Personal (PAP) ja pot inscriure\u2019s com a aplicador\/a o corrector\/a. Aquesta \u00e9s una oportunitat per col\u00b7laborar en un proc\u00e9s clau per als estudiants que finalitzen el batxillerat i aspiren a accedir a la universitat.<\/p>\n","protected":false},"author":214,"featured_media":22255,"comment_status":"closed","ping_status":"open","sticky":false,"template":"","format":"standard","meta":{"_bbp_topic_count":0,"_bbp_reply_count":0,"_bbp_total_topic_count":0,"_bbp_total_reply_count":0,"_bbp_voice_count":0,"_bbp_anonymous_reply_count":0,"_bbp_topic_count_hidden":0,"_bbp_reply_count_hidden":0,"_bbp_forum_subforum_count":0,"site-sidebar-layout":"default","site-content-layout":"","ast-site-content-layout":"","site-content-style":"default","site-sidebar-style":"default","ast-global-header-display":"","ast-banner-title-visibility":"","ast-main-header-display":"","ast-hfb-above-header-display":"","ast-hfb-below-header-display":"","ast-hfb-mobile-header-display":"","site-post-title":"","ast-breadcrumbs-content":"","ast-featured-img":"","footer-sml-layout":"","theme-transparent-header-meta":"","adv-header-id-meta":"","stick-header-meta":"","header-above-stick-meta":"","header-main-stick-meta":"","header-below-stick-meta":"","astra-migrate-meta-layouts":"default","ast-page-background-enabled":"default","ast-page-background-meta":{"desktop":{"background-color":"var(--ast-global-color-4)","background-image":"","background-repeat":"repeat","background-position":"center center","background-size":"auto","background-attachment":"scroll","background-type":"","background-media":"","overlay-type":"","overlay-color":"","overlay-opacity":"","overlay-gradient":""},"tablet":{"background-color":"","background-image":"","background-repeat":"repeat","background-position":"center center","background-size":"auto","background-attachment":"scroll","background-type":"","background-media":"","overlay-type":"","overlay-color":"","overlay-opacity":"","overlay-gradient":""},"mobile":{"background-color":"","background-image":"","background-repeat":"repeat","background-position":"center center","background-size":"auto","background-attachment":"scroll","background-type":"","background-media":"","overlay-type":"","overlay-color":"","overlay-opacity":"","overlay-gradient":""}},"ast-content-background-meta":{"desktop":{"background-color":"var(--ast-global-color-5)","background-image":"","background-repeat":"repeat","background-position":"center center","background-size":"auto","background-attachment":"scroll","background-type":"","background-media":"","overlay-type":"","overlay-color":"","overlay-opacity":"","overlay-gradient":""},"tablet":{"background-color":"var(--ast-global-color-5)","background-image":"","background-repeat":"repeat","background-position":"center center","background-size":"auto","background-attachment":"scroll","background-type":"","background-media":"","overlay-type":"","overlay-color":"","overlay-opacity":"","overlay-gradient":""},"mobile":{"background-color":"var(--ast-global-color-5)","background-image":"","background-repeat":"repeat","background-position":"center center","background-size":"auto","background-attachment":"scroll","background-type":"","background-media":"","overlay-type":"","overlay-color":"","overlay-opacity":"","overlay-gradient":""}},"footnotes":""},"categories":[65,29,676],"tags":[1151],"class_list":["post-22254","post","type-post","status-publish","format-standard","has-post-thumbnail","hentry","category-crp","category-portada","category-publicacions-del-departament","tag-proves-pau"],"post_mailing_queue_ids":[],"_links":{"self":[{"href":"https:\/\/serveiseducatius.xtec.cat\/hospitalet\/wp-json\/wp\/v2\/posts\/22254","targetHints":{"allow":["GET"]}}],"collection":[{"href":"https:\/\/serveiseducatius.xtec.cat\/hospitalet\/wp-json\/wp\/v2\/posts"}],"about":[{"href":"https:\/\/serveiseducatius.xtec.cat\/hospitalet\/wp-json\/wp\/v2\/types\/post"}],"author":[{"embeddable":true,"href":"https:\/\/serveiseducatius.xtec.cat\/hospitalet\/wp-json\/wp\/v2\/users\/214"}],"replies":[{"embeddable":true,"href":"https:\/\/serveiseducatius.xtec.cat\/hospitalet\/wp-json\/wp\/v2\/comments?post=22254"}],"version-history":[{"count":2,"href":"https:\/\/serveiseducatius.xtec.cat\/hospitalet\/wp-json\/wp\/v2\/posts\/22254\/revisions"}],"predecessor-version":[{"id":22264,"href":"https:\/\/serveiseducatius.xtec.cat\/hospitalet\/wp-json\/wp\/v2\/posts\/22254\/revisions\/22264"}],"wp:featuredmedia":[{"embeddable":true,"href":"https:\/\/serveiseducatius.xtec.cat\/hospitalet\/wp-json\/wp\/v2\/media\/22255"}],"wp:attachment":[{"href":"https:\/\/serveiseducatius.xtec.cat\/hospitalet\/wp-json\/wp\/v2\/media?parent=22254"}],"wp:term":[{"taxonomy":"category","embeddable":true,"href":"https:\/\/serveiseducatius.xtec.cat\/hospitalet\/wp-json\/wp\/v2\/categories?post=22254"},{"taxonomy":"post_tag","embeddable":true,"href":"https:\/\/serveiseducatius.xtec.cat\/hospitalet\/wp-json\/wp\/v2\/tags?post=22254"}],"curies":[{"name":"wp","href":"https:\/\/api.w.org\/{rel}","templated":true}]}}